{"id":5361,"date":"2023-12-27T23:41:51","date_gmt":"2023-12-27T23:41:51","guid":{"rendered":"https:\/\/syri.tv\/?p=5361"},"modified":"2023-12-28T00:13:00","modified_gmt":"2023-12-28T00:13:00","slug":"ardita-sinani-ka-falemnderuar-qeverine-e-kosoves-per-vendimet-qe-sot-i-ka-aprovuar-per-qytetaret-e-presheves-medvegjes-dhe-bujanocit","status":"publish","type":"post","link":"https:\/\/syri.tv\/?p=5361","title":{"rendered":"Ardita Sinani\u00a0ka falenderuar Qeverin\u00eb e Kosov\u00ebs p\u00ebr vendimet q\u00eb sot i ka aprovuar p\u00ebr qytetar\u00ebt e Preshev\u00ebs, Medvegj\u00ebs dhe Bujanocit"},"content":{"rendered":"<div dir=\"auto\"><\/div>\n<div dir=\"auto\">Postim i plot\u00eb!<\/div>\n<div dir=\"auto\">Me krenari dhe motiv, duam t\u00eb shprehim nj\u00eb fal\u00ebnderim t\u00eb ngroht\u00eb p\u00ebr Qeverin\u00eb e Republik\u00ebs s\u00eb Kosov\u00ebs p\u00ebr vendimet e mrekullueshme t\u00eb marra n\u00eb mbledhjen e tyre t\u00eb 180-t\u00eb. K\u00ebto hapa t\u00eb r\u00ebnd\u00ebsish\u00ebm jan\u00eb nj\u00eb frym\u00ebzim dhe nj\u00eb motiv shtes\u00eb p\u00ebr shqiptar\u00ebt e Preshev\u00ebs, Bujanocit dhe Medvegj\u00ebs<\/div>\n<div dir=\"auto\">Miratimi i Projektligjit p\u00ebr Shtet\u00ebsin\u00eb e Kosov\u00ebs \u00ebsht\u00eb nj\u00eb hap i r\u00ebnd\u00ebsish\u00ebm drejt leht\u00ebsimit t\u00eb procesit t\u00eb fitimit t\u00eb shtet\u00ebsis\u00eb p\u00ebr banor\u00ebt e Lugin\u00ebs s\u00eb Preshev\u00ebs.<\/div>\n<div dir=\"auto\">Projekt-udh\u00ebzimi administrativ p\u00ebr licencimin e profesionist\u00ebve t\u00eb sh\u00ebndet\u00ebsis\u00eb nga ky rajon dhe mb\u00ebshtetja p\u00ebr specializant\u00ebt me vet\u00ebfinancim jan\u00eb gjestet q\u00eb nxisin zhvillimin e profesionist\u00ebve lokal\u00eb n\u00eb fush\u00ebn e sh\u00ebndet\u00ebsis\u00eb<\/div>\n<div dir=\"auto\">N\u00eb t\u00eb nj\u00ebjt\u00ebn koh\u00eb, Propozim-vendimi p\u00ebr shqyrtimin e m\u00ebtejm\u00eb t\u00eb k\u00ebrkes\u00ebs p\u00ebr shpron\u00ebsim shtes\u00eb p\u00ebr interes publik t\u00eb pronave t\u00eb paluajtshme t\u00eb cilat preken nga realizimi I Projektit: Nd\u00ebrtimi I Autostrad\u00ebs Prishtin\u00eb-Gjilan-Dheu i Bardh\u00eb, Segmenti Banull\u00eb-Bresalls tregon p\u00ebrkushtimin e vazhduesh\u00ebm t\u00eb Qeveris\u00eb s\u00eb Kosov\u00ebs<\/div>\n<div dir=\"auto\">K\u00ebto veprime tregojn\u00eb p\u00ebrkushtimin e vazhduesh\u00ebm dhe nj\u00eb vizion t\u00eb qart\u00eb p\u00ebr t\u00eb fuqizuar dhe zhvilluar Lugin\u00ebn e Preshev\u00ebs p\u00ebrmes strukturave t\u00eb qeveris\u00eb dhe institucioneve<\/div>\n<div dir=\"auto\">Faleminderit Kryeminist\u00ebr Albin Kurti<\/div>\n<div dir=\"auto\">Faleminderit Qeveria e Republik\u00ebs s\u00eb Kosov\u00ebs<\/div>\n","protected":false},"excerpt":{"rendered":"<p>Postim i plot\u00eb! Me krenari dhe motiv, duam t\u00eb shprehim nj\u00eb fal\u00ebnderim t\u00eb ngroht\u00eb p\u00ebr Qeverin\u00eb e Republik\u00ebs s\u00eb Kosov\u00ebs p\u00ebr vendimet e mrekullueshme t\u00eb marra n\u00eb mbledhjen e tyre t\u00eb 180-t\u00eb. K\u00ebto hapa t\u00eb r\u00ebnd\u00ebsish\u00ebm jan\u00eb nj\u00eb frym\u00ebzim dhe nj\u00eb motiv shtes\u00eb p\u00ebr shqiptar\u00ebt e Preshev\u00ebs, Bujanocit dhe Medvegj\u00ebs Miratimi i Projektligjit p\u00ebr Shtet\u00ebsin\u00eb [&hellip;]<\/p>\n","protected":false},"author":1,"featured_media":5362,"comment_status":"closed","ping_status":"closed","sticky":false,"template":"","format":"standard","meta":{"footnotes":""},"categories":[9],"tags":[],"class_list":{"0":"post-5361","1":"post","2":"type-post","3":"status-publish","4":"format-standard","5":"has-post-thumbnail","7":"category-vendi"},"_links":{"self":[{"href":"https:\/\/syri.tv\/index.php?rest_route=\/wp\/v2\/posts\/5361","targetHints":{"allow":["GET"]}}],"collection":[{"href":"https:\/\/syri.tv\/index.php?rest_route=\/wp\/v2\/posts"}],"about":[{"href":"https:\/\/syri.tv\/index.php?rest_route=\/wp\/v2\/types\/post"}],"author":[{"embeddable":true,"href":"https:\/\/syri.tv\/index.php?rest_route=\/wp\/v2\/users\/1"}],"replies":[{"embeddable":true,"href":"https:\/\/syri.tv\/index.php?rest_route=%2Fwp%2Fv2%2Fcomments&post=5361"}],"version-history":[{"count":2,"href":"https:\/\/syri.tv\/index.php?rest_route=\/wp\/v2\/posts\/5361\/revisions"}],"predecessor-version":[{"id":5367,"href":"https:\/\/syri.tv\/index.php?rest_route=\/wp\/v2\/posts\/5361\/revisions\/5367"}],"wp:featuredmedia":[{"embeddable":true,"href":"https:\/\/syri.tv\/index.php?rest_route=\/wp\/v2\/media\/5362"}],"wp:attachment":[{"href":"https:\/\/syri.tv\/index.php?rest_route=%2Fwp%2Fv2%2Fmedia&parent=5361"}],"wp:term":[{"taxonomy":"category","embeddable":true,"href":"https:\/\/syri.tv\/index.php?rest_route=%2Fwp%2Fv2%2Fcategories&post=5361"},{"taxonomy":"post_tag","embeddable":true,"href":"https:\/\/syri.tv\/index.php?rest_route=%2Fwp%2Fv2%2Ftags&post=5361"}],"curies":[{"name":"wp","href":"https:\/\/api.w.org\/{rel}","templated":true}]}}