{"id":5342,"date":"2023-12-24T12:28:11","date_gmt":"2023-12-24T12:28:11","guid":{"rendered":"https:\/\/syri.tv\/?p=5342"},"modified":"2023-12-24T12:28:11","modified_gmt":"2023-12-24T12:28:11","slug":"flet-besa-kokedhima-pasi-fitoi-festivalin-e-kenges-do-bej-maksimumin-ta-perfaqesoj-shqiptarine-denjesisht","status":"publish","type":"post","link":"https:\/\/syri.tv\/?p=5342","title":{"rendered":"Flet Besa Kok\u00ebdhima pasi fitoi Festivalin e K\u00ebng\u00ebs: \u201cDo b\u00ebj maksimumin ta p\u00ebrfaq\u00ebsoj Shqiptarin\u00eb denj\u00ebsisht\u201d"},"content":{"rendered":"<p>K\u00ebng\u00ebtarja Besa Kok\u00ebdhima, e cila do t\u00eb p\u00ebrfaq\u00ebsoj\u00eb Shqip\u00ebrin\u00eb n\u00eb Eurovision me k\u00ebng\u00ebn \u201cZemr\u00ebn n\u2019dor\u00eb\u201d, ka reaguar p\u00ebr her\u00eb t\u00eb par\u00eb pas triumfimit n\u00eb Festivalin e K\u00ebng\u00ebs.<\/p>\n<p>N\u00eb nj\u00eb regaim n\u00eb \u201cInstagram\u201d, k\u00ebng\u00ebtarja ka falenderuar t\u00eb gjith\u00eb ata q\u00eb e mb\u00ebshtet\u00ebn dhe votuan p\u00ebr t\u00eb, si edhe skuadr\u00ebn e saj muzikore.<\/p>\n<p>Besa shprehu mir\u00ebnjohjen e thell\u00eb p\u00ebr mb\u00ebshtetjen e pakrahasueshme q\u00eb mori nga fansat, duke i p\u00ebrmendur ata jo vet\u00ebm nga Shqip\u00ebria, por edhe nga Dardania.<\/p>\n<p>\u201cFaleminderit nga zemra \u00e7do Shqiptari q\u00eb m\u00eb ka votuar nga Shqip\u00ebria, Dardania, dhe mb\u00ebshtetur emocionalisht\/virtualisht nga kudo n\u00eb bot\u00eb, ma keni mbushur shpirtin plot me dashuri! Do b\u00ebj maksimumin s\u00eb bashku me skuadr\u00ebn muzikore Kledi Bahiti, Darko Dimitrov, Rozana Radi, RTSh, ta p\u00ebrfaq\u00ebsoj denj\u00ebsisht SHQIPTARIN\u00cb n\u00eb Eurosong\u201d, shkroi ajo.Kujtojm\u00eb se artistja u p\u00ebrzgjodh nga votat e publikut p\u00ebr t\u00eb p\u00ebrfaq\u00ebsuar Shqip\u00ebrin\u00eb n\u00eb edicionin e 68-t\u00eb t\u00eb Eurovizion, q\u00eb do t\u00eb mbahet n\u00eb Malmo t\u00eb Suedis\u00eb.<\/p>\n<p>Nd\u00ebrsa fituesi i Festivalit t\u00eb RTSH-s\u00eb, me votat e juris\u00eb, u shpall Mal Retkoceri me k\u00ebng\u00ebn \u201c\u00c7mendur\u201d.<\/p>\n<p>\u00c7mimi i dyt\u00eb i Festivalit shkoi p\u00ebr Tiri Gjoci me k\u00ebng\u00ebn \u201cN\u00eb \u00ebnd\u00ebrr\u201d, nd\u00ebrsa k\u00ebng\u00ebtari Shpat Deda u rendit n\u00eb vendin e tret\u00eb me k\u00ebng\u00ebn \u201cS\u2019mund t\u00eb fitoj pa ty\u201d.<\/p>\n","protected":false},"excerpt":{"rendered":"<p>K\u00ebng\u00ebtarja Besa Kok\u00ebdhima, e cila do t\u00eb p\u00ebrfaq\u00ebsoj\u00eb Shqip\u00ebrin\u00eb n\u00eb Eurovision me k\u00ebng\u00ebn \u201cZemr\u00ebn n\u2019dor\u00eb\u201d, ka reaguar p\u00ebr her\u00eb t\u00eb par\u00eb pas triumfimit n\u00eb Festivalin e K\u00ebng\u00ebs. N\u00eb nj\u00eb regaim n\u00eb \u201cInstagram\u201d, k\u00ebng\u00ebtarja ka falenderuar t\u00eb gjith\u00eb ata q\u00eb e mb\u00ebshtet\u00ebn dhe votuan p\u00ebr t\u00eb, si edhe skuadr\u00ebn e saj muzikore. Besa shprehu mir\u00ebnjohjen e [&hellip;]<\/p>\n","protected":false},"author":1,"featured_media":5343,"comment_status":"closed","ping_status":"closed","sticky":false,"template":"","format":"standard","meta":{"footnotes":""},"categories":[9],"tags":[],"class_list":{"0":"post-5342","1":"post","2":"type-post","3":"status-publish","4":"format-standard","5":"has-post-thumbnail","7":"category-vendi"},"_links":{"self":[{"href":"https:\/\/syri.tv\/index.php?rest_route=\/wp\/v2\/posts\/5342","targetHints":{"allow":["GET"]}}],"collection":[{"href":"https:\/\/syri.tv\/index.php?rest_route=\/wp\/v2\/posts"}],"about":[{"href":"https:\/\/syri.tv\/index.php?rest_route=\/wp\/v2\/types\/post"}],"author":[{"embeddable":true,"href":"https:\/\/syri.tv\/index.php?rest_route=\/wp\/v2\/users\/1"}],"replies":[{"embeddable":true,"href":"https:\/\/syri.tv\/index.php?rest_route=%2Fwp%2Fv2%2Fcomments&post=5342"}],"version-history":[{"count":1,"href":"https:\/\/syri.tv\/index.php?rest_route=\/wp\/v2\/posts\/5342\/revisions"}],"predecessor-version":[{"id":5344,"href":"https:\/\/syri.tv\/index.php?rest_route=\/wp\/v2\/posts\/5342\/revisions\/5344"}],"wp:featuredmedia":[{"embeddable":true,"href":"https:\/\/syri.tv\/index.php?rest_route=\/wp\/v2\/media\/5343"}],"wp:attachment":[{"href":"https:\/\/syri.tv\/index.php?rest_route=%2Fwp%2Fv2%2Fmedia&parent=5342"}],"wp:term":[{"taxonomy":"category","embeddable":true,"href":"https:\/\/syri.tv\/index.php?rest_route=%2Fwp%2Fv2%2Fcategories&post=5342"},{"taxonomy":"post_tag","embeddable":true,"href":"https:\/\/syri.tv\/index.php?rest_route=%2Fwp%2Fv2%2Ftags&post=5342"}],"curies":[{"name":"wp","href":"https:\/\/api.w.org\/{rel}","templated":true}]}}