{"id":5300,"date":"2023-12-16T18:25:12","date_gmt":"2023-12-16T18:25:12","guid":{"rendered":"https:\/\/syri.tv\/?p=5300"},"modified":"2023-12-16T18:25:12","modified_gmt":"2023-12-16T18:25:12","slug":"keshillit-koordinues-i-arsimtareve-ne-diaspore-mbajti-takimin-e-radhes","status":"publish","type":"post","link":"https:\/\/syri.tv\/?p=5300","title":{"rendered":"K\u00ebshillit Koordinues i Arsimtar\u00ebve n\u00eb Diaspor\u00eb mbajti takimin e radh\u00ebs."},"content":{"rendered":"<p>K\u00ebshilli Koordinues i Arsimtar\u00ebve n\u00eb Diaspor\u00eb mbajti takimin e radh\u00ebs, duke u ndalur n\u00eb pik\u00ebn kryesore rreth Samitit t\u00eb III t\u00eb Diaspor\u00ebs mbajtur m\u00eb 22-23 n\u00ebntor 2023 n\u00eb Tiran\u00eb dhe n\u00eb pun\u00ebn e suksesin e arritur p\u00ebrgjat\u00eb k\u00ebtyre tri viteve t\u00eb funksionimit t\u00eb KKAD \u2013 s\u00eb.<\/p>\n<p>Vaxhid Sejdiu- kryetari i KKAD-s\u00eb, n\u00eb m\u00ebnyr\u00eb p\u00ebrmbledh\u00ebse foli p\u00ebr sukseset dhe objektivat e KKAD-s\u00eb, duke theksuar p\u00ebrfshirjen e m\u00ebsuesve t\u00eb shkollave shqipe nga disa shtete t\u00eb bot\u00ebs, t\u00eb cil\u00ebt si nj\u00eb ekip profesionist\u00ebsh e kolegjial arrit\u00ebn suksessh\u00ebm n\u00eb p\u00ebrballje me sfida t\u00eb ndryshme, t\u00eb realizojn\u00eb disa objektiva t\u00eb mb\u00ebshtetur n\u00eb platform\u00ebn unifikuese t\u00eb mbar\u00eb Diaspor\u00ebs shqiptare dhe p\u00ebr sensibilizimin e m\u00ebsimit plot\u00ebsues t\u00eb gjuh\u00ebs shqipe. Ishin ata q\u00eb me p\u00ebrvoj\u00ebn e tyre profesionale adresuan te institucionet shqet\u00ebsimin e m\u00ebsimdh\u00ebn\u00ebsve t\u00eb diaspor\u00ebs dhe m\u00ebrgat\u00ebs shqiptare dhe i vun\u00eb si prioritet nj\u00eb mori problemesh q\u00eb shoq\u00ebrojn\u00eb m\u00ebsimin plot\u00ebsues t\u00eb gjuh\u00ebs shqipe, duke fal\u00ebnderuar dhe QBD-n\u00eb, e cila ishte adresa jon\u00eb kryesore, u zgjidhen disa nga k\u00ebrkesat tona, si dhe jan\u00eb n\u00eb list\u00ebn p\u00ebr t\u2019u zgjidhur dhe nj\u00eb mori k\u00ebrkesash t\u00eb tjera.<\/p>\n<p><img loading=\"lazy\" loading=\"lazy\" decoding=\"async\" class=\"alignnone size-full wp-image-5301\" src=\"https:\/\/syri.tv\/wp-content\/uploads\/2023\/12\/image.png\" alt=\"\" width=\"696\" height=\"394\" srcset=\"https:\/\/syri.tv\/wp-content\/uploads\/2023\/12\/image.png 696w, https:\/\/syri.tv\/wp-content\/uploads\/2023\/12\/image-300x170.png 300w\" sizes=\"auto, (max-width: 696px) 100vw, 696px\" \/><\/p>\n<p>Ne si KKAD, kemi d\u00ebshmuar me profesionaliz\u00ebm dhe ofrimin e projekteve, t\u00eb cilat jan\u00eb t\u00eb domosdoshme dhe t\u00eb realizueshme. Nevoja p\u00ebr tekste shkollore p\u00ebr f\u00ebmij\u00ebt e m\u00ebrgat\u00ebs shqiptare, e cila dhe u vu si projekt i\u00a0 KKAD-s\u00eb dhe sot kemi tekstin e nivelit t\u00eb I, me dy recensent\u00eb nga KKAD-ja m\u00ebsueset: Miradije Berisha dhe Aurela Konduri. Shpresojm\u00eb se s\u00eb shpejti t\u00eb botohen edhe tekstet e nivelit t\u00eb II dhe t\u00eb nivelit t\u00eb III.<\/p>\n<p>Sejdiu, foli p\u00ebr punimet e Samitit dhe m\u00eb tej theksoi se edhe KKAD &#8211; ja ishte e pranishme n\u00eb panelin e arsimit. ku n\u00eb fjal\u00ebn e tij n\u00eb k\u00ebt\u00eb panel informoi p\u00ebr sukseset dhe sfidat e KKAD-s\u00eb, e cila \u00ebsht\u00eb pranuar me VKM\u00a0 t\u00eb shtetit shqiptar.<\/p>\n<p>N\u00eb fjal\u00ebn e tij si kryetar i KKAD-s\u00eb ritheksoi k\u00ebrkesat e KKAD-s\u00eb p\u00ebr: &#8211; tekstet shkollore t\u00eb nivelit t\u00eb II dhe t\u00eb III t\u2019i kemi sa m\u00eb shpejt dhe t\u00eb jen\u00eb t\u00eb mjaftueshme; licensimi i m\u00ebsuesve dhe certifikatat; trajnimi profesional i m\u00ebsuesve n\u00eb diaspor\u00eb ; angazhimi i mediave shqiptare t\u00eb shkruara dhe audiovizive n\u00eb diaspor\u00eb p\u00ebr ruajtjen e gjuh\u00ebs dhe kultur\u00ebs komb\u00ebtare, krijimi i mini bibliotekave n\u00ebp\u00ebr shtete t\u00eb ndryshme etj.<\/p>\n<p>Samitin e vler\u00ebsoi lart edhe Aurela Konduri (Greqi), nj\u00ebra nd\u00ebr pjes\u00ebmarr\u00ebsit n\u00eb k\u00ebt\u00eb Samit. Vlen t\u00eb theksohet se n\u00eb Samitin e III mor\u00ebn pjes\u00eb edhe dy an\u00ebtare t\u00eb KKAD-s\u00eb: Teuta Tabaku (Turqi) dhe Anila Kadija \u00a0(Angli); nd\u00ebrsa Mira Shehu (Kanada),\u00a0 Mustaf\u00eb Krasniqi (Gjermani), Dritan Mashi (Itali), Miradije Berisha (Austri) dhe Melita Oreshkovic (Kroaci) fol\u00ebn mbi r\u00ebnd\u00ebsin\u00eb e Samitit dhe vler\u00ebsuan lart paraqitjen e KKAD-s\u00eb n\u00eb k\u00ebt\u00eb Samit.<\/p>\n<p>Sektori p\u00ebr informim i KKAD-s\u00eb<\/p>\n<p>Mustaf\u00eb Krasniqi<\/p>\n","protected":false},"excerpt":{"rendered":"<p>K\u00ebshilli Koordinues i Arsimtar\u00ebve n\u00eb Diaspor\u00eb mbajti takimin e radh\u00ebs, duke u ndalur n\u00eb pik\u00ebn kryesore rreth Samitit t\u00eb III t\u00eb Diaspor\u00ebs mbajtur m\u00eb 22-23 n\u00ebntor 2023 n\u00eb Tiran\u00eb dhe n\u00eb pun\u00ebn e suksesin e arritur p\u00ebrgjat\u00eb k\u00ebtyre tri viteve t\u00eb funksionimit t\u00eb KKAD \u2013 s\u00eb. Vaxhid Sejdiu- kryetari i KKAD-s\u00eb, n\u00eb m\u00ebnyr\u00eb p\u00ebrmbledh\u00ebse foli [&hellip;]<\/p>\n","protected":false},"author":1,"featured_media":5301,"comment_status":"closed","ping_status":"closed","sticky":false,"template":"","format":"standard","meta":{"footnotes":""},"categories":[105],"tags":[],"class_list":{"0":"post-5300","1":"post","2":"type-post","3":"status-publish","4":"format-standard","5":"has-post-thumbnail","7":"category-europa"},"_links":{"self":[{"href":"https:\/\/syri.tv\/index.php?rest_route=\/wp\/v2\/posts\/5300","targetHints":{"allow":["GET"]}}],"collection":[{"href":"https:\/\/syri.tv\/index.php?rest_route=\/wp\/v2\/posts"}],"about":[{"href":"https:\/\/syri.tv\/index.php?rest_route=\/wp\/v2\/types\/post"}],"author":[{"embeddable":true,"href":"https:\/\/syri.tv\/index.php?rest_route=\/wp\/v2\/users\/1"}],"replies":[{"embeddable":true,"href":"https:\/\/syri.tv\/index.php?rest_route=%2Fwp%2Fv2%2Fcomments&post=5300"}],"version-history":[{"count":1,"href":"https:\/\/syri.tv\/index.php?rest_route=\/wp\/v2\/posts\/5300\/revisions"}],"predecessor-version":[{"id":5302,"href":"https:\/\/syri.tv\/index.php?rest_route=\/wp\/v2\/posts\/5300\/revisions\/5302"}],"wp:featuredmedia":[{"embeddable":true,"href":"https:\/\/syri.tv\/index.php?rest_route=\/wp\/v2\/media\/5301"}],"wp:attachment":[{"href":"https:\/\/syri.tv\/index.php?rest_route=%2Fwp%2Fv2%2Fmedia&parent=5300"}],"wp:term":[{"taxonomy":"category","embeddable":true,"href":"https:\/\/syri.tv\/index.php?rest_route=%2Fwp%2Fv2%2Fcategories&post=5300"},{"taxonomy":"post_tag","embeddable":true,"href":"https:\/\/syri.tv\/index.php?rest_route=%2Fwp%2Fv2%2Ftags&post=5300"}],"curies":[{"name":"wp","href":"https:\/\/api.w.org\/{rel}","templated":true}]}}