{"id":5248,"date":"2023-11-29T13:52:59","date_gmt":"2023-11-29T13:52:59","guid":{"rendered":"https:\/\/syri.tv\/?p=5248"},"modified":"2023-11-29T13:52:59","modified_gmt":"2023-11-29T13:52:59","slug":"parakalim-3-ore-ne-shesh-flet-skenderbeu-veshjen-e-krijova-vete-peshon-12-kg","status":"publish","type":"post","link":"https:\/\/syri.tv\/?p=5248","title":{"rendered":"Parakalim 3 or\u00eb n\u00eb shesh, flet \u201cSk\u00ebnderbeu\u201d: Veshjen e krijova vet\u00eb, peshon 12 kg"},"content":{"rendered":"<p>Ish-oficeri i RENEA, Shk\u00eblzen Brahaj, i cili imitoi Sk\u00ebnderbeun gjat\u00eb festimeve t\u00eb Parad\u00ebs n\u00eb Shqiptar\u00ebve dit\u00ebn e djeshme me rastin e Pavar\u00ebsis\u00eb, \u00ebsht\u00eb shprehur se veshja q\u00eb ai kishte improvizuar, peshonte rreth 12 kilogram.<\/p>\n<p>Komentet Brahaj i b\u00ebri n\u00eb emisionin \u201cGood Morning Albanians\u201d,\u00a0 ku tha se p\u00ebrkrenarja \u00ebsht\u00eb ajo q\u00eb peshon m\u00eb shum\u00eb nga e gjith\u00eb veshja, rreth 3.5 kilogram.<\/p>\n<p>Ai tha se nuk \u00ebsht\u00eb hera e par\u00eb q\u00eb ai b\u00ebn gj\u00ebra t\u00eb ve\u00e7anta p\u00ebr festat komb\u00ebtare, pasi di\u00e7ka t\u00eb till\u00eb e ka b\u00ebr\u00eb edhe m\u00eb par\u00eb.<\/p>\n<p><em>\u201cUn\u00eb nd\u00ebr vite b\u00ebj gj\u00ebra t\u00eb tilla n\u00eb evenimente e festa. Duke u nisur nga madh\u00ebshtia e ceremonis\u00eb, duke par\u00eb se ishin shum\u00eb t\u00eb ardhur nga e gjith\u00eb bota, m\u00eb erdhi shum\u00eb mir\u00eb sepse p\u00ebrfaq\u00ebsova nj\u00eb figur\u00eb shum\u00eb t\u00eb njohur.<\/em><\/p>\n<p><em>Kishte brohoritje edhe nga njer\u00ebzit anash parad\u00ebs, por edhe tribuna ishte e jasht\u00ebzakonshme. Un\u00eb nuk \u00ebsht\u00eb se kam nj\u00eb ide t\u00eb sakt\u00eb t\u00eb veshjes, por jam munduar t\u2019i p\u00ebrafrohem. P\u00ebrkrenarja \u00ebsht\u00eb imitim, \u00ebsht\u00eb b\u00ebr\u00eb me pak mjesht\u00ebri, por me shum\u00eb dashuri. \u00cbsht\u00eb b\u00ebr\u00eb me ndihm\u00ebn e Llesh Bib\u00ebs, nj\u00eb skulptor i vjet\u00ebr.<\/em><\/p>\n<p><em>P\u00ebrkrenarja peshon 3.5 kilogram, nd\u00ebrsa veshja peshon 12 kilogram. P\u00ebrkrenarja \u00ebsht\u00eb m\u00eb e r\u00ebnda. Edhe shpata \u00ebsht\u00eb n\u00eb p\u00ebrmasat origjinale t\u00eb Sk\u00ebnderbeut, \u00ebsht\u00eb shpata e dyt\u00eb e Sk\u00ebnderbeut, sepse e para ka qen\u00eb e drejt\u00eb\u201d, \u00ebsht\u00eb shprehur Brahaj.<\/em><\/p>\n","protected":false},"excerpt":{"rendered":"<p>Ish-oficeri i RENEA, Shk\u00eblzen Brahaj, i cili imitoi Sk\u00ebnderbeun gjat\u00eb festimeve t\u00eb Parad\u00ebs n\u00eb Shqiptar\u00ebve dit\u00ebn e djeshme me rastin e Pavar\u00ebsis\u00eb, \u00ebsht\u00eb shprehur se veshja q\u00eb ai kishte improvizuar, peshonte rreth 12 kilogram. Komentet Brahaj i b\u00ebri n\u00eb emisionin \u201cGood Morning Albanians\u201d,\u00a0 ku tha se p\u00ebrkrenarja \u00ebsht\u00eb ajo q\u00eb peshon m\u00eb shum\u00eb nga e [&hellip;]<\/p>\n","protected":false},"author":1,"featured_media":5249,"comment_status":"closed","ping_status":"closed","sticky":false,"template":"","format":"standard","meta":{"footnotes":""},"categories":[9],"tags":[],"class_list":{"0":"post-5248","1":"post","2":"type-post","3":"status-publish","4":"format-standard","5":"has-post-thumbnail","7":"category-vendi"},"_links":{"self":[{"href":"https:\/\/syri.tv\/index.php?rest_route=\/wp\/v2\/posts\/5248","targetHints":{"allow":["GET"]}}],"collection":[{"href":"https:\/\/syri.tv\/index.php?rest_route=\/wp\/v2\/posts"}],"about":[{"href":"https:\/\/syri.tv\/index.php?rest_route=\/wp\/v2\/types\/post"}],"author":[{"embeddable":true,"href":"https:\/\/syri.tv\/index.php?rest_route=\/wp\/v2\/users\/1"}],"replies":[{"embeddable":true,"href":"https:\/\/syri.tv\/index.php?rest_route=%2Fwp%2Fv2%2Fcomments&post=5248"}],"version-history":[{"count":1,"href":"https:\/\/syri.tv\/index.php?rest_route=\/wp\/v2\/posts\/5248\/revisions"}],"predecessor-version":[{"id":5250,"href":"https:\/\/syri.tv\/index.php?rest_route=\/wp\/v2\/posts\/5248\/revisions\/5250"}],"wp:featuredmedia":[{"embeddable":true,"href":"https:\/\/syri.tv\/index.php?rest_route=\/wp\/v2\/media\/5249"}],"wp:attachment":[{"href":"https:\/\/syri.tv\/index.php?rest_route=%2Fwp%2Fv2%2Fmedia&parent=5248"}],"wp:term":[{"taxonomy":"category","embeddable":true,"href":"https:\/\/syri.tv\/index.php?rest_route=%2Fwp%2Fv2%2Fcategories&post=5248"},{"taxonomy":"post_tag","embeddable":true,"href":"https:\/\/syri.tv\/index.php?rest_route=%2Fwp%2Fv2%2Ftags&post=5248"}],"curies":[{"name":"wp","href":"https:\/\/api.w.org\/{rel}","templated":true}]}}