{"id":5218,"date":"2023-11-23T11:59:27","date_gmt":"2023-11-23T11:59:27","guid":{"rendered":"https:\/\/syri.tv\/?p=5218"},"modified":"2023-11-23T11:59:27","modified_gmt":"2023-11-23T11:59:27","slug":"per-kauzen-e-shqiptareve-ne-luginen-e-presheves-duhet-dhe-do-te-jemi-nje","status":"publish","type":"post","link":"https:\/\/syri.tv\/?p=5218","title":{"rendered":"P\u00ebr kauz\u00ebn e shqiptar\u00ebve n\u00eb Lugin\u00ebn e Preshev\u00ebs duhet dhe do t\u00eb jemi nj\u00eb"},"content":{"rendered":"<p>Presidentja Vjosa Osmani tha se \u201c\u00ebrgata shqiptare \u00ebsht\u00eb padyshim shtylla e l\u00ebvizjes komb\u00ebtare p\u00ebr liri e pavar\u00ebsi t\u00eb shqiptar\u00ebve\u201d.<\/p>\n<p>N\u00eb nj\u00eb fjalim n\u00eb Pallatin e Kongreseve n\u00eb Tiran\u00eb, ku po mbahet edicioni i tret\u00eb i Samitit t\u00eb Diaspor\u00ebs, Osmani tha se \u201cm\u00ebrgata jon\u00eb \u00ebsht\u00eb sublimim i p\u00ebrpjekjeve t\u00eb gjata e t\u00eb kahershme p\u00ebr liri, pavar\u00ebsi e shtetnd\u00ebrtim\u201d.<\/p>\n<p>Osmnani e theksoi k\u00ebtu edhe gjendjen jo t\u00eb mir\u00eb t\u00eb shqiptar\u00ebve n\u00eb Lugin\u00ebn e Preshev\u00ebs. Tha se n\u00eb mb\u00ebshtetje t\u00eb kauz\u00ebs s\u00eb tyre \u201cduhet dhe do t\u00eb jemi nj\u00eb\u201d, raporton Gazeta Express.<\/p>\n<p>\u201cP\u00ebrderisa jemi mbledhur sot t\u00eb gjith\u00eb k\u00ebtu, t\u00eb mos harrojm\u00eb se v\u00ebllez\u00ebrit dhe motrat tona n\u00eb Preshev\u00eb, Medvexh\u00eb e Bujanoc akoma p\u00ebrballen me diskriminim sistematik, q\u00eb rezulton edhe me spastrim etnik n\u00ebp\u00ebrmjet mjeteve administrative. Si gjithmon\u00eb, ju themi edhe sot: ju nuk jeni vet\u00ebm. T\u00eb gjith\u00eb jemi bashk\u00eb me ju n\u00eb mbrojtjen e t\u00eb drejtave t\u00eb shqiptar\u00ebve n\u00eb Preshev\u00eb, Medvegj\u00eb e Bujanoc. Prandaj edhe n\u00eb k\u00ebt\u00eb kauz\u00eb p\u00ebr mbrojtjen e tyre duhet dhe do t\u00eb jemi nj\u00eb\u201d, tha Osmani.<\/p>\n<p>Presidentja e Kosov\u00ebs foli p\u00ebr \u201croli historik i m\u00ebrtgat\u00ebs shqiptare\u201d, duke p\u00ebrmendur se si gjat\u00eb luft\u00ebs n\u00eb Kosov\u00eb, \u201cshum\u00eb t\u00eb rinj e t\u00eb reja nga m\u00ebrgata iu bashkuan vargonit t\u00eb liris\u00eb duke u mobilizuar n\u00eb Ushtrin\u00eb \u00c7lirimtare t\u00eb Kosov\u00ebs si mbrojt\u00ebs t\u00eb vendit ton\u00eb\u201d.<\/p>\n<p>&nbsp;<\/p>\n","protected":false},"excerpt":{"rendered":"<p>Presidentja Vjosa Osmani tha se \u201c\u00ebrgata shqiptare \u00ebsht\u00eb padyshim shtylla e l\u00ebvizjes komb\u00ebtare p\u00ebr liri e pavar\u00ebsi t\u00eb shqiptar\u00ebve\u201d. N\u00eb nj\u00eb fjalim n\u00eb Pallatin e Kongreseve n\u00eb Tiran\u00eb, ku po mbahet edicioni i tret\u00eb i Samitit t\u00eb Diaspor\u00ebs, Osmani tha se \u201cm\u00ebrgata jon\u00eb \u00ebsht\u00eb sublimim i p\u00ebrpjekjeve t\u00eb gjata e t\u00eb kahershme p\u00ebr liri, pavar\u00ebsi [&hellip;]<\/p>\n","protected":false},"author":1,"featured_media":5219,"comment_status":"closed","ping_status":"closed","sticky":false,"template":"","format":"standard","meta":{"footnotes":""},"categories":[9],"tags":[],"class_list":{"0":"post-5218","1":"post","2":"type-post","3":"status-publish","4":"format-standard","5":"has-post-thumbnail","7":"category-vendi"},"_links":{"self":[{"href":"https:\/\/syri.tv\/index.php?rest_route=\/wp\/v2\/posts\/5218","targetHints":{"allow":["GET"]}}],"collection":[{"href":"https:\/\/syri.tv\/index.php?rest_route=\/wp\/v2\/posts"}],"about":[{"href":"https:\/\/syri.tv\/index.php?rest_route=\/wp\/v2\/types\/post"}],"author":[{"embeddable":true,"href":"https:\/\/syri.tv\/index.php?rest_route=\/wp\/v2\/users\/1"}],"replies":[{"embeddable":true,"href":"https:\/\/syri.tv\/index.php?rest_route=%2Fwp%2Fv2%2Fcomments&post=5218"}],"version-history":[{"count":1,"href":"https:\/\/syri.tv\/index.php?rest_route=\/wp\/v2\/posts\/5218\/revisions"}],"predecessor-version":[{"id":5220,"href":"https:\/\/syri.tv\/index.php?rest_route=\/wp\/v2\/posts\/5218\/revisions\/5220"}],"wp:featuredmedia":[{"embeddable":true,"href":"https:\/\/syri.tv\/index.php?rest_route=\/wp\/v2\/media\/5219"}],"wp:attachment":[{"href":"https:\/\/syri.tv\/index.php?rest_route=%2Fwp%2Fv2%2Fmedia&parent=5218"}],"wp:term":[{"taxonomy":"category","embeddable":true,"href":"https:\/\/syri.tv\/index.php?rest_route=%2Fwp%2Fv2%2Fcategories&post=5218"},{"taxonomy":"post_tag","embeddable":true,"href":"https:\/\/syri.tv\/index.php?rest_route=%2Fwp%2Fv2%2Ftags&post=5218"}],"curies":[{"name":"wp","href":"https:\/\/api.w.org\/{rel}","templated":true}]}}