{"id":5178,"date":"2023-11-13T11:18:32","date_gmt":"2023-11-13T11:18:32","guid":{"rendered":"https:\/\/syri.tv\/?p=5178"},"modified":"2023-11-13T11:18:32","modified_gmt":"2023-11-13T11:18:32","slug":"kryeministri-albin-kurti-e-uron-kosoven-per-fitoren-ndaj-izraelit-flet-edhe-per-lojen-me-zvicren","status":"publish","type":"post","link":"https:\/\/syri.tv\/?p=5178","title":{"rendered":"Kryeministri Albin Kurti e uron Kosov\u00ebn p\u00ebr fitoren ndaj Izraelit, flet edhe p\u00ebr loj\u00ebn me Zvicr\u00ebn"},"content":{"rendered":"<p>Kryeministri i Republik\u00ebs s\u00eb Kosov\u00ebs, Albin Kurti e ka uruar Komb\u00ebtaren p\u00ebr fitoren e mbr\u00ebmshme ndaj Izraelit.<\/p>\n<p>Numri 1 i Qeveris\u00eb kosovare e b\u00ebri nj\u00eb postim n\u00eb rrjetet sociale, p\u00ebrmes s\u00eb cilit foli edhe p\u00ebr p\u00ebrballjes e s\u00eb shtun\u00ebs ndaj Zvicr\u00ebs, n\u00eb nj\u00eb ndeshje q\u00eb e konsideroi si t\u00eb ve\u00e7ant\u00eb, por edhe p\u00ebr kualifikimet n\u00eb p\u00ebrgjith\u00ebsi, t\u00eb cilat do t\u00eb mbyll\u00ebn t\u00eb mart\u00ebn tjet\u00ebr.<\/p>\n<div class=\"block single block--padding\">\n<div class=\"container\">\n<div class=\"row\">\n<div class=\"col col-12 col-sm-9 col-lg-9 block--border-l\">\n<div class=\"single__content\">\n<p>M\u00eb posht\u00eb mund ta lexoni postimin e kryeministrit Kurti.<\/p>\n<p><img loading=\"lazy\" loading=\"lazy\" decoding=\"async\" class=\"alignnone size-full wp-image-5179\" src=\"https:\/\/syri.tv\/wp-content\/uploads\/2023\/11\/ALbin-1000x501-1.jpg\" alt=\"\" width=\"1000\" height=\"501\" srcset=\"https:\/\/syri.tv\/wp-content\/uploads\/2023\/11\/ALbin-1000x501-1.jpg 1000w, https:\/\/syri.tv\/wp-content\/uploads\/2023\/11\/ALbin-1000x501-1-300x150.jpg 300w, https:\/\/syri.tv\/wp-content\/uploads\/2023\/11\/ALbin-1000x501-1-768x385.jpg 768w, https:\/\/syri.tv\/wp-content\/uploads\/2023\/11\/ALbin-1000x501-1-860x431.jpg 860w\" sizes=\"auto, (max-width: 1000px) 100vw, 1000px\" \/><\/p>\n<\/div>\n<\/div>\n<\/div>\n<\/div>\n<\/div>\n<footer class=\"block footer block--padding pb-0\">\n<div class=\"container\">\n<div class=\"row mb-5 footer__text\"><\/div>\n<\/div>\n<\/footer>\n","protected":false},"excerpt":{"rendered":"<p>Kryeministri i Republik\u00ebs s\u00eb Kosov\u00ebs, Albin Kurti e ka uruar Komb\u00ebtaren p\u00ebr fitoren e mbr\u00ebmshme ndaj Izraelit. Numri 1 i Qeveris\u00eb kosovare e b\u00ebri nj\u00eb postim n\u00eb rrjetet sociale, p\u00ebrmes s\u00eb cilit foli edhe p\u00ebr p\u00ebrballjes e s\u00eb shtun\u00ebs ndaj Zvicr\u00ebs, n\u00eb nj\u00eb ndeshje q\u00eb e konsideroi si t\u00eb ve\u00e7ant\u00eb, por edhe p\u00ebr kualifikimet n\u00eb [&hellip;]<\/p>\n","protected":false},"author":1,"featured_media":5180,"comment_status":"closed","ping_status":"closed","sticky":false,"template":"","format":"standard","meta":{"footnotes":""},"categories":[106],"tags":[],"class_list":{"0":"post-5178","1":"post","2":"type-post","3":"status-publish","4":"format-standard","5":"has-post-thumbnail","7":"category-sport"},"_links":{"self":[{"href":"https:\/\/syri.tv\/index.php?rest_route=\/wp\/v2\/posts\/5178","targetHints":{"allow":["GET"]}}],"collection":[{"href":"https:\/\/syri.tv\/index.php?rest_route=\/wp\/v2\/posts"}],"about":[{"href":"https:\/\/syri.tv\/index.php?rest_route=\/wp\/v2\/types\/post"}],"author":[{"embeddable":true,"href":"https:\/\/syri.tv\/index.php?rest_route=\/wp\/v2\/users\/1"}],"replies":[{"embeddable":true,"href":"https:\/\/syri.tv\/index.php?rest_route=%2Fwp%2Fv2%2Fcomments&post=5178"}],"version-history":[{"count":1,"href":"https:\/\/syri.tv\/index.php?rest_route=\/wp\/v2\/posts\/5178\/revisions"}],"predecessor-version":[{"id":5181,"href":"https:\/\/syri.tv\/index.php?rest_route=\/wp\/v2\/posts\/5178\/revisions\/5181"}],"wp:featuredmedia":[{"embeddable":true,"href":"https:\/\/syri.tv\/index.php?rest_route=\/wp\/v2\/media\/5180"}],"wp:attachment":[{"href":"https:\/\/syri.tv\/index.php?rest_route=%2Fwp%2Fv2%2Fmedia&parent=5178"}],"wp:term":[{"taxonomy":"category","embeddable":true,"href":"https:\/\/syri.tv\/index.php?rest_route=%2Fwp%2Fv2%2Fcategories&post=5178"},{"taxonomy":"post_tag","embeddable":true,"href":"https:\/\/syri.tv\/index.php?rest_route=%2Fwp%2Fv2%2Ftags&post=5178"}],"curies":[{"name":"wp","href":"https:\/\/api.w.org\/{rel}","templated":true}]}}