{"id":5159,"date":"2023-11-07T12:46:32","date_gmt":"2023-11-07T12:46:32","guid":{"rendered":"https:\/\/syri.tv\/?p=5159"},"modified":"2023-11-07T12:46:32","modified_gmt":"2023-11-07T12:46:32","slug":"dedaj-te-verteten-e-pagova-me-shkarkim-nga-pozita-e-ambasadorit","status":"publish","type":"post","link":"https:\/\/syri.tv\/?p=5159","title":{"rendered":"Dedaj: t\u00eb v\u00ebrtet\u00ebn e pagova me shkarkim nga pozita e ambasadorit"},"content":{"rendered":"<p>Gjergj Dedaj e ka p\u00ebrmendur edhe sot n\u00eb Gjykat\u00ebn Speciale shkarkimin e tij nga pozita e ambasadorit t\u00eb Kosov\u00ebs n\u00eb Maqedonin\u00eb e Veriut.<\/p>\n<p>Dedaj tha se familja e tij dhe ai po e paguajn\u00eb shtrenjt\u00eb si\u00e7 tha ai, luft\u00ebn 25-vje\u00e7are p\u00ebr zbardhjen e s\u00eb v\u00ebrtet\u00ebs s\u00eb bisedave q\u00eb i kishte pasur me pjes\u00ebtar\u00eb t\u00eb U\u00c7K-s\u00eb n\u00eb Qirez dhe Baic\u00eb m\u00eb 1998.<\/p>\n<p>\u201cLufta ime 25-vje\u00e7are.. p\u00ebrve\u00e7 q\u00eb e kam b\u00eb luft\u00ebn ball\u00eb p\u00ebr ball\u00eb me regjimin e Millosheviqit \u00e7do dit\u00eb e \u00e7do nat\u00eb dhe e kam pagu m\u00eb s\u00eb shtrenjti n\u00eb Kosov\u00eb. Lufta ime n\u00eb k\u00ebto 25 vjet ka qen\u00eb edhe zbardhja e s\u00eb v\u00ebrtet\u00ebs t\u00eb bisedave q\u00eb i kemi pas\u00eb n\u00eb Qirez dhe Baic\u00eb. Kjo ka qen\u00eb nj\u00eb luft\u00eb q\u00eb m\u00eb mundon sot e k\u00ebsaj dite dhe q\u00eb familja ime po e paguan m\u00eb s\u00eb shtrenjti, bile e kemi paguar edhe me shkarkim nga pozita e ambasadorit\u201d, tha ai.<\/p>\n<p>Edhe dje, Dedaj e p\u00ebrmendi shkarkimin e tij nga pozita e ambasadorit n\u00eb Maqeonin\u00eb e Veriut, nd\u00ebrsa Vjosa Osmanit iu referua si \u201ce ashtuquajtura presidente\u201d.<\/p>\n<div>\n<div id=\"div-gpt-ad-1634289484286-0\" data-google-query-id=\"CMDznZj1sYIDFeil_QcdET8MQA\">\n<div id=\"google_ads_iframe_\/74207979\/adxp_ge_in-article_0__container__\"><\/div>\n<\/div>\n<\/div>\n<figure class=\"wp-block-embed-wordpress wp-block-embed is-type-wp-embed is-provider-gazeta-express\">\n<div class=\"wp-block-embed__wrapper\"><iframe loading=\"lazy\" class=\"wp-embedded-content\" title=\"\u201cDedaj e p\u00ebrmendi Osmanin n\u00eb Speciale, i reagojn\u00eb nga Presidenca: Ti je ve\u00e7 nj\u00eb p\u00ebrfitues nga g\u00ebnjeshtra\u201d \u2014 Gazeta Express\" src=\"https:\/\/www.gazetaexpress.com\/dedaj-e-permendi-osmanin-ne-speciale-i-reagojne-nga-presidenca-ti-je-vec-nje-perfitues-nga-genjeshtra\/embed\/#?secret=Q02tdrwM7d\" width=\"500\" height=\"378\" frameborder=\"0\" marginwidth=\"0\" marginheight=\"0\" scrolling=\"no\" sandbox=\"allow-scripts\" data-secret=\"Q02tdrwM7d\" data-mce-fragment=\"1\"><\/iframe><\/div>\n<\/figure>\n","protected":false},"excerpt":{"rendered":"<p>Gjergj Dedaj e ka p\u00ebrmendur edhe sot n\u00eb Gjykat\u00ebn Speciale shkarkimin e tij nga pozita e ambasadorit t\u00eb Kosov\u00ebs n\u00eb Maqedonin\u00eb e Veriut. Dedaj tha se familja e tij dhe ai po e paguajn\u00eb shtrenjt\u00eb si\u00e7 tha ai, luft\u00ebn 25-vje\u00e7are p\u00ebr zbardhjen e s\u00eb v\u00ebrtet\u00ebs s\u00eb bisedave q\u00eb i kishte pasur me pjes\u00ebtar\u00eb t\u00eb U\u00c7K-s\u00eb [&hellip;]<\/p>\n","protected":false},"author":1,"featured_media":5160,"comment_status":"closed","ping_status":"closed","sticky":false,"template":"","format":"standard","meta":{"footnotes":""},"categories":[9],"tags":[],"class_list":{"0":"post-5159","1":"post","2":"type-post","3":"status-publish","4":"format-standard","5":"has-post-thumbnail","7":"category-vendi"},"_links":{"self":[{"href":"https:\/\/syri.tv\/index.php?rest_route=\/wp\/v2\/posts\/5159","targetHints":{"allow":["GET"]}}],"collection":[{"href":"https:\/\/syri.tv\/index.php?rest_route=\/wp\/v2\/posts"}],"about":[{"href":"https:\/\/syri.tv\/index.php?rest_route=\/wp\/v2\/types\/post"}],"author":[{"embeddable":true,"href":"https:\/\/syri.tv\/index.php?rest_route=\/wp\/v2\/users\/1"}],"replies":[{"embeddable":true,"href":"https:\/\/syri.tv\/index.php?rest_route=%2Fwp%2Fv2%2Fcomments&post=5159"}],"version-history":[{"count":1,"href":"https:\/\/syri.tv\/index.php?rest_route=\/wp\/v2\/posts\/5159\/revisions"}],"predecessor-version":[{"id":5161,"href":"https:\/\/syri.tv\/index.php?rest_route=\/wp\/v2\/posts\/5159\/revisions\/5161"}],"wp:featuredmedia":[{"embeddable":true,"href":"https:\/\/syri.tv\/index.php?rest_route=\/wp\/v2\/media\/5160"}],"wp:attachment":[{"href":"https:\/\/syri.tv\/index.php?rest_route=%2Fwp%2Fv2%2Fmedia&parent=5159"}],"wp:term":[{"taxonomy":"category","embeddable":true,"href":"https:\/\/syri.tv\/index.php?rest_route=%2Fwp%2Fv2%2Fcategories&post=5159"},{"taxonomy":"post_tag","embeddable":true,"href":"https:\/\/syri.tv\/index.php?rest_route=%2Fwp%2Fv2%2Ftags&post=5159"}],"curies":[{"name":"wp","href":"https:\/\/api.w.org\/{rel}","templated":true}]}}