{"id":5140,"date":"2023-11-05T19:48:52","date_gmt":"2023-11-05T19:48:52","guid":{"rendered":"https:\/\/syri.tv\/?p=5140"},"modified":"2023-11-05T20:15:52","modified_gmt":"2023-11-05T20:15:52","slug":"mbremje-e-pa-harruar-familjare-me-arif-vladin-nimon-mushkolaj-mentor-mushkolaj-albana-zelaj-si-dhe-orkestren-me-kompozitorin-vllaznim-buxhovi-drinka-me-fitim-kastrati","status":"publish","type":"post","link":"https:\/\/syri.tv\/?p=5140","title":{"rendered":"Mbr\u00ebmje familjare e pa harruar me Arif Vladin, Nimon Mushkolaj, Mentor Mushkolaj Albana Zelaj, si dhe orkestr\u00ebn me kompozitorin Vllaznim Buxhovi, Drinka me Fitim Kastrati."},"content":{"rendered":"<p>N\u00eb kantonin e Friburgut n\u00eb restorantin Sterne n\u00eb Tentlingen n\u00eb mbr\u00ebmjen e t\u00eb shtun\u00ebs m\u00ebrgimtar\u00ebt nga e gjith\u00eb Zvicra familjarisht ishin tubuar p\u00ebr t\u00eb festuar muajin e n\u00ebntorit festiv.<\/p>\n<div style=\"width: 1170px;\" class=\"wp-video\"><video class=\"wp-video-shortcode\" id=\"video-5140-1\" width=\"1170\" height=\"658\" preload=\"metadata\" controls=\"controls\"><source type=\"video\/mp4\" src=\"https:\/\/syri.tv\/wp-content\/uploads\/2023\/11\/Arif-Vladi.mp4?_=1\" \/><a href=\"https:\/\/syri.tv\/wp-content\/uploads\/2023\/11\/Arif-Vladi.mp4\">https:\/\/syri.tv\/wp-content\/uploads\/2023\/11\/Arif-Vladi.mp4<\/a><\/video><\/div>\n<p>Paraqitja e artistit Arif Vladi sidomos me k\u00ebng\u00ebt e tije epike la shum\u00eb p\u00ebrshtypje te mysafiret q\u00eb me duartrokitje t\u00eb furishme dhe fal\u00ebnderues p\u00ebr kontributin e tij nder vite p\u00ebr vlerat artistike kushtuar shqiptar\u00ebve ne p\u00ebrgjith\u00ebsi.<\/p>\n<div style=\"width: 1170px;\" class=\"wp-video\"><video class=\"wp-video-shortcode\" id=\"video-5140-2\" width=\"1170\" height=\"658\" preload=\"metadata\" controls=\"controls\"><source type=\"video\/mp4\" src=\"https:\/\/syri.tv\/wp-content\/uploads\/2023\/11\/Nimoni.mp4?_=2\" \/><a href=\"https:\/\/syri.tv\/wp-content\/uploads\/2023\/11\/Nimoni.mp4\">https:\/\/syri.tv\/wp-content\/uploads\/2023\/11\/Nimoni.mp4<\/a><\/video><\/div>\n<p>Artisti i k\u00ebng\u00ebs shqipe n\u00eb Zvic\u00ebr Nimon Mushkolaj, me paraqitjen e tij dhe repertorin duke i k\u00ebnduar gjith\u00eb trevave shqiptare, ishte i rrethuar me adhuruesit e tij t\u00eb flak\u00ebt nga Zvicra dhe shtetet p\u00ebr rreth saj\u00eb.<\/p>\n<p>Orkestra shum\u00eb profesionale me kompozitorin Vllaznim Buxhovin n\u00eb shoq\u00ebrim t\u00eb Drinka me Sax dhe Fiim Kastratit me sint, ishin tejet aktiv n\u00eb p\u00ebrcjelljen e artist\u00ebve t\u00eb merituar dhe atmosfer\u00ebn e t\u00eb pranishm\u00ebve ne sall\u00eb.<\/p>\n<p>Artistja Albana Zela me paraqitjen e saj para t\u00eb pranishm\u00ebve ishte qershi mbi tort\u00eb me repertorin sidomos t\u00eb k\u00ebng\u00ebve nga veriu dhe jo vet\u00ebm.<\/p>\n<div style=\"width: 1170px;\" class=\"wp-video\"><video class=\"wp-video-shortcode\" id=\"video-5140-3\" width=\"1170\" height=\"658\" preload=\"metadata\" controls=\"controls\"><source type=\"video\/mp4\" src=\"https:\/\/syri.tv\/wp-content\/uploads\/2023\/11\/Zela.mp4?_=3\" \/><a href=\"https:\/\/syri.tv\/wp-content\/uploads\/2023\/11\/Zela.mp4\">https:\/\/syri.tv\/wp-content\/uploads\/2023\/11\/Zela.mp4<\/a><\/video><\/div>\n<p>K\u00ebng\u00ebtari dhe luft\u00ebtari i liris\u00eb Mentor Mushkolaj si cdo her\u00eb modest dhe artist i v\u00ebrtet\u00eb dhe i gjithansh\u00ebm, la shum\u00eb p\u00ebrshtypjen tek t\u00eb pranishmit n\u00eb sall\u00eb p\u00ebr atmosfer\u00ebn dhe organizimin e mbr\u00ebmjes.<\/p>\n<div style=\"width: 1170px;\" class=\"wp-video\"><video class=\"wp-video-shortcode\" id=\"video-5140-4\" width=\"1170\" height=\"658\" preload=\"metadata\" controls=\"controls\"><source type=\"video\/mp4\" src=\"https:\/\/syri.tv\/wp-content\/uploads\/2023\/11\/ARIFI-MENTORI.mp4?_=4\" \/><a href=\"https:\/\/syri.tv\/wp-content\/uploads\/2023\/11\/ARIFI-MENTORI.mp4\">https:\/\/syri.tv\/wp-content\/uploads\/2023\/11\/ARIFI-MENTORI.mp4<\/a><\/video><\/div>\n<p>Televizioni Syri n\u00eb Zvic\u00ebr me moderatoren \u00a0Ruth Henrion ishin p\u00ebr s\u00eb af\u00ebrmi me artist\u00ebt dhe pjes\u00ebmarr\u00ebsit q\u00eb n\u00eb disa sekuenca do t\u00eb p\u00ebrdor\u00eb materialin e filmuar p\u00ebr n\u00eb emisionin e saj\u00eb Relax.<\/p>\n<p><img loading=\"lazy\" loading=\"lazy\" decoding=\"async\" class=\"alignnone size-large wp-image-5153\" src=\"https:\/\/syri.tv\/wp-content\/uploads\/2023\/11\/Zela-1024x576.jpeg\" alt=\"\" width=\"1024\" height=\"576\" srcset=\"https:\/\/syri.tv\/wp-content\/uploads\/2023\/11\/Zela-1024x576.jpeg 1024w, https:\/\/syri.tv\/wp-content\/uploads\/2023\/11\/Zela-300x169.jpeg 300w, https:\/\/syri.tv\/wp-content\/uploads\/2023\/11\/Zela-768x432.jpeg 768w, https:\/\/syri.tv\/wp-content\/uploads\/2023\/11\/Zela-1536x864.jpeg 1536w, https:\/\/syri.tv\/wp-content\/uploads\/2023\/11\/Zela-860x484.jpeg 860w, https:\/\/syri.tv\/wp-content\/uploads\/2023\/11\/Zela.jpeg 2016w\" sizes=\"auto, (max-width: 1024px) 100vw, 1024px\" \/><\/p>\n<p>Fal\u00ebnderim i ve\u00e7ant\u00eb shkon edhe p\u00ebr pronarin e Restoranit Sterne n\u00eb Tetlingen t\u00eb Kt. Friburgut p\u00ebr mund\u00ebsin\u00eb e zhvillimit t\u00eb magjis\u00eb t\u00eb k\u00ebsaj mbr\u00ebmje me yjet e artit nga m\u00ebrgimi.<\/p>\n<div style=\"width: 1170px;\" class=\"wp-video\"><video class=\"wp-video-shortcode\" id=\"video-5140-5\" width=\"1170\" height=\"658\" preload=\"metadata\" controls=\"controls\"><source type=\"video\/mp4\" src=\"https:\/\/syri.tv\/wp-content\/uploads\/2023\/11\/Mark.mp4?_=5\" \/><a href=\"https:\/\/syri.tv\/wp-content\/uploads\/2023\/11\/Mark.mp4\">https:\/\/syri.tv\/wp-content\/uploads\/2023\/11\/Mark.mp4<\/a><\/video><\/div>\n","protected":false},"excerpt":{"rendered":"<p>N\u00eb kantonin e Friburgut n\u00eb restorantin Sterne n\u00eb Tentlingen n\u00eb mbr\u00ebmjen e t\u00eb shtun\u00ebs m\u00ebrgimtar\u00ebt nga e gjith\u00eb Zvicra familjarisht ishin tubuar p\u00ebr t\u00eb festuar muajin e n\u00ebntorit festiv. Paraqitja e artistit Arif Vladi sidomos me k\u00ebng\u00ebt e tije epike la shum\u00eb p\u00ebrshtypje te mysafiret q\u00eb me duartrokitje t\u00eb furishme dhe fal\u00ebnderues p\u00ebr kontributin e [&hellip;]<\/p>\n","protected":false},"author":1,"featured_media":5143,"comment_status":"closed","ping_status":"closed","sticky":false,"template":"","format":"standard","meta":{"footnotes":""},"categories":[108],"tags":[],"class_list":{"0":"post-5140","1":"post","2":"type-post","3":"status-publish","4":"format-standard","5":"has-post-thumbnail","7":"category-kulture-2"},"_links":{"self":[{"href":"https:\/\/syri.tv\/index.php?rest_route=\/wp\/v2\/posts\/5140","targetHints":{"allow":["GET"]}}],"collection":[{"href":"https:\/\/syri.tv\/index.php?rest_route=\/wp\/v2\/posts"}],"about":[{"href":"https:\/\/syri.tv\/index.php?rest_route=\/wp\/v2\/types\/post"}],"author":[{"embeddable":true,"href":"https:\/\/syri.tv\/index.php?rest_route=\/wp\/v2\/users\/1"}],"replies":[{"embeddable":true,"href":"https:\/\/syri.tv\/index.php?rest_route=%2Fwp%2Fv2%2Fcomments&post=5140"}],"version-history":[{"count":5,"href":"https:\/\/syri.tv\/index.php?rest_route=\/wp\/v2\/posts\/5140\/revisions"}],"predecessor-version":[{"id":5154,"href":"https:\/\/syri.tv\/index.php?rest_route=\/wp\/v2\/posts\/5140\/revisions\/5154"}],"wp:featuredmedia":[{"embeddable":true,"href":"https:\/\/syri.tv\/index.php?rest_route=\/wp\/v2\/media\/5143"}],"wp:attachment":[{"href":"https:\/\/syri.tv\/index.php?rest_route=%2Fwp%2Fv2%2Fmedia&parent=5140"}],"wp:term":[{"taxonomy":"category","embeddable":true,"href":"https:\/\/syri.tv\/index.php?rest_route=%2Fwp%2Fv2%2Fcategories&post=5140"},{"taxonomy":"post_tag","embeddable":true,"href":"https:\/\/syri.tv\/index.php?rest_route=%2Fwp%2Fv2%2Ftags&post=5140"}],"curies":[{"name":"wp","href":"https:\/\/api.w.org\/{rel}","templated":true}]}}