{"id":5130,"date":"2023-11-02T21:32:07","date_gmt":"2023-11-02T21:32:07","guid":{"rendered":"https:\/\/syri.tv\/?p=5130"},"modified":"2023-11-02T21:32:07","modified_gmt":"2023-11-02T21:32:07","slug":"cedomir-jovanoviq-hyn-ne-zgjedhje-te-serbise-me-mesazhin-per-kosoven-e-pavarur","status":"publish","type":"post","link":"https:\/\/syri.tv\/?p=5130","title":{"rendered":"\u00c7edomir Jovanoviq hyn n\u00eb zgjedhje t\u00eb Serbise me mesazhin p\u00ebr Kosov\u00ebn e pavarur"},"content":{"rendered":"<p>Presidenti i Partis\u00eb Liberal-Demokratike n\u00eb Serbi, \u00c7edomir Jovanoviq, ka njoftuar se do t\u2019u hyj\u00eb zgjedhjeve t\u00eb reja n\u00eb Serbi n\u00ebn sloganin \u201cDuhet ndryshe\u201d dhe me nj\u00eb kampanj\u00eb n\u00eb t\u00eb cil\u00ebn synon t\u2019ua tregoj\u00eb qytetar\u00ebve serb\u00eb t\u00eb v\u00ebrtet\u00ebn p\u00ebr Kosov\u00ebn e pavarur.<\/p>\n<p>Jovanoviq ka njoftuar se ka vendosur t\u00eb hyj\u00eb n\u00eb zgjedhje p\u00ebr shkak t\u00eb ngjarjeve t\u00eb 24 shtatorit n\u00eb Banjsk\u00eb dhe heshtjes s\u00eb Serbis\u00eb ndaj tyre, si dhe se nuk d\u00ebshiron t\u00eb jetoj\u00eb n\u00eb nj\u00eb shtet ku qytetar\u00ebt zgjedhin mes presidentit t\u00eb Serbis\u00eb, Aleksandar Vu\u00e7iq dhe Dragan Dilashit, shkruan \u201cDanas\u201d.<\/p>\n<p>\u201cNuk do t\u00eb g\u00ebnjej popullin p\u00ebr Kosov\u00ebn, q\u00eb t\u00eb ofroj ndonj\u00eb rrug\u00eb m\u00eb t\u00eb leht\u00eb, sepse n\u00eb fund t\u00eb asaj rruge do t\u00eb zhdukeshim\u201d, ka th\u00ebn\u00eb Jovanoviq.<\/p>\n<p>Ai ka njoftuar se do t\u00eb marr\u00eb pjes\u00eb edhe n\u00eb zgjedhjet lokale t\u00eb Beogradit, duke shtuar se d\u00ebshiron nj\u00eb kryetar q\u00eb \u201csh\u00ebron Beogradin\u201d.<\/p>\n<p>Jovanoviq ka th\u00ebn\u00eb se \u00ebsht\u00eb kund\u00ebr planit franko-gjerman sepse, sipas tij, nuk \u00ebsht\u00eb menduar p\u00ebr Serbin\u00eb. Si\u00e7 ka th\u00ebn\u00eb, ai d\u00ebshiron, \u201cq\u00eb pushteti i ardhsh\u00ebm n\u00eb Serbi t\u00eb ftoj\u00eb p\u00ebrfaq\u00ebsuesit e Prishtin\u00ebs n\u00eb Beograd ose t\u00eb shkojn\u00eb n\u00eb Prishtin\u00eb, t\u00eb bisedojn\u00eb dhe q\u00eb Kosova t\u00eb jet\u00eb toka e popullit serb dhe popullit shqiptar, ata q\u00eb duan t\u00eb jet\u00eb tok\u00eb shqiptare le t\u00eb shkojn\u00eb n\u00eb Shqip\u00ebri, e ata q\u00eb d\u00ebshirojn\u00eb t\u00eb jet\u00eb tok\u00eb serbe n\u00eb Serbi\u201d.<\/p>\n<p>Jovanoviq ka th\u00ebn\u00eb se gjat\u00eb fushat\u00ebs p\u00ebr zgjedhjet e 17 dhjetorit do t\u00eb shkoj\u00eb edhe n\u00eb Kosov\u00eb p\u00ebr t\u2019i vizituar familjet e serb\u00ebve t\u00eb vrar\u00eb dhe familjen e policit t\u00eb vrar\u00eb nga sulmi terrorist n\u00eb Banjsk\u00eb.<\/p>\n<p>Ka shtuar se nuk e respekton Kish\u00ebn Ortodokse Serbe dhe se ka vite\u00a0q\u00eb njihet si nd\u00ebr politikan\u00ebt e rrall\u00eb serb\u00eb q\u00eb e njohin pavar\u00ebsin\u00eb e Kosov\u00ebs.<\/p>\n","protected":false},"excerpt":{"rendered":"<p>Presidenti i Partis\u00eb Liberal-Demokratike n\u00eb Serbi, \u00c7edomir Jovanoviq, ka njoftuar se do t\u2019u hyj\u00eb zgjedhjeve t\u00eb reja n\u00eb Serbi n\u00ebn sloganin \u201cDuhet ndryshe\u201d dhe me nj\u00eb kampanj\u00eb n\u00eb t\u00eb cil\u00ebn synon t\u2019ua tregoj\u00eb qytetar\u00ebve serb\u00eb t\u00eb v\u00ebrtet\u00ebn p\u00ebr Kosov\u00ebn e pavarur. Jovanoviq ka njoftuar se ka vendosur t\u00eb hyj\u00eb n\u00eb zgjedhje p\u00ebr shkak t\u00eb ngjarjeve [&hellip;]<\/p>\n","protected":false},"author":1,"featured_media":5131,"comment_status":"closed","ping_status":"closed","sticky":false,"template":"","format":"standard","meta":{"footnotes":""},"categories":[9],"tags":[],"class_list":{"0":"post-5130","1":"post","2":"type-post","3":"status-publish","4":"format-standard","5":"has-post-thumbnail","7":"category-vendi"},"_links":{"self":[{"href":"https:\/\/syri.tv\/index.php?rest_route=\/wp\/v2\/posts\/5130","targetHints":{"allow":["GET"]}}],"collection":[{"href":"https:\/\/syri.tv\/index.php?rest_route=\/wp\/v2\/posts"}],"about":[{"href":"https:\/\/syri.tv\/index.php?rest_route=\/wp\/v2\/types\/post"}],"author":[{"embeddable":true,"href":"https:\/\/syri.tv\/index.php?rest_route=\/wp\/v2\/users\/1"}],"replies":[{"embeddable":true,"href":"https:\/\/syri.tv\/index.php?rest_route=%2Fwp%2Fv2%2Fcomments&post=5130"}],"version-history":[{"count":1,"href":"https:\/\/syri.tv\/index.php?rest_route=\/wp\/v2\/posts\/5130\/revisions"}],"predecessor-version":[{"id":5132,"href":"https:\/\/syri.tv\/index.php?rest_route=\/wp\/v2\/posts\/5130\/revisions\/5132"}],"wp:featuredmedia":[{"embeddable":true,"href":"https:\/\/syri.tv\/index.php?rest_route=\/wp\/v2\/media\/5131"}],"wp:attachment":[{"href":"https:\/\/syri.tv\/index.php?rest_route=%2Fwp%2Fv2%2Fmedia&parent=5130"}],"wp:term":[{"taxonomy":"category","embeddable":true,"href":"https:\/\/syri.tv\/index.php?rest_route=%2Fwp%2Fv2%2Fcategories&post=5130"},{"taxonomy":"post_tag","embeddable":true,"href":"https:\/\/syri.tv\/index.php?rest_route=%2Fwp%2Fv2%2Ftags&post=5130"}],"curies":[{"name":"wp","href":"https:\/\/api.w.org\/{rel}","templated":true}]}}