{"id":5120,"date":"2023-11-02T14:43:07","date_gmt":"2023-11-02T14:43:07","guid":{"rendered":"https:\/\/syri.tv\/?p=5120"},"modified":"2023-11-02T14:44:28","modified_gmt":"2023-11-02T14:44:28","slug":"gervalla-jemi-ne-pritje-te-bese-te-deklarohet-me-24-shtator-edhe-pse-cdo-gje-eshte-e-qarte","status":"publish","type":"post","link":"https:\/\/syri.tv\/?p=5120","title":{"rendered":"G\u00ebrvalla: Jemi ne pritje t\u00eb BE\u2019s\u00eb t\u00eb deklarohet p\u00ebr 24 shtatorin pasi q\u00eb tani \u00e7do gj\u00eb \u00ebsht\u00eb e qart\u00eb"},"content":{"rendered":"<p>Intervist\u00eb me z\u00ebvend\u00ebskryeministren dhe ministren e Pun\u00ebve t\u00eb Jashmte t\u00eb Kosov\u00ebs, Donika G\u00ebrvalla-Schwarz p\u00ebr pritm\u00ebrit\u00eb e Kosov\u00ebs, me rastin e konferenc\u00ebs s\u00eb Evrop\u00ebs q\u00eb u zhvillua t\u00eb enjten, m\u00eb 2 n\u00ebntor 2023 n\u00eb Berlin.<\/p>\n<p><strong>DW<\/strong>: Ministjra gjermane e pun\u00ebve te Jashtme,\u00a0Annalena Baerbock, ftoi n\u00eb Berlin, m\u00eb 2 n\u00ebntor, p\u00ebrfaq\u00ebsues t\u00eb vendeve t\u00eb ndryshme t\u00eb BE-s\u00eb dhe vendeve kandidate dhe aderuese p\u00ebr t\u00eb biseduar p\u00ebr t\u00eb ardhmen e BE-s\u00eb. Cilat jan\u00eb pritm\u00ebrit\u00eb e Kosov\u00ebs?<\/p>\n<p>G\u00ebrvalla Schwarz: \u00cbsht\u00eb mir\u00eb q\u00eb Gjermania ka ftuar t\u00eb bisedojm\u00eb p\u00ebr Bashkimin Evropian s\u00eb bashku me shtetet t\u00eb cilat e aspirojn\u00eb Bashkimin Evropian. \u00cbsht\u00eb po ashtu me r\u00ebnd\u00ebsi q\u00eb t\u00eb mos\u00a0 harrojm\u00eb prioritetet kryesore me t\u00eb cilat ballafaqohet Bashkimi Evropian dhe t\u00eb gjitha shtetet n\u00eb Evrop\u00eb, n\u00eb koh\u00ebrat kur lufta \u00ebsht\u00eb rikthyer n\u00eb Evrop\u00eb. N\u00eb koh\u00ebrat kur lufta rrezikohet t\u00eb shp\u00ebrndahet edhe m\u00eb tej n\u00eb kontinentin ton\u00eb, nevojitet nj\u00eb gjuh\u00eb e qart\u00eb, nj\u00eb strategji e qart\u00eb e Bashkimit Evropian dhe n\u00eb radh\u00eb t\u00eb par\u00eb edhe e shteteve t\u00eb m\u00ebdha dhe t\u00eb fuqishme si Gjermania.<\/p>\n<p><strong>DW<\/strong>: \u00c7far\u00eb duhet t\u00eb b\u00ebj\u00eb\u00a0Bashkimi Evropian\u00a0p\u00ebr t\u00eb zgjidhur ng\u00ebr\u00e7in mes Kosov\u00ebs dhe Serbis\u00eb?<\/p>\n<p>G\u00ebrvalla-Schwarz: Jemi n\u00eb pritje t\u00eb deklarohet p\u00ebr at\u00eb \u00e7ka ka ndodhur n\u00eb 24 shtator. Ende jemi n\u00eb pritje dhe ende p\u00ebrgjigja q\u00eb d\u00ebgjojm\u00eb \u00ebsht\u00eb q\u00eb ende nuk kemi p\u00ebrfunduar hetimet. Mendoj q\u00eb do t\u00eb duhet t\u00eb ishin p\u00ebrfunduar koh\u00eb m\u00eb par\u00eb, sepse d\u00ebshmit\u00eb jan\u00eb shum\u00eb t\u00eb qarta rreth asaj \u00e7far\u00eb ka ndodhur m\u00eb \u00a024 shtator n\u00eb Kosov\u00eb, akti i 24 shtatorit \u00ebsht\u00eb kryer me metoda terroriste, por ka qen\u00eb nj\u00eb akt i hapur \u00a0q\u00eb ka tentuar t\u00eb aneksoj\u00eb, pra, t\u00eb pushtoj\u00eb territor t\u00eb Kosov\u00ebs dhe presim nj\u00eb gjuh\u00eb shum\u00eb t\u00eb qart\u00eb nga Bashkimi Evropian dhe shtetet an\u00ebtare t\u00eb Bashkimit Evropian se p\u00ebrndryshe besimi p\u00ebr t\u00eb negociuar \u00a0me Serbin\u00eb \u00ebsht\u00eb dob\u00ebsuar shum\u00eb.<\/p>\n<p><strong>DW<\/strong>: Ju edhe m\u00eb par\u00eb keni b\u00ebr\u00eb thirrje n\u00eb adres\u00eb t\u00eb BE-s\u00eb, por ajo nuk e ka ndryshuar q\u00ebndrimin. \u00c7far\u00eb prisni t\u00eb ndodh\u00eb konkretisht?<\/p>\n<p>G\u00ebrvalla-Schwarz: Ne vet\u00ebm mund t\u2019i b\u00ebjm\u00eb thirrje Bashkimit Evropian, nuk mund t\u2019i imponojm\u00eb q\u00ebndrimet tona. \u00a0Ne mund t\u00eb sensibilizojm\u00eb dhe t\u00eb jemi t\u00eb qart\u00eb, qoft\u00eb n\u00eb paraqitjen e d\u00ebshmive rreth \u00a0aktit t\u00eb agresionit \u00a0q\u00eb \u00ebsht\u00eb kryer, po ashtu q\u00eb t\u00eb shfryt\u00ebzojm\u00eb t\u00eb gjitha kanalet diplomatike dhe publike p\u00ebr t\u00eb sensibilizuar shtetet. Kjo \u00ebsht\u00eb ajo \u00e7ka mund t\u00eb b\u00ebjm\u00eb ne, tjetra ka t\u00eb b\u00ebj\u00eb me Bashkimin Evropian, dhe un\u00eb nuk besoj q\u00eb Bashkimi Evropian d\u00ebshiron dhe kjo konferenc\u00eb \u00ebsht\u00eb nj\u00eb mund\u00ebsi e mir\u00eb, \u00a0\u00a0nuk besoj q\u00eb \u00a0BE t\u00eb\u00a0 mos humbas\u00eb m\u00eb shum\u00eb nga kredibiliteti edhe ashtu shum\u00eb i shpenzuar n\u00eb rajonin ton\u00eb.<\/p>\n<p><strong>DW<\/strong>: A e ka pranuar Kosova zyrtarisht Asociacionin\u2026<\/p>\n<p>G\u00ebrvalla-Schwarz: Nuk e di p\u00ebr cilin asociacion e keni fjal\u00ebn, ka nj\u00eb asociacion i vitit \u00a02013,\u00a0 \u00ebsht\u00eb b\u00ebr\u00eb nj\u00eb marr\u00ebveshje mes Kosov\u00ebs dhe Serbis\u00eb, t\u00eb cil\u00ebn Gjykata e vitit 2015 e ka shpallur \u00a0si shkelje t\u00eb m\u00eb shum\u00eb se 22 neneve. Ne kemi nj\u00eb propozim t\u00eb ri, nj\u00eb dokument t\u00eb ri t\u00eb Bashkimit Evropian, n\u00eb vija t\u00eb trasha ka nj\u00eb qasje krejt tjet\u00ebr nga n\u00eb t\u00eb kaluar\u00ebt. Por k\u00ebto jan\u00eb \u00a0t\u00eb gjitha gj\u00ebrat q\u00eb ne do t\u2019i bisedojm\u00eb gjat\u00eb nj\u00eb procesi intensiv me Bashkimin Evropian dhe e gjitha kjo varet se a do t\u00eb jet\u00eb ky propozim, ai i cili do t\u00eb sjell\u00eb normalizimin p\u00ebrfundimtar me Serbin\u00eb apo jo. N\u00ebse \u00e7far\u00eb do lloj dokumenti sh\u00ebrben vet\u00ebm p\u00ebr Kosov\u00ebn dhe nuk sh\u00ebrben p\u00ebr normalizimin e marr\u00ebdh\u00ebnieve me fqinjin ton\u00eb at\u00ebher\u00eb ne jemi shum\u00eb skeptik se sa i p\u00ebrshtatsh\u00ebm \u00ebsht\u00eb ai p\u00ebr t\u2019u diskutuar.<\/p>\n<p><strong>DW<\/strong>: Kancelari gjerman\u00a0Olaf Scholz tha q\u00eb ju\u00a0e keni pranuar propozimin p\u00ebr Asociacionin.<\/p>\n<p>G\u00ebrvalla-Schwarz: Po t\u00eb lexoni me kujdes deklarat\u00ebn e kryeministrit pas takimit n\u00eb Bruksel, at\u00ebher\u00eb do ta dini q\u00eb kryeministri ka b\u00ebr\u00eb nj\u00eb deklarat\u00eb t\u00eb hapur dhe t\u00eb sinqert\u00eb p\u00ebr n\u00ebnshkrim t\u00eb tri dokumenteve. Po at\u00eb dit\u00eb Serbia e ka refuzuar at\u00eb ofert\u00eb t\u00eb kryeministrit ton\u00eb p\u00ebrmes Bashkimit Evropian, prandaj nj\u00eb gj\u00eb e till\u00eb tani \u00ebsht\u00eb shtyr\u00eb p\u00ebr n\u00eb t\u00eb ardhmen, dhe se si do t\u00eb ndodh\u00eb n\u00eb t\u00eb ardhmen, dhe a do t\u00eb ndodh\u00eb n\u00eb t\u00eb ardhmen, mbeten t\u00eb gjitha pyetje t\u00eb hapura.<\/p>\n","protected":false},"excerpt":{"rendered":"<p>Intervist\u00eb me z\u00ebvend\u00ebskryeministren dhe ministren e Pun\u00ebve t\u00eb Jashmte t\u00eb Kosov\u00ebs, Donika G\u00ebrvalla-Schwarz p\u00ebr pritm\u00ebrit\u00eb e Kosov\u00ebs, me rastin e konferenc\u00ebs s\u00eb Evrop\u00ebs q\u00eb u zhvillua t\u00eb enjten, m\u00eb 2 n\u00ebntor 2023 n\u00eb Berlin. DW: Ministjra gjermane e pun\u00ebve te Jashtme,\u00a0Annalena Baerbock, ftoi n\u00eb Berlin, m\u00eb 2 n\u00ebntor, p\u00ebrfaq\u00ebsues t\u00eb vendeve t\u00eb ndryshme t\u00eb BE-s\u00eb [&hellip;]<\/p>\n","protected":false},"author":1,"featured_media":4557,"comment_status":"closed","ping_status":"closed","sticky":false,"template":"","format":"standard","meta":{"footnotes":""},"categories":[9],"tags":[],"class_list":{"0":"post-5120","1":"post","2":"type-post","3":"status-publish","4":"format-standard","5":"has-post-thumbnail","7":"category-vendi"},"_links":{"self":[{"href":"https:\/\/syri.tv\/index.php?rest_route=\/wp\/v2\/posts\/5120","targetHints":{"allow":["GET"]}}],"collection":[{"href":"https:\/\/syri.tv\/index.php?rest_route=\/wp\/v2\/posts"}],"about":[{"href":"https:\/\/syri.tv\/index.php?rest_route=\/wp\/v2\/types\/post"}],"author":[{"embeddable":true,"href":"https:\/\/syri.tv\/index.php?rest_route=\/wp\/v2\/users\/1"}],"replies":[{"embeddable":true,"href":"https:\/\/syri.tv\/index.php?rest_route=%2Fwp%2Fv2%2Fcomments&post=5120"}],"version-history":[{"count":2,"href":"https:\/\/syri.tv\/index.php?rest_route=\/wp\/v2\/posts\/5120\/revisions"}],"predecessor-version":[{"id":5122,"href":"https:\/\/syri.tv\/index.php?rest_route=\/wp\/v2\/posts\/5120\/revisions\/5122"}],"wp:featuredmedia":[{"embeddable":true,"href":"https:\/\/syri.tv\/index.php?rest_route=\/wp\/v2\/media\/4557"}],"wp:attachment":[{"href":"https:\/\/syri.tv\/index.php?rest_route=%2Fwp%2Fv2%2Fmedia&parent=5120"}],"wp:term":[{"taxonomy":"category","embeddable":true,"href":"https:\/\/syri.tv\/index.php?rest_route=%2Fwp%2Fv2%2Fcategories&post=5120"},{"taxonomy":"post_tag","embeddable":true,"href":"https:\/\/syri.tv\/index.php?rest_route=%2Fwp%2Fv2%2Ftags&post=5120"}],"curies":[{"name":"wp","href":"https:\/\/api.w.org\/{rel}","templated":true}]}}