{"id":5097,"date":"2023-10-24T17:29:32","date_gmt":"2023-10-24T17:29:32","guid":{"rendered":"https:\/\/syri.tv\/?p=5097"},"modified":"2023-10-24T17:29:32","modified_gmt":"2023-10-24T17:29:32","slug":"protesta-paqesore-e-mbajtur-ne-prishtine-kunder-diskriminimit-qe-po-ushtron-serbia-ndaj-shqiptareve","status":"publish","type":"post","link":"https:\/\/syri.tv\/?p=5097","title":{"rendered":"Protesta paq\u00ebsore e mbajtur n\u00eb Prishtin\u00eb, kund\u00ebr diskriminimit q\u00eb po ushtron  Serbia ndaj shqiptar\u00ebve"},"content":{"rendered":"<div dir=\"auto\">Me rastin e mbajtjes\u00eb s\u00eb protest\u00ebs\u00a0 paq\u00ebsore me mb\u00ebshtetje\u00a0 gjith\u00ebpopullore, ku Serbia\u00a0 vazhdon diskriminimin n\u00eb vendbanime shqiptare.<\/div>\n<div dir=\"auto\">N\u00ebn organizimin e K\u00ebshillit Organizativ\u00eb,<\/div>\n<div dir=\"auto\"><\/div>\n<div dir=\"auto\">Kuvendit Komb\u00ebtar\u00eb Shqiptar\u00eb p\u00ebr Kosov\u00eb,\u00a0 n\u00eb bash\u00ebkpunim me Unionin Shqiptar\u00eb i Shoq\u00ebris\u00eb Civile,<\/div>\n<div dir=\"auto\"><\/div>\n<div dir=\"auto\">T\u00eb nderuar pjes\u00ebmarr\u00ebs nga gjith\u00eb hapsirat tona shqiptare,<\/div>\n<div dir=\"auto\">Ju drejtohem bashk\u00ebvendas\u00ebve k\u00ebtu nga Kryeqendra e Kosov\u00ebs-Prishtina, prandaj para s\u00eb gjithash, m\u00eb lejoni q\u00eb n\u00eb k\u00ebt\u00eb protest paq\u00ebsore me mb\u00ebshtetje\u00a0 gjith\u00ebpopullore\u00a0 t\u00eb shprehim e manifestojm n\u00eb mbrojtje t\u00eb trojeve st\u00ebrgjyshore<\/div>\n<div dir=\"auto\">t\u00eb Rajonit t\u00eb Preshev\u00ebs, Medvegj\u00ebs dhe Bujanocit.<\/div>\n<div dir=\"auto\"><\/div>\n<div dir=\"auto\">Ne Shqiptar\u00ebt,\u00a0 n\u00eb Serbi\u00a0 jetojm n\u00eb kushte pushtimi klasik,u\u00a0 jemi ekzpozuar frig\u00ebs, urrejtjes, militarizimit, n\u00ebn tendenca t\u00eb vazhdueshme p\u00ebr shp\u00ebrngulje, asimilim e pastrim etnik.<\/div>\n<div dir=\"auto\"><\/div>\n<div dir=\"auto\">Ndaj nesh\u00a0 Serbia, vazhdon\u00a0 shkelje, cenim, mohim t\u00eb s\u00eb\u00a0 drejt\u00ebs n\u00eb p\u00ebrfaq\u00ebsim proporcional me\u00a0 numrin e banor\u00ebve, aktualisht jemi\u00a0 si nj\u00eb nd\u00ebr\u00a0 Rajonet m\u00eb t\u00eb pazhvilluara dhe m\u00eb t\u00eb diskriminuara n\u00eb gjith\u00eb Evrop\u00ebn, nj\u00eb tretman q\u00eb ka prekur kufinjt\u00eb e segregacionit, racizmit dhe aparteidit,\u00a0 \u00a0dhe i themi:<\/div>\n<div dir=\"auto\"><\/div>\n<div dir=\"auto\"><\/div>\n<div dir=\"auto\">STOP-Diskriminimit p\u00ebrmes\u00eb pastrimit etnik-pasivizimit, zhvendosjes dhe d\u00ebbimit,<\/div>\n<div dir=\"auto\">\u00a0 \u00a0STOP-Diskriminimit n\u00eb p\u00ebrdorimin e Gjuh\u00ebs Shqipe, t\u00eb Simbolit Komb\u00ebtar\u00eb, n\u00eb investime e P\u00ebrfaq\u00ebsime<\/div>\n<div dir=\"auto\"><\/div>\n<div dir=\"auto\"><\/div>\n<div dir=\"auto\">N\u00eb k\u00ebt\u00eb protest paq\u00ebsore me mb\u00ebshtetje\u00a0 gjith\u00ebpopullore,\u00a0 ngrisim z\u00ebrin e artikuluar q\u00eb t\u00eb pranohet vullneti i shprehur n\u00eb m\u00ebnyr\u00eb plebishtare Referendumi i dat\u00ebs\u00a0 1 e 2 mars 1992, k\u00ebrkojm zbatimin e marr\u00ebveshjes s\u00eb Kon\u00e7ulit, n\u00eb jet\u00ebsimin\u00a0 e marr\u00ebveshjes p\u00ebr formimin e Bashk\u00ebsive t\u00eb\u00a0 komunave\u00a0 t\u00eb Preshev\u00ebs, Medvegj\u00ebs, e Bujanocit,\u00a0 k\u00ebrkojm themelimin e Institutit p\u00ebr Trash\u00ebgimin dhe Krijimtarin Kulturore t\u00eb Shqiptar\u00ebve, themelimin e Universitetit Publik n\u00eb Gjuh\u00ebn Shqipe, dhe kthimin\u00a0 e Lapidarit t\u00eb U\u00c7PMB-\u00ebs n\u00eb Preshev\u00eb.<\/div>\n<div dir=\"auto\"><\/div>\n<div dir=\"auto\">Ne, nga Krahina shqiptare e mbetur padrejt\u00ebsisht\u00a0 n\u00ebn administrimin e Serbis\u00eb, m\u00eb s\u00eb shumti kemi arsye t\u00eb protestojm, t\u00eb ndalen kurdisjet e gjygjeve politike\u00a0 ndaj Ushtar\u00ebve t\u00eb U\u00c7PMB-\u00ebs,\u00a0 q\u00eb t\u00eb l\u00ebvizim lirsh\u00ebm dhe Beogradi t\u00eb demilitarizoj dhe heq\u00eb bazat e shumta ushtarake nga vendbanimet shqiptare ve\u00e7mas me zonat kufitare me Republik\u00ebn e Kosov\u00ebs, t\u00eb cilat prodhojn pasiguri dhe\u00a0 presion t\u00eb vazhduesh\u00ebm p\u00ebr shp\u00ebrngulje.<\/div>\n<div dir=\"auto\"><\/div>\n<div dir=\"auto\">Nga kjo protest paq\u00ebsore, apelojm\u00a0 tek mekanizma e instanca t\u00eb BE-ja, t\u00eb vlen Reciprociteti,\u00a0 se t\u00eb drejtat e nj\u00ebjta t\u00eb cilat do t\u2019i ken\u00eb serb\u00ebt n\u00eb Kosov\u00eb, duhet t\u2019i ken\u00eb edhe shqiptar\u00ebt n\u00eb Serbi, k\u00ebshtu\u00a0 t\u00eb mbrojn t\u00eb nj\u00ebjtat standarde edhe p\u00ebr Preshev\u00eb, Medvegj\u00eb, e Bujanoc, t\u00eb vizitojn e\u00a0 rrisin prezenc\u00ebn dhe monitorimin si OSBE-ja\u00a0 duke garantuar t\u00eb drejtat indviduale dhe kolektive,shqiptar\u00ebt nga\u00a0 Krahina e Sanxhakut\u00a0 dhe Preshev\u00eb, Medvegj\u00eb, e Bujanoc,\u00a0 t\u00eb p\u00ebrfaq\u00ebsohen me vende t\u00eb rezervuara n\u00eb Parlamentin e Serbis\u00eb.<\/div>\n<div dir=\"auto\"><\/div>\n<div dir=\"auto\">T\u00eb nderuar\u00a0 t\u00eb pranish\u00ebm,<\/div>\n<div dir=\"auto\">Prishtina dhe Tirana zyrtare, kan obligim komb\u00ebtar\u00eb, me politika proaktive, dhe\u00a0 t\u00eb p\u00ebrfaq\u00ebsojn interesat edhe t\u00eb k\u00ebsaj krahine p\u00ebrmes\u00eb nj\u00eb platforme t\u00eb p\u00ebrbashk\u00ebt, kur \u00ebsht\u00eb n\u00eb pyetje Referendumi i dat\u00ebs\u00a0 1 e 2 mars 1992, kryengritja e aramatosur e dhe sakrifica p\u00ebr liri e U\u00c7PMB-\u00ebs,etj<\/div>\n<div dir=\"auto\"><\/div>\n<div dir=\"auto\">Subjektet politike nga k\u00ebto tri komuna, gjithnj\u00eb t\u00eb jen dhe t\u00eb paraqiten me k\u00ebrkesa t\u00eb artikuluara dhe me q\u00ebndrim t\u00eb unifikuara.<\/div>\n<div dir=\"auto\"><\/div>\n<div dir=\"auto\">Lavdi t\u00eb gjith\u00eb t\u00eb r\u00ebn\u00ebve e t\u00eb gjitha koh\u00ebrave dhe ata q\u00eb kan\u00eb kontribuar p\u00ebr lirin dhe mbajtjen gjall\u00eb t\u00eb Preshev\u00ebs, Medvegj\u00ebs, e Bujanocit.<\/div>\n<div dir=\"auto\"><\/div>\n<div dir=\"auto\">Fjala e mbajtur\u00a0 para t\u00eb pranishm\u00ebve, nga profesori Refik HASANI.<\/div>\n<div dir=\"auto\"><\/div>\n","protected":false},"excerpt":{"rendered":"<p>Me rastin e mbajtjes\u00eb s\u00eb protest\u00ebs\u00a0 paq\u00ebsore me mb\u00ebshtetje\u00a0 gjith\u00ebpopullore, ku Serbia\u00a0 vazhdon diskriminimin n\u00eb vendbanime shqiptare. N\u00ebn organizimin e K\u00ebshillit Organizativ\u00eb, Kuvendit Komb\u00ebtar\u00eb Shqiptar\u00eb p\u00ebr Kosov\u00eb,\u00a0 n\u00eb bash\u00ebkpunim me Unionin Shqiptar\u00eb i Shoq\u00ebris\u00eb Civile, T\u00eb nderuar pjes\u00ebmarr\u00ebs nga gjith\u00eb hapsirat tona shqiptare, Ju drejtohem bashk\u00ebvendas\u00ebve k\u00ebtu nga Kryeqendra e Kosov\u00ebs-Prishtina, prandaj para s\u00eb gjithash, [&hellip;]<\/p>\n","protected":false},"author":1,"featured_media":5098,"comment_status":"closed","ping_status":"closed","sticky":false,"template":"","format":"standard","meta":{"footnotes":""},"categories":[9],"tags":[],"class_list":{"0":"post-5097","1":"post","2":"type-post","3":"status-publish","4":"format-standard","5":"has-post-thumbnail","7":"category-vendi"},"_links":{"self":[{"href":"https:\/\/syri.tv\/index.php?rest_route=\/wp\/v2\/posts\/5097","targetHints":{"allow":["GET"]}}],"collection":[{"href":"https:\/\/syri.tv\/index.php?rest_route=\/wp\/v2\/posts"}],"about":[{"href":"https:\/\/syri.tv\/index.php?rest_route=\/wp\/v2\/types\/post"}],"author":[{"embeddable":true,"href":"https:\/\/syri.tv\/index.php?rest_route=\/wp\/v2\/users\/1"}],"replies":[{"embeddable":true,"href":"https:\/\/syri.tv\/index.php?rest_route=%2Fwp%2Fv2%2Fcomments&post=5097"}],"version-history":[{"count":1,"href":"https:\/\/syri.tv\/index.php?rest_route=\/wp\/v2\/posts\/5097\/revisions"}],"predecessor-version":[{"id":5099,"href":"https:\/\/syri.tv\/index.php?rest_route=\/wp\/v2\/posts\/5097\/revisions\/5099"}],"wp:featuredmedia":[{"embeddable":true,"href":"https:\/\/syri.tv\/index.php?rest_route=\/wp\/v2\/media\/5098"}],"wp:attachment":[{"href":"https:\/\/syri.tv\/index.php?rest_route=%2Fwp%2Fv2%2Fmedia&parent=5097"}],"wp:term":[{"taxonomy":"category","embeddable":true,"href":"https:\/\/syri.tv\/index.php?rest_route=%2Fwp%2Fv2%2Fcategories&post=5097"},{"taxonomy":"post_tag","embeddable":true,"href":"https:\/\/syri.tv\/index.php?rest_route=%2Fwp%2Fv2%2Ftags&post=5097"}],"curies":[{"name":"wp","href":"https:\/\/api.w.org\/{rel}","templated":true}]}}