{"id":5060,"date":"2023-09-29T10:23:45","date_gmt":"2023-09-29T10:23:45","guid":{"rendered":"https:\/\/syri.tv\/?p=5060"},"modified":"2023-09-29T10:23:45","modified_gmt":"2023-09-29T10:23:45","slug":"televizionet-private-ne-kosove-filiala-te-rts-it","status":"publish","type":"post","link":"https:\/\/syri.tv\/?p=5060","title":{"rendered":"TELEVIZIONET PRIVATE N\u00cb KOSOV\u00cb FILIALA T\u00cb RTS-it!"},"content":{"rendered":"<div class=\"x11i5rnm xat24cr x1mh8g0r x1vvkbs xtlvy1s x126k92a\">\n<div dir=\"auto\"><img loading=\"lazy\" loading=\"lazy\" decoding=\"async\" class=\"alignnone  wp-image-3731\" src=\"https:\/\/syri.tv\/wp-content\/uploads\/2023\/06\/FBT.png\" alt=\"\" width=\"164\" height=\"163\" srcset=\"https:\/\/syri.tv\/wp-content\/uploads\/2023\/06\/FBT.png 210w, https:\/\/syri.tv\/wp-content\/uploads\/2023\/06\/FBT-150x150.png 150w\" sizes=\"auto, (max-width: 164px) 100vw, 164px\" \/><\/div>\n<div dir=\"auto\">Fatmir Brajshori-Tushi<\/div>\n<div dir=\"auto\"><\/div>\n<div dir=\"auto\">\u00cbsht\u00eb e dhimbshme, e mjer\u00eb ,shum\u00eb e sh\u00ebmtuar ajo q\u00eb ngjau mbr\u00ebm\u00eb n\u00eb TV Dukagjini, n\u00eb TVen e Ekrem Lluk\u00ebs nj\u00eb \u201e bisnismen\u201c q\u00eb kryesisht\u00eb njihet si bashk\u00ebpun\u00ebtor ( n\u00eb bisnis) me \u201e Braqa Kariq.\u201c<\/div>\n<div dir=\"auto\">Q\u00eb t\u00ebrthorazi do t\u2018thot\u00eb q\u00eb ky televizion \u00ebsht\u00eb edhe i k\u00ebtyre Kariq\u00ebve.<\/div>\n<\/div>\n<div class=\"x11i5rnm xat24cr x1mh8g0r x1vvkbs xtlvy1s x126k92a\">\n<div dir=\"auto\">1.<\/div>\n<div dir=\"auto\">T\u00eb ecim hap pas hapi.<\/div>\n<div dir=\"auto\">Nexhmedin Spahiu,t\u00eb cilin e njohim t\u00eb gjith\u00eb, si p\u00ebr t\u2018kaluar\u00ebn e tij dhe synimet e tashme po ashtu t\u00eb tija.<\/div>\n<div dir=\"auto\">NEXHMEDIN SPAHIU NJ\u00cb NAT\u00cb N\u00cb KANALIN 10, e tha nj\u00eb t\u00eb v\u00ebrtet\u00eb t\u00eb madhe.<\/div>\n<\/div>\n<div class=\"x11i5rnm xat24cr x1mh8g0r x1vvkbs xtlvy1s x126k92a\">\n<div dir=\"auto\">Derisa debati po zhvillohej, p\u00ebr nj\u00eb moment Arben Ahmeti i tha:<\/div>\n<div dir=\"auto\">\u201e Nexh\u00eb edhe ti e ke nj\u00eb televizion por ke d\u00ebshtuar me televizionin t\u00ebnd!\u201c<\/div>\n<\/div>\n<div class=\"x11i5rnm xat24cr x1mh8g0r x1vvkbs xtlvy1s x126k92a\">\n<div dir=\"auto\">Nexhmedin Spahiu ia ktheu aty p\u00ebr aty:<\/div>\n<div dir=\"auto\">\u201e Po sepse un\u00eb p\u00ebr TVen time s\u2018kam marr\u00eb para nga SERBIA!\u201c<\/div>\n<div dir=\"auto\">Dhe Nexhmedin Spahiu e tha nj\u00eb t\u00eb v\u00ebrtet\u00eb! Pastaj u dhez ai drejtori i kanal 10-tshit.<\/div>\n<div dir=\"auto\">Po nj\u00ebsoj si ai Astrit Gashi t\u00eb cilin askush nuk e di se kush e b\u00ebri \u201e gazetar?\u201c. Sa p\u00ebr analista, me porosi t\u00eb padron\u00ebve, ata jan\u00eb krijuar dhe vet\u00ebm bisedat e tyre t\u00eb kafeneve i kan\u00eb transferuar n\u00eb studiot televizive, t\u00eb financuara me para serbo &#8211; ruse.<\/div>\n<div dir=\"auto\">Rusia nd\u00ebrhyri n\u00eb zgjedhjet presidenciale n\u00eb SHBA dhe sa qel e mshel syt\u00eb, elektoratin q\u00eb ishte p\u00ebr Hilari Klinton, e ktheu n\u00eb favor t\u00eb Donald Trampit e s\u2018po t\u2018i kthen TVet si ato private n\u00eb Kosov\u00eb dhe portalet e k\u00ebtyre pun\u00ebtor\u00ebve t\u00eb spiunazhit serb, q\u00eb na u kan\u00eb katapultuar p\u00ebr \u00e7do mbr\u00ebmje si \u201e analista politik\u00eb.\u201c<\/div>\n<\/div>\n<div class=\"x11i5rnm xat24cr x1mh8g0r x1vvkbs xtlvy1s x126k92a\">\n<div dir=\"auto\">2.<\/div>\n<div dir=\"auto\">EDHE UN\u00cb JAM AFRIM CAKA<\/div>\n<div dir=\"auto\">Nj\u00eb far\u00eb udh\u00ebheq\u00ebsi,i nj\u00eb emisioni \u201e DEBAT\u201c me emrin Ermal Panduri, q\u00eb kishte d\u00ebmtuar shtetin e Kosov\u00ebs, malet e Kosov\u00ebs duke uzurpuar tok\u00eb, p\u00ebr Vilen e tij t\u00eb nd\u00ebrtuar, me parat q\u00eb vet\u00ebm, Ai e di, nga i ka ngaq\u00eb me pagen e gazetarit,nj\u00eb luks t\u00eb till\u00eb s\u2018mundesh t\u2018ja lejosh vet\u00ebs, e p\u00ebrzuri nga studioja e \u201e DEBATIT\u201c nj\u00eb t\u00eb burgosur politik\u00eb ngaq\u00eb Ai fliste t\u00eb V\u00cbRTET\u00cbN dhe d\u00ebshmonte p\u00ebr Radojqiqin, se ishte kriminel lufte q\u00eb kishte vrar\u00eb tre shqiptar\u00eb n\u00eb qytetin e Gjakov\u00ebs!<\/div>\n<\/div>\n<div class=\"x11i5rnm xat24cr x1mh8g0r x1vvkbs xtlvy1s x126k92a\">\n<div dir=\"auto\">Afrim Caka gaboj q\u00eb tregoj se kush ishte Radojqiqi!<\/div>\n<div dir=\"auto\">Nuk jan\u00eb TVet private t\u00eb Kosov\u00ebs ku mund t\u00eb shprehesh n\u00eb at\u00eb m\u00ebnyr\u00eb p\u00ebr Radojqiqin ngaq\u00eb financuesi kryesor i atyre televizioneve \u00ebsht\u00eb pikrisht\u00eb Radojqiqi.<\/div>\n<div dir=\"auto\">Ua tha troq Nexhmedin Spahiu!<\/div>\n<div dir=\"auto\">Ermal Panduri e fton n\u00eb TV mikun e tij Fatmir Shehollin. Ai k\u00ebrcenon, shpif, manipulon por nuk guxon ta largoj\u00eb nga emisioni.<\/div>\n<div dir=\"auto\">E dini pse?<\/div>\n<div dir=\"auto\">Sepse Fatmir Sheholli tregon pastaj si Nexhmedin Spahiu se nga i marrin parat Ermal Panduri me shok\u00eb; ata jan\u00eb sot njer\u00ebzit m\u00eb t\u00eb pasur n\u00eb Kosov\u00eb.<\/div>\n<div dir=\"auto\">Kujtone Klan Kosova, pronarin dhe ku dhe nga kush kishte marr\u00eb licensen p\u00ebr pun\u00eb!<\/div>\n<\/div>\n<div class=\"x11i5rnm xat24cr x1mh8g0r x1vvkbs xtlvy1s x126k92a\">\n<div dir=\"auto\">3.<\/div>\n<div dir=\"auto\">Kush ishin m\u00eb t\u00eb z\u00ebshmit n\u00eb k\u00ebto q\u00ebndrime:<\/div>\n<div dir=\"auto\">\u201e Zajednica duhet gjith\u00ebsesi t\u00eb formojet!\u201c<\/div>\n<div dir=\"auto\">\u201e KFORi me marr\u00eb n\u00ebn kontroll Veriun e Mitrovices!\u201c<\/div>\n<div dir=\"auto\">\u201e Kosova duhet me dhan\u00eb di\u00e7ka!\u201c<\/div>\n<div dir=\"auto\">\u201e Lista Serbe \u00ebsht\u00eb pjes\u00eb e jona!\u201c<\/div>\n<\/div>\n<div class=\"x11i5rnm xat24cr x1mh8g0r x1vvkbs xtlvy1s x126k92a\">\n<div dir=\"auto\">4.<\/div>\n<div dir=\"auto\">Kur Serbia e kishte d\u00ebrguar Kosov\u00ebn n\u00eb GJND me akuz\u00ebn \u201e pavarsi e nj\u00eb anshme\u201c kishte b\u00eb nj\u00eb gabim shum\u00eb t\u00eb madh dhe p\u00ebr k\u00ebt\u00eb arsye, ajo kishte dal si humb\u00ebse ngaq\u00eb kishte angazhuar avokat dhe jurist serb dhe t\u00eb huaj!<\/div>\n<div dir=\"auto\">Serbia do ta kishte fituar procesin gjyq\u00ebsor 100% sikur t\u2018i kishte angazhuar si mbrojt\u00ebs t\u00eb s\u00eb drejt\u00ebs s\u00eb saj k\u00ebta \u201e analist\u00ebt e TVD, TV7, Kanali10, Klan Kosova, Tev\u00eb1 etj.<\/div>\n<div dir=\"auto\">M\u00eb mir\u00eb t\u2018i kishte paguar at\u00ebher\u00eb se q\u00eb i paguan sot.<\/div>\n<\/div>\n<div class=\"x11i5rnm xat24cr x1mh8g0r x1vvkbs xtlvy1s x126k92a\">\n<div dir=\"auto\">5.<\/div>\n<div dir=\"auto\">Vet\u00ebm nj\u00eb pyetje p\u00ebr Astrit Gashin dhe Ermal Pandurin:<\/div>\n<div dir=\"auto\">Ju trimat e studiove televizive q\u00eb b\u00ebni ciu viu para Fatmir Shehollit, ku ishit n\u00eb koh\u00ebn e luft\u00ebs; ku ishin prind\u00ebrit e juaj gjat\u00eb viteve t\u00eb 80-ta; ku ishit Ju, kur nga Veriu i Mitrovices d\u00ebboheshin shqiptar\u00ebt; ku ishit Ju q\u00eb nuk shkonit me ja ngjitur p\u00ebr fyti Radojqiqit i cili p\u00ebr \u00e7do dit\u00eb po ua shan\u00eb n\u00ebnat?<\/div>\n<div dir=\"auto\">Ku ishit?<\/div>\n<\/div>\n<div class=\"x11i5rnm xat24cr x1mh8g0r x1vvkbs xtlvy1s x126k92a\">\n<div dir=\"auto\">6.<\/div>\n<div dir=\"auto\">Edhe un\u00eb i bashkangjitem fjal\u00ebve t\u00eb Afrim Cak\u00ebs!<\/div>\n<div dir=\"auto\">Tani u b\u00ebm\u00eb edhe ne dy; pra dy me dy!<\/div>\n<div dir=\"auto\">Po presim se kush po vjen me na kap p\u00ebr fyti?!<\/div>\n<div dir=\"auto\">Ve\u00e7 merrne edhe Radojqiqin me veti.<\/div>\n<div dir=\"auto\"><\/div>\n<div dir=\"auto\">\u00a0<img loading=\"lazy\" loading=\"lazy\" decoding=\"async\" class=\"alignnone size-large wp-image-5063\" src=\"https:\/\/syri.tv\/wp-content\/uploads\/2023\/09\/FT-1.png\" alt=\"\" width=\"340\" height=\"855\" srcset=\"https:\/\/syri.tv\/wp-content\/uploads\/2023\/09\/FT-1.png 340w, https:\/\/syri.tv\/wp-content\/uploads\/2023\/09\/FT-1-119x300.png 119w\" sizes=\"auto, (max-width: 340px) 100vw, 340px\" \/><\/div>\n<\/div>\n","protected":false},"excerpt":{"rendered":"<p>Fatmir Brajshori-Tushi \u00cbsht\u00eb e dhimbshme, e mjer\u00eb ,shum\u00eb e sh\u00ebmtuar ajo q\u00eb ngjau mbr\u00ebm\u00eb n\u00eb TV Dukagjini, n\u00eb TVen e Ekrem Lluk\u00ebs nj\u00eb \u201e bisnismen\u201c q\u00eb kryesisht\u00eb njihet si bashk\u00ebpun\u00ebtor ( n\u00eb bisnis) me \u201e Braqa Kariq.\u201c Q\u00eb t\u00ebrthorazi do t\u2018thot\u00eb q\u00eb ky televizion \u00ebsht\u00eb edhe i k\u00ebtyre Kariq\u00ebve. 1. T\u00eb ecim hap pas hapi. [&hellip;]<\/p>\n","protected":false},"author":1,"featured_media":5061,"comment_status":"closed","ping_status":"closed","sticky":false,"template":"","format":"standard","meta":{"footnotes":""},"categories":[9],"tags":[],"class_list":{"0":"post-5060","1":"post","2":"type-post","3":"status-publish","4":"format-standard","5":"has-post-thumbnail","7":"category-vendi"},"_links":{"self":[{"href":"https:\/\/syri.tv\/index.php?rest_route=\/wp\/v2\/posts\/5060","targetHints":{"allow":["GET"]}}],"collection":[{"href":"https:\/\/syri.tv\/index.php?rest_route=\/wp\/v2\/posts"}],"about":[{"href":"https:\/\/syri.tv\/index.php?rest_route=\/wp\/v2\/types\/post"}],"author":[{"embeddable":true,"href":"https:\/\/syri.tv\/index.php?rest_route=\/wp\/v2\/users\/1"}],"replies":[{"embeddable":true,"href":"https:\/\/syri.tv\/index.php?rest_route=%2Fwp%2Fv2%2Fcomments&post=5060"}],"version-history":[{"count":1,"href":"https:\/\/syri.tv\/index.php?rest_route=\/wp\/v2\/posts\/5060\/revisions"}],"predecessor-version":[{"id":5064,"href":"https:\/\/syri.tv\/index.php?rest_route=\/wp\/v2\/posts\/5060\/revisions\/5064"}],"wp:featuredmedia":[{"embeddable":true,"href":"https:\/\/syri.tv\/index.php?rest_route=\/wp\/v2\/media\/5061"}],"wp:attachment":[{"href":"https:\/\/syri.tv\/index.php?rest_route=%2Fwp%2Fv2%2Fmedia&parent=5060"}],"wp:term":[{"taxonomy":"category","embeddable":true,"href":"https:\/\/syri.tv\/index.php?rest_route=%2Fwp%2Fv2%2Fcategories&post=5060"},{"taxonomy":"post_tag","embeddable":true,"href":"https:\/\/syri.tv\/index.php?rest_route=%2Fwp%2Fv2%2Ftags&post=5060"}],"curies":[{"name":"wp","href":"https:\/\/api.w.org\/{rel}","templated":true}]}}