{"id":5053,"date":"2023-09-28T10:18:50","date_gmt":"2023-09-28T10:18:50","guid":{"rendered":"https:\/\/syri.tv\/?p=5053"},"modified":"2023-09-28T10:21:56","modified_gmt":"2023-09-28T10:21:56","slug":"a-jane-njerez-keta-me-iritoj-dhe-me-la-pa-fjale-nje-pishpirik-me-emrin-dardan-molliqaj","status":"publish","type":"post","link":"https:\/\/syri.tv\/?p=5053","title":{"rendered":"A JAN\u00cb NJER\u00cbZ K\u00cbTA? M\u00eb iritoj dhe m\u00eb la pa fjal\u00eb nj\u00eb PISHPIRIK me emrin Dardan Molliqaj"},"content":{"rendered":"<div class=\"xdj266r x11i5rnm xat24cr x1mh8g0r x1vvkbs x126k92a\">\n<div dir=\"auto\"><img loading=\"lazy\" loading=\"lazy\" decoding=\"async\" class=\"alignnone wp-image-3731\" src=\"https:\/\/syri.tv\/wp-content\/uploads\/2023\/06\/FBT.png\" alt=\"\" width=\"165\" height=\"164\" srcset=\"https:\/\/syri.tv\/wp-content\/uploads\/2023\/06\/FBT.png 210w, https:\/\/syri.tv\/wp-content\/uploads\/2023\/06\/FBT-150x150.png 150w\" sizes=\"auto, (max-width: 165px) 100vw, 165px\" \/><\/div>\n<div dir=\"auto\">Fatmir Brajshori- Tushi<\/div>\n<div dir=\"auto\"><\/div>\n<div dir=\"auto\">A JAN\u00cb NJER\u00cbZ K\u00cbTA?<\/div>\n<div dir=\"auto\">( Jo nuk jan\u00eb; m\u00eb par\u00eb jan\u00eb \u00e7etnik!)<\/div>\n<\/div>\n<div class=\"x11i5rnm xat24cr x1mh8g0r x1vvkbs xtlvy1s x126k92a\">\n<div dir=\"auto\">E di q\u00eb titulli nuk \u00ebsht\u00eb i duhuri. Do t\u00eb mund ta gjeja nj\u00eb m\u00eb t\u00eb mir\u00eb. Ishte e pamundur; thjesht nuk desha.<\/div>\n<\/div>\n<div class=\"x11i5rnm xat24cr x1mh8g0r x1vvkbs xtlvy1s x126k92a\">\n<div dir=\"auto\">M\u00eb iritoj dhe m\u00eb la pa fjal\u00eb nj\u00eb PISHPIRIK me emrin Dardan Molliqaj, i cili n\u00eb emisionin \u201e TOP STORY\u201c fliste me gjuh\u00ebn e Vuqiqit, Radojqiqit dhe Listes Serbe.<\/div>\n<div dir=\"auto\">E para nuk e di arsyen p\u00ebrse TVet shqiptare, ftojn n\u00eb emisione debati Fatmir Shehollin, Dardan Molliqajn dhe pishpirikat e tjer\u00eb t\u00eb Katjushes, kur k\u00ebta nuk p\u00ebrfaq\u00ebsojn ask\u00ebnd, ama bash ask\u0117nd dhe mendimi i tyre p\u00ebr situat\u00ebn aktuale \u00ebsht\u00eb i vlersh\u00ebm baras me mendimin e udh\u00ebheqesit t\u00eb indogjeneve nga Himalajet.<\/div>\n<div dir=\"auto\">N\u00eb emision derisa Artur Zheji, Marin Mema, Lorenc Angjeli, Alba Alishani gazetare dhe producente nga rajoni i Mitrovices si dhe nj\u00eb gazetar ekspert i siguris v\u00ebnin theksin q\u00eb momenti \u00ebsht\u00eb p\u00ebr \u201e bashkim, reflektim, unitet n\u00eb mendime dhe t\u00eb gjith\u00eb t\u00eb renditen pas Kosov\u00ebs\u201c ky pishpiriki Molliqaj duke u sarrakuq,nj\u00eb dy pallte \u201e Albini e ka pranue Zajednicen\u201c si dhe tha q\u00eb \u201e at\u00eb q\u00eb b\u00ebnte Millosheviqi me shqiptar\u00ebt t\u00eb nj\u00ebjt\u00ebn gj\u00eb po e b\u00eb Albini me serb\u00ebt!\u201c<\/div>\n<div dir=\"auto\">A ka more n\u00eb at\u00eb Kosov\u00eb prokuror, AKI por edhe TV normale?<\/div>\n<div dir=\"auto\">Thon\u00eb me ndalue veprimtarin e Listes Serbe dhe arrestimin e Radojqiqit n\u00eb nj\u00eb an\u00eb dhe n\u00eb an\u00ebn tjet\u00ebr Listen Serbe dhe Radojqiqin duke folur shqip e keni p\u00ebr \u00e7do nat\u00eb n\u00eb \u201eTelevizionet shqipfol\u00ebse.\u201c<\/div>\n<div dir=\"auto\">Edhe Doarsa Kica q\u00eb njihet p\u00ebr z\u00ebrin e saj kritik ndaj qeveris\u00eb s\u00eb Kurtit, q\u00eb e inkuadruan n\u00eb emision ishte shum\u00eb racionale, e arsyeshme dhe e drejt\u00eb tek pohoj: \u201e Un\u0117 n\u00eb k\u00ebto \u00e7aste jam me Institucionet e shtetit tim!\u201c<\/div>\n<div dir=\"auto\">Dhe t\u00eb jesh me shtetin, p\u00ebr pishpirikun Molliqaj, ishte m\u00ebkat ngaq\u00eb Ai sikur donte t\u00eb thoshte: \u201e L\u00ebreni Radojqiqin rehat dhe ejani t\u00eb b\u00ebhemi t\u00eb gjith\u00eb bashk\u00eb n\u00eb luft\u00eb kund\u00ebr Kurtit!\u201c<\/div>\n<div dir=\"auto\">S\u2018do mend q\u00eb e pyeta vet\u00ebn:<\/div>\n<div dir=\"auto\">A ka ky njeri ( Molliqaj) prind\u00ebr, v\u00eblla mot\u00ebr?<\/div>\n<div dir=\"auto\">Po t\u00eb ishte biri im do t\u2018i thosha:<\/div>\n<div dir=\"auto\">\u201e Mos k\u00ebshtu o bir, se n\u00ebna dhe babai nuk t\u00eb kan\u00eb m\u00ebsuar ta kalb\u00ebsh zemr\u00ebn; t\u00eb b\u00ebhesh plangprish\u00ebs; buk\u00eb p\u00ebrmbys\u00ebsh, i verb\u00ebr dhe i shurdh\u00ebr! Bile edhe do ta mallkoja!\u201c<\/div>\n<div dir=\"auto\">Krejt ajo q\u00eb m\u00eb vjen keq, shum\u00eb keq \u00ebsht\u00eb Faton Topalli q\u00eb e njihja si djal\u00eb t\u00eb mir\u00eb dhe Q\u00ebndron Kastrati q\u00eb po zbeh figur\u00ebn e babait t\u00eb tij Is\u00ebs duke u rreshtuar krah p\u00ebr krah me k\u00ebta pishpirikat si ky Molliqaj\u2026<\/div>\n<div dir=\"auto\">N\u00eb fund t\u00eb emisionit gazetari ekspert i siguris tha:<\/div>\n<div dir=\"auto\">\u201e Ata terrorist q\u00eb shihen duke ikur, do kthehen s\u00ebrish\u2026 Lufta si\u00e7 duket ve\u00e7 sa ka nisur!\u201c<\/div>\n<div dir=\"auto\"><\/div>\n<div dir=\"auto\"><img loading=\"lazy\" loading=\"lazy\" decoding=\"async\" class=\"alignnone size-full wp-image-5057\" src=\"https:\/\/syri.tv\/wp-content\/uploads\/2023\/09\/Mmol.png\" alt=\"\" width=\"338\" height=\"719\" srcset=\"https:\/\/syri.tv\/wp-content\/uploads\/2023\/09\/Mmol.png 338w, https:\/\/syri.tv\/wp-content\/uploads\/2023\/09\/Mmol-141x300.png 141w\" sizes=\"auto, (max-width: 338px) 100vw, 338px\" \/><\/div>\n<\/div>\n","protected":false},"excerpt":{"rendered":"<p>Fatmir Brajshori- Tushi A JAN\u00cb NJER\u00cbZ K\u00cbTA? ( Jo nuk jan\u00eb; m\u00eb par\u00eb jan\u00eb \u00e7etnik!) E di q\u00eb titulli nuk \u00ebsht\u00eb i duhuri. Do t\u00eb mund ta gjeja nj\u00eb m\u00eb t\u00eb mir\u00eb. Ishte e pamundur; thjesht nuk desha. M\u00eb iritoj dhe m\u00eb la pa fjal\u00eb nj\u00eb PISHPIRIK me emrin Dardan Molliqaj, i cili n\u00eb emisionin [&hellip;]<\/p>\n","protected":false},"author":1,"featured_media":5054,"comment_status":"closed","ping_status":"closed","sticky":false,"template":"","format":"standard","meta":{"footnotes":""},"categories":[2],"tags":[],"class_list":{"0":"post-5053","1":"post","2":"type-post","3":"status-publish","4":"format-standard","5":"has-post-thumbnail","7":"category-zvicer"},"_links":{"self":[{"href":"https:\/\/syri.tv\/index.php?rest_route=\/wp\/v2\/posts\/5053","targetHints":{"allow":["GET"]}}],"collection":[{"href":"https:\/\/syri.tv\/index.php?rest_route=\/wp\/v2\/posts"}],"about":[{"href":"https:\/\/syri.tv\/index.php?rest_route=\/wp\/v2\/types\/post"}],"author":[{"embeddable":true,"href":"https:\/\/syri.tv\/index.php?rest_route=\/wp\/v2\/users\/1"}],"replies":[{"embeddable":true,"href":"https:\/\/syri.tv\/index.php?rest_route=%2Fwp%2Fv2%2Fcomments&post=5053"}],"version-history":[{"count":3,"href":"https:\/\/syri.tv\/index.php?rest_route=\/wp\/v2\/posts\/5053\/revisions"}],"predecessor-version":[{"id":5059,"href":"https:\/\/syri.tv\/index.php?rest_route=\/wp\/v2\/posts\/5053\/revisions\/5059"}],"wp:featuredmedia":[{"embeddable":true,"href":"https:\/\/syri.tv\/index.php?rest_route=\/wp\/v2\/media\/5054"}],"wp:attachment":[{"href":"https:\/\/syri.tv\/index.php?rest_route=%2Fwp%2Fv2%2Fmedia&parent=5053"}],"wp:term":[{"taxonomy":"category","embeddable":true,"href":"https:\/\/syri.tv\/index.php?rest_route=%2Fwp%2Fv2%2Fcategories&post=5053"},{"taxonomy":"post_tag","embeddable":true,"href":"https:\/\/syri.tv\/index.php?rest_route=%2Fwp%2Fv2%2Ftags&post=5053"}],"curies":[{"name":"wp","href":"https:\/\/api.w.org\/{rel}","templated":true}]}}