{"id":5034,"date":"2023-09-25T10:50:29","date_gmt":"2023-09-25T10:50:29","guid":{"rendered":"https:\/\/syri.tv\/?p=5034"},"modified":"2023-09-25T10:50:29","modified_gmt":"2023-09-25T10:50:29","slug":"ardita-sinani-vuciq-mohoi-pergjegjesine-e-serbise-tradhtoi-serbet-e-kosoves","status":"publish","type":"post","link":"https:\/\/syri.tv\/?p=5034","title":{"rendered":"Ardita Sinani: Vu\u00e7iq mohoi p\u00ebrgjegj\u00ebsin\u00eb e Serbis\u00eb, tradhtoi serb\u00ebt e Kosov\u00ebs"},"content":{"rendered":"<p><strong>K\u00ebshilltarja e Kurtit p\u00ebr Lugin\u00ebn e Preshev\u00ebs, Ardita Sinani, ka th\u00ebn\u00eb se konferenca e djeshme e presidentit serb ishte \u201caktrim i dob\u00ebt nga ish ministri i propagand\u00ebs s\u00eb viteve t\u00eb \u201990- ta\u201d.<\/strong><\/p>\n<p>\u201cKonferenca p\u00ebr media e paralajm\u00ebruar gjat\u00eb t\u00ebr\u00eb dit\u00ebs e presidentit t\u00eb Serbis\u00eb, u mbajt pa ndonj\u00eb sqarim, pa ndonj\u00eb konkluzion. Gjith\u00e7ka pam\u00eb n\u00eb k\u00ebt\u00eb dalje publike t\u00eb Aleksandar Vu\u00e7iq ishte nj\u00eb aktrim i dob\u00ebt nga ish ministri i propagand\u00ebs s\u00eb viteve t\u00eb \u201990 \u2013 ta. T\u00eb vetm\u00ebn gj\u00eb q\u00eb b\u00ebri n\u00eb k\u00ebt\u00eb konferenc\u00eb me pyetje t\u00eb parap\u00ebrgaditura nga mediat e kontrolluara, ishte mohimi i p\u00ebrgjegj\u00ebsis\u00eb dhe distancimi nga p\u00ebrgjegj\u00ebsia e Serbis\u00eb p\u00ebr gjith\u00e7ka q\u00eb ndodhi sot n\u00eb Kosov\u00eb. Ashtu si\u00e7 deri m\u00eb tani mohoi krimet e b\u00ebra n\u00eb Kroaci, Bosnje e Hercegovin\u00eb dhe n\u00eb Kosov\u00eb.\u201d<\/p>\n<p>Sinani ka shkruar se Vu\u00e7iqi tradhtoi qytetar\u00ebt serb\u00eb t\u00eb Kosov\u00ebs dhe mohoi p\u00ebrgjegj\u00ebsin\u00eb e Serbis\u00eb.<\/p>\n<p>\u201cPor, n\u00eb tentativ\u00ebn p\u00ebr t\u00eb mohuar p\u00ebrfshirjen e strukturave shtet\u00ebrore n\u00eb sulmin e sot\u00ebm terrorist n\u00eb Kosov\u00eb, Vu\u00e7iq tha se t\u00eb p\u00ebrfshir\u00ebt sot jan\u00eb qytetar\u00ebt serb t\u00eb Kosov\u00ebs. I z\u00ebn\u00eb ngusht\u00eb p\u00ebr at\u00eb q\u00eb e pan\u00eb t\u00ebr\u00eb bota se n\u00eb k\u00ebt\u00eb sulm terrorist ndaj shtetit t\u00eb Kosov\u00ebs \u00ebsht\u00eb e p\u00ebrfshir\u00eb kok\u00eb e k\u00ebmb\u00eb shteti serb, ai tradhtoi qytetar\u00ebt serb n\u00eb Kosov\u00eb.\u00a0 Qytetar\u00eb p\u00ebr t\u00eb cil\u00ebt derdh lot krokodili p\u00ebr kinse shprehje kujdesi p\u00ebr ta. E n\u00eb fakt, u faktua q\u00eb kan\u00eb qen\u00eb e jan\u00eb vet\u00ebm veg\u00ebl leht\u00ebsisht e (keq)p\u00ebrdorur nga politikat shoviniste n\u00eb Beograd. Nj\u00eb reprizim i sh\u00ebmtuar i viteve t\u00eb \u201990-ta me t\u00eb cil\u00ebn t\u00ebr\u00eb bota e njohu Serbin\u00eb. Reprizim q\u00eb d\u00ebshmon edhe logjik\u00ebn e ngjashme qeveris\u00ebse t\u00eb atyre viteve t\u00eb kobshme.\u201d<\/p>\n<p><iframe loading=\"lazy\" src=\"https:\/\/www.facebook.com\/plugins\/post.php?href=https%3A%2F%2Fwww.facebook.com%2Fkryetare%2Fposts%2Fpfbid0ecUoV8S9sKP8DZfenqDA7ciwbZsG8hH35qEQ3wfxxptNDM1Tb3CrWgdaiZcuo5j4l&amp;show_text=true&amp;width=500\" width=\"500\" height=\"258\" frameborder=\"0\" scrolling=\"no\" allowfullscreen=\"allowfullscreen\" data-mce-fragment=\"1\"><\/iframe><\/p>\n","protected":false},"excerpt":{"rendered":"<p>K\u00ebshilltarja e Kurtit p\u00ebr Lugin\u00ebn e Preshev\u00ebs, Ardita Sinani, ka th\u00ebn\u00eb se konferenca e djeshme e presidentit serb ishte \u201caktrim i dob\u00ebt nga ish ministri i propagand\u00ebs s\u00eb viteve t\u00eb \u201990- ta\u201d. \u201cKonferenca p\u00ebr media e paralajm\u00ebruar gjat\u00eb t\u00ebr\u00eb dit\u00ebs e presidentit t\u00eb Serbis\u00eb, u mbajt pa ndonj\u00eb sqarim, pa ndonj\u00eb konkluzion. Gjith\u00e7ka pam\u00eb n\u00eb [&hellip;]<\/p>\n","protected":false},"author":1,"featured_media":5035,"comment_status":"closed","ping_status":"closed","sticky":false,"template":"","format":"standard","meta":{"footnotes":""},"categories":[9],"tags":[],"class_list":{"0":"post-5034","1":"post","2":"type-post","3":"status-publish","4":"format-standard","5":"has-post-thumbnail","7":"category-vendi"},"_links":{"self":[{"href":"https:\/\/syri.tv\/index.php?rest_route=\/wp\/v2\/posts\/5034","targetHints":{"allow":["GET"]}}],"collection":[{"href":"https:\/\/syri.tv\/index.php?rest_route=\/wp\/v2\/posts"}],"about":[{"href":"https:\/\/syri.tv\/index.php?rest_route=\/wp\/v2\/types\/post"}],"author":[{"embeddable":true,"href":"https:\/\/syri.tv\/index.php?rest_route=\/wp\/v2\/users\/1"}],"replies":[{"embeddable":true,"href":"https:\/\/syri.tv\/index.php?rest_route=%2Fwp%2Fv2%2Fcomments&post=5034"}],"version-history":[{"count":1,"href":"https:\/\/syri.tv\/index.php?rest_route=\/wp\/v2\/posts\/5034\/revisions"}],"predecessor-version":[{"id":5036,"href":"https:\/\/syri.tv\/index.php?rest_route=\/wp\/v2\/posts\/5034\/revisions\/5036"}],"wp:featuredmedia":[{"embeddable":true,"href":"https:\/\/syri.tv\/index.php?rest_route=\/wp\/v2\/media\/5035"}],"wp:attachment":[{"href":"https:\/\/syri.tv\/index.php?rest_route=%2Fwp%2Fv2%2Fmedia&parent=5034"}],"wp:term":[{"taxonomy":"category","embeddable":true,"href":"https:\/\/syri.tv\/index.php?rest_route=%2Fwp%2Fv2%2Fcategories&post=5034"},{"taxonomy":"post_tag","embeddable":true,"href":"https:\/\/syri.tv\/index.php?rest_route=%2Fwp%2Fv2%2Ftags&post=5034"}],"curies":[{"name":"wp","href":"https:\/\/api.w.org\/{rel}","templated":true}]}}