{"id":5026,"date":"2023-09-24T12:01:12","date_gmt":"2023-09-24T12:01:12","guid":{"rendered":"https:\/\/syri.tv\/?p=5026"},"modified":"2023-09-24T12:01:12","modified_gmt":"2023-09-24T12:01:12","slug":"edhe-lajcak-pas-borelit-denon-vrajsjen-e-policit-kosovar","status":"publish","type":"post","link":"https:\/\/syri.tv\/?p=5026","title":{"rendered":"Edhe Laj\u00e7ak pas Borelit d\u00ebnon vrajsjen e policit Kosovar"},"content":{"rendered":"<p>P\u00ebr sulmin n\u00eb Veri t\u00eb Kosov\u00ebs ku u vra edhe nj\u00eb pjes\u00ebtar i Policis\u00eb\u00a0 s\u00eb Kosov\u00eb, ka reaguar edhe Miroslav Laj\u00e7ak, emisari i Bashkimit Evropian p\u00ebr dialogun Kosov\u00eb \u2013 Serbi.<\/p>\n<p>Laj\u00e7ak shp\u00ebrndau postimin e zyrtarit t\u00eb lart\u00eb t\u00eb BE-s\u00eb, Josep Borrell dhe shtoi se d\u00ebnon sulmon e tmerrsh\u00ebm kund\u00ebr Policis\u00eb s\u00eb Kosov\u00ebs.<\/p>\n<p>AI ka k\u00ebrkuar q\u00eb autor\u00ebt t\u00eb dalin para drejt\u00ebsis\u00eb.<\/p>\n<p>Po ashtu Laj\u00e7ak ka shkruar se t\u00eb gjith\u00eb duhet t\u2019i kthehen dialogut menj\u00ebher\u00eb.<\/p>\n<p>\u201dD\u00ebnoj fuqish\u00ebm sulmin e tmerrsh\u00ebm kund\u00ebr policis\u00eb s\u00eb Kosov\u00ebs mbr\u00ebm\u00eb. Dhuna e \u00e7do forme \u00ebsht\u00eb absolutisht e papranueshme. Zemra ime \u00ebsht\u00eb p\u00ebr viktimat, familjet dhe koleg\u00ebt e tyre. Autor\u00ebt duhet t\u00eb dalin para drejt\u00ebsis\u00eb. T\u00eb gjith\u00eb duhet t\u2019i kthehen dialogut menj\u00ebher\u00eb\u201d, ka shkruar Laj\u00e7ak n\u00eb Twitter.<\/p>\n<p>Laj\u00e7ak dit\u00ebve t\u00eb fundit \u00ebsht\u00eb akuzuar nga kryeministri Albin Kurti q\u00eb n\u00eb procesin e dialogut \u00ebsht\u00eb i nj\u00ebansh\u00ebm, n\u00eb favor t\u00eb Serbis\u00eb. \/Gazeta Express<\/p>\n<figure class=\"wp-block-embed-twitter wp-block-embed is-type-rich is-provider-twitter\">\n<div class=\"wp-block-embed__wrapper\">\n<div class=\"twitter-tweet twitter-tweet-rendered\"><iframe id=\"twitter-widget-0\" class=\"\" title=\"Twitter Tweet\" src=\"https:\/\/platform.twitter.com\/embed\/Tweet.html?creatorScreenName=gazetaexpress&amp;dnt=true&amp;embedId=twitter-widget-0&amp;features=eyJ0ZndfdGltZWxpbmVfbGlzdCI6eyJidWNrZXQiOltdLCJ2ZXJzaW9uIjpudWxsfSwidGZ3X2ZvbGxvd2VyX2NvdW50X3N1bnNldCI6eyJidWNrZXQiOnRydWUsInZlcnNpb24iOm51bGx9LCJ0ZndfdHdlZXRfZWRpdF9iYWNrZW5kIjp7ImJ1Y2tldCI6Im9uIiwidmVyc2lvbiI6bnVsbH0sInRmd19yZWZzcmNfc2Vzc2lvbiI6eyJidWNrZXQiOiJvbiIsInZlcnNpb24iOm51bGx9LCJ0ZndfZm9zbnJfc29mdF9pbnRlcnZlbnRpb25zX2VuYWJsZWQiOnsiYnVja2V0Ijoib24iLCJ2ZXJzaW9uIjpudWxsfSwidGZ3X21peGVkX21lZGlhXzE1ODk3Ijp7ImJ1Y2tldCI6InRyZWF0bWVudCIsInZlcnNpb24iOm51bGx9LCJ0ZndfZXhwZXJpbWVudHNfY29va2llX2V4cGlyYXRpb24iOnsiYnVja2V0IjoxMjA5NjAwLCJ2ZXJzaW9uIjpudWxsfSwidGZ3X3Nob3dfYmlyZHdhdGNoX3Bpdm90c19lbmFibGVkIjp7ImJ1Y2tldCI6Im9uIiwidmVyc2lvbiI6bnVsbH0sInRmd19kdXBsaWNhdGVfc2NyaWJlc190b19zZXR0aW5ncyI6eyJidWNrZXQiOiJvbiIsInZlcnNpb24iOm51bGx9LCJ0ZndfdXNlX3Byb2ZpbGVfaW1hZ2Vfc2hhcGVfZW5hYmxlZCI6eyJidWNrZXQiOiJvbiIsInZlcnNpb24iOm51bGx9LCJ0ZndfdmlkZW9faGxzX2R5bmFtaWNfbWFuaWZlc3RzXzE1MDgyIjp7ImJ1Y2tldCI6InRydWVfYml0cmF0ZSIsInZlcnNpb24iOm51bGx9LCJ0ZndfbGVnYWN5X3RpbWVsaW5lX3N1bnNldCI6eyJidWNrZXQiOnRydWUsInZlcnNpb24iOm51bGx9LCJ0ZndfdHdlZXRfZWRpdF9mcm9udGVuZCI6eyJidWNrZXQiOiJvbiIsInZlcnNpb24iOm51bGx9fQ%3D%3D&amp;frame=false&amp;hideCard=false&amp;hideThread=false&amp;id=1705909911073243412&amp;lang=en&amp;origin=https%3A%2F%2Fwww.gazetaexpress.com%2Fpas-borell-edhe-lajcak-e-denon-vrasjen-e-policit-autoret-te-sillen-para-drejtesise-palet-ti-kthehen-dialogut%2F&amp;sessionId=9b019a9a376ea0f7b1358c8cecf21a1546035d20&amp;siteScreenName=gazetaexpress&amp;theme=light&amp;widgetsVersion=aaf4084522e3a%3A1674595607486&amp;width=500px\" frameborder=\"0\" scrolling=\"no\" allowfullscreen=\"allowfullscreen\" data-tweet-id=\"1705909911073243412\" data-mce-fragment=\"1\"><\/iframe><\/div>\n<\/div>\n<\/figure>\n","protected":false},"excerpt":{"rendered":"<p>P\u00ebr sulmin n\u00eb Veri t\u00eb Kosov\u00ebs ku u vra edhe nj\u00eb pjes\u00ebtar i Policis\u00eb\u00a0 s\u00eb Kosov\u00eb, ka reaguar edhe Miroslav Laj\u00e7ak, emisari i Bashkimit Evropian p\u00ebr dialogun Kosov\u00eb \u2013 Serbi. Laj\u00e7ak shp\u00ebrndau postimin e zyrtarit t\u00eb lart\u00eb t\u00eb BE-s\u00eb, Josep Borrell dhe shtoi se d\u00ebnon sulmon e tmerrsh\u00ebm kund\u00ebr Policis\u00eb s\u00eb Kosov\u00ebs. AI ka k\u00ebrkuar [&hellip;]<\/p>\n","protected":false},"author":1,"featured_media":5027,"comment_status":"closed","ping_status":"closed","sticky":false,"template":"","format":"standard","meta":{"footnotes":""},"categories":[9],"tags":[],"class_list":{"0":"post-5026","1":"post","2":"type-post","3":"status-publish","4":"format-standard","5":"has-post-thumbnail","7":"category-vendi"},"_links":{"self":[{"href":"https:\/\/syri.tv\/index.php?rest_route=\/wp\/v2\/posts\/5026","targetHints":{"allow":["GET"]}}],"collection":[{"href":"https:\/\/syri.tv\/index.php?rest_route=\/wp\/v2\/posts"}],"about":[{"href":"https:\/\/syri.tv\/index.php?rest_route=\/wp\/v2\/types\/post"}],"author":[{"embeddable":true,"href":"https:\/\/syri.tv\/index.php?rest_route=\/wp\/v2\/users\/1"}],"replies":[{"embeddable":true,"href":"https:\/\/syri.tv\/index.php?rest_route=%2Fwp%2Fv2%2Fcomments&post=5026"}],"version-history":[{"count":1,"href":"https:\/\/syri.tv\/index.php?rest_route=\/wp\/v2\/posts\/5026\/revisions"}],"predecessor-version":[{"id":5028,"href":"https:\/\/syri.tv\/index.php?rest_route=\/wp\/v2\/posts\/5026\/revisions\/5028"}],"wp:featuredmedia":[{"embeddable":true,"href":"https:\/\/syri.tv\/index.php?rest_route=\/wp\/v2\/media\/5027"}],"wp:attachment":[{"href":"https:\/\/syri.tv\/index.php?rest_route=%2Fwp%2Fv2%2Fmedia&parent=5026"}],"wp:term":[{"taxonomy":"category","embeddable":true,"href":"https:\/\/syri.tv\/index.php?rest_route=%2Fwp%2Fv2%2Fcategories&post=5026"},{"taxonomy":"post_tag","embeddable":true,"href":"https:\/\/syri.tv\/index.php?rest_route=%2Fwp%2Fv2%2Ftags&post=5026"}],"curies":[{"name":"wp","href":"https:\/\/api.w.org\/{rel}","templated":true}]}}