{"id":5022,"date":"2023-09-24T11:39:33","date_gmt":"2023-09-24T11:39:33","guid":{"rendered":"https:\/\/syri.tv\/?p=5022"},"modified":"2023-09-24T11:39:33","modified_gmt":"2023-09-24T11:39:33","slug":"reagon-abdixhiku-sulmet-e-bandave-kriminale-e-terroriste-me-adrese-nga-beogradi-smund-ta-zmbrapsin-kosoven-nga-e-drejta-per-vendosje-te-rendit","status":"publish","type":"post","link":"https:\/\/syri.tv\/?p=5022","title":{"rendered":"Reagon Abdixhiku: Sulmet e bandave kriminale e terroriste me adres\u00eb nga Beogradi s\u2019mund ta zmbrapsin Kosov\u00ebn nga e drejta p\u00ebr vendosje t\u00eb rendit"},"content":{"rendered":"<p>Kryetari i Lidhjes Demokratike t\u00eb Kosov\u00ebs, Lumir Abdixhiku,ka reaguar pas sulmit terrorist ndaj Policis\u00eb s\u00eb Kosov\u00ebs n\u00eb Veri t\u00eb vendit, shkruan Veriu.info.<\/p>\n<p>Ai ka th\u00ebn\u00eb se sulmi terrorist ndaj Policis\u00eb s\u00eb Kosov\u00ebs \u00ebsht\u00eb sulm ndaj Republik\u00ebs s\u00eb Kosov\u00ebs dhe vet\u00eb rendit Kushtetues.<\/p>\n<p>Ndryshe, sot n\u00eb or\u00ebt e para t\u00eb m\u00ebngjesit nj\u00eb polic \u00ebsht\u00eb vrar\u00eb, nd\u00ebrsa nj\u00eb \u00ebsht\u00eb plagosur.<\/p>\n<p>\u201cSulmi terrorist ndaj Policis\u00ebs s\u00eb Kosov\u00ebs dhe vrasja e nj\u00eb polici n\u00eb detyr\u00eb, jan\u00eb sulme ndaj Republik\u00ebs s\u00eb Kosov\u00ebs dhe vet rendit Kushtetues.<\/p>\n<p>N\u00eb em\u00ebr t\u00eb Lidhjes Demokratike t\u00eb Kosov\u00ebs, shprehi ngush\u00ebllimet m\u00eb t\u00eb thella familjes s\u00eb policit t\u00eb vrar\u00eb. Policit t\u00eb plagosur, Alban Rashiti, nd\u00ebrsa i uroj sh\u00ebrim t\u00eb shpejt\u00eb.<\/p>\n<p>N\u00eb k\u00ebto momente t\u00eb v\u00ebshtira p\u00ebr vendin, t\u00eb gjith\u00eb jemi me Policin\u00eb e Kosov\u00ebs. Jemi me djemt\u00eb e vajzat tona n\u00eb detyr\u00eb n\u00eb veri. Sulmet e bandave kriminale e terroriste me adres\u00eb nga Beogradi s\u2019mund ta zmbrapsin Kosov\u00ebn nga e drejta p\u00ebr vendosje t\u00eb rendit, ligjshm\u00ebris\u00eb e vet sovranitetit. Institucionet e rendit e drejt\u00ebsiss\u00eb t\u0113 sjellin autor\u00ebt e k\u00ebtij krimi sa m\u00eb par\u00eb para drejt\u00ebsis\u00eb.<\/p>\n<p>N\u00eb k\u00ebto momente t\u00eb v\u00ebshtira, Kosov\u00ebs i duhen miq e aleat\u00eb. Me ta, bashk\u00eb, do t\u00eb kap\u00ebrcejm\u00eb secil\u00ebn sfid\u00eb.\u201d<\/p>\n","protected":false},"excerpt":{"rendered":"<p>Kryetari i Lidhjes Demokratike t\u00eb Kosov\u00ebs, Lumir Abdixhiku,ka reaguar pas sulmit terrorist ndaj Policis\u00eb s\u00eb Kosov\u00ebs n\u00eb Veri t\u00eb vendit, shkruan Veriu.info. Ai ka th\u00ebn\u00eb se sulmi terrorist ndaj Policis\u00eb s\u00eb Kosov\u00ebs \u00ebsht\u00eb sulm ndaj Republik\u00ebs s\u00eb Kosov\u00ebs dhe vet\u00eb rendit Kushtetues. Ndryshe, sot n\u00eb or\u00ebt e para t\u00eb m\u00ebngjesit nj\u00eb polic \u00ebsht\u00eb vrar\u00eb, nd\u00ebrsa [&hellip;]<\/p>\n","protected":false},"author":1,"featured_media":5023,"comment_status":"closed","ping_status":"closed","sticky":false,"template":"","format":"standard","meta":{"footnotes":""},"categories":[9],"tags":[],"class_list":{"0":"post-5022","1":"post","2":"type-post","3":"status-publish","4":"format-standard","5":"has-post-thumbnail","7":"category-vendi"},"_links":{"self":[{"href":"https:\/\/syri.tv\/index.php?rest_route=\/wp\/v2\/posts\/5022","targetHints":{"allow":["GET"]}}],"collection":[{"href":"https:\/\/syri.tv\/index.php?rest_route=\/wp\/v2\/posts"}],"about":[{"href":"https:\/\/syri.tv\/index.php?rest_route=\/wp\/v2\/types\/post"}],"author":[{"embeddable":true,"href":"https:\/\/syri.tv\/index.php?rest_route=\/wp\/v2\/users\/1"}],"replies":[{"embeddable":true,"href":"https:\/\/syri.tv\/index.php?rest_route=%2Fwp%2Fv2%2Fcomments&post=5022"}],"version-history":[{"count":1,"href":"https:\/\/syri.tv\/index.php?rest_route=\/wp\/v2\/posts\/5022\/revisions"}],"predecessor-version":[{"id":5024,"href":"https:\/\/syri.tv\/index.php?rest_route=\/wp\/v2\/posts\/5022\/revisions\/5024"}],"wp:featuredmedia":[{"embeddable":true,"href":"https:\/\/syri.tv\/index.php?rest_route=\/wp\/v2\/media\/5023"}],"wp:attachment":[{"href":"https:\/\/syri.tv\/index.php?rest_route=%2Fwp%2Fv2%2Fmedia&parent=5022"}],"wp:term":[{"taxonomy":"category","embeddable":true,"href":"https:\/\/syri.tv\/index.php?rest_route=%2Fwp%2Fv2%2Fcategories&post=5022"},{"taxonomy":"post_tag","embeddable":true,"href":"https:\/\/syri.tv\/index.php?rest_route=%2Fwp%2Fv2%2Ftags&post=5022"}],"curies":[{"name":"wp","href":"https:\/\/api.w.org\/{rel}","templated":true}]}}