{"id":4881,"date":"2023-08-28T08:07:49","date_gmt":"2023-08-28T08:07:49","guid":{"rendered":"https:\/\/syri.tv\/?p=4881"},"modified":"2023-08-28T08:07:49","modified_gmt":"2023-08-28T08:07:49","slug":"rama-dhe-kurti-ulen-afer-njeri-tjetrit-ne-darken-e-punes-ne-slloveni","status":"publish","type":"post","link":"https:\/\/syri.tv\/?p=4881","title":{"rendered":"Rama dhe Kurti ulen af\u00ebr nj\u00ebri-tjetrit n\u00eb dark\u00ebn e pun\u00ebs n\u00eb Slloveni"},"content":{"rendered":"<p>Kryeministri Albin Kurti, n\u00eb kuad\u00ebr t\u00eb pjes\u00ebmarrjes s\u00eb tij n\u00eb Forumin Strategjik t\u00eb Bledit \u2013 BSF 2023, ka marr\u00eb pjes\u00eb n\u00eb dark\u00ebn e pun\u00ebs s\u00eb ftuar nga kryeministri i Republik\u00ebs s\u00eb Sllovenis\u00eb, Robert Golob.<\/p>\n<p>Kurti n\u00eb dark\u00ebn e pun\u00ebs s\u00eb kryeministrit t\u00eb Sllovenis\u00eb, \u00ebsht\u00eb par\u00eb teksa bisedon me kryeministrin e Malit t\u00eb Zi, Dritan Abazoviq dhe kryeministrin e Shqip\u00ebris\u00eb, Edi Ram\u00ebn, kjo pasi jan\u00eb ulur af\u00ebr nj\u00ebri-tjetrit.<\/p>\n<p>Kurti ka udh\u00ebtuar sot p\u00ebr n\u00eb Bled t\u00eb Sllovenis\u00eb p\u00ebr t\u00eb marr\u00eb pjes\u00eb n\u00eb Forumin Strategjik t\u00eb Bledit, ku nes\u00ebr do t\u00eb jet\u00eb pjes\u00eb e nj\u00eb paneli t\u00eb diskutimit s\u00eb bashku me lider\u00eb t\u00eb rajonit, si dhe do t\u00eb zhvilloj\u00eb disa takime bilaterale.<\/p>\n<p>&nbsp;<\/p>\n","protected":false},"excerpt":{"rendered":"<p>Kryeministri Albin Kurti, n\u00eb kuad\u00ebr t\u00eb pjes\u00ebmarrjes s\u00eb tij n\u00eb Forumin Strategjik t\u00eb Bledit \u2013 BSF 2023, ka marr\u00eb pjes\u00eb n\u00eb dark\u00ebn e pun\u00ebs s\u00eb ftuar nga kryeministri i Republik\u00ebs s\u00eb Sllovenis\u00eb, Robert Golob. Kurti n\u00eb dark\u00ebn e pun\u00ebs s\u00eb kryeministrit t\u00eb Sllovenis\u00eb, \u00ebsht\u00eb par\u00eb teksa bisedon me kryeministrin e Malit t\u00eb Zi, Dritan Abazoviq [&hellip;]<\/p>\n","protected":false},"author":1,"featured_media":4882,"comment_status":"closed","ping_status":"closed","sticky":false,"template":"","format":"standard","meta":{"footnotes":""},"categories":[9],"tags":[],"class_list":{"0":"post-4881","1":"post","2":"type-post","3":"status-publish","4":"format-standard","5":"has-post-thumbnail","7":"category-vendi"},"_links":{"self":[{"href":"https:\/\/syri.tv\/index.php?rest_route=\/wp\/v2\/posts\/4881","targetHints":{"allow":["GET"]}}],"collection":[{"href":"https:\/\/syri.tv\/index.php?rest_route=\/wp\/v2\/posts"}],"about":[{"href":"https:\/\/syri.tv\/index.php?rest_route=\/wp\/v2\/types\/post"}],"author":[{"embeddable":true,"href":"https:\/\/syri.tv\/index.php?rest_route=\/wp\/v2\/users\/1"}],"replies":[{"embeddable":true,"href":"https:\/\/syri.tv\/index.php?rest_route=%2Fwp%2Fv2%2Fcomments&post=4881"}],"version-history":[{"count":1,"href":"https:\/\/syri.tv\/index.php?rest_route=\/wp\/v2\/posts\/4881\/revisions"}],"predecessor-version":[{"id":4883,"href":"https:\/\/syri.tv\/index.php?rest_route=\/wp\/v2\/posts\/4881\/revisions\/4883"}],"wp:featuredmedia":[{"embeddable":true,"href":"https:\/\/syri.tv\/index.php?rest_route=\/wp\/v2\/media\/4882"}],"wp:attachment":[{"href":"https:\/\/syri.tv\/index.php?rest_route=%2Fwp%2Fv2%2Fmedia&parent=4881"}],"wp:term":[{"taxonomy":"category","embeddable":true,"href":"https:\/\/syri.tv\/index.php?rest_route=%2Fwp%2Fv2%2Fcategories&post=4881"},{"taxonomy":"post_tag","embeddable":true,"href":"https:\/\/syri.tv\/index.php?rest_route=%2Fwp%2Fv2%2Ftags&post=4881"}],"curies":[{"name":"wp","href":"https:\/\/api.w.org\/{rel}","templated":true}]}}