{"id":4877,"date":"2023-08-26T21:09:58","date_gmt":"2023-08-26T21:09:58","guid":{"rendered":"https:\/\/syri.tv\/?p=4877"},"modified":"2023-08-26T21:09:58","modified_gmt":"2023-08-26T21:09:58","slug":"ta-veshim-facebookin-kuq-e-zi","status":"publish","type":"post","link":"https:\/\/syri.tv\/?p=4877","title":{"rendered":"Ta veshim facebookin kuq e zi!"},"content":{"rendered":"<p>Deputeti shqiptar n\u00eb parlamentin e Serbis\u00eb Shaip Kamberi ka reaguar n\u00eb shenj\u00eb t\u00eb ndalimit t\u00eb bartjes s\u00eb fanell\u00ebs kuq e Zi me shqiponj\u00eb shqiptarit nga Maqedoni e Veriut.<\/p>\n<p>Shaip Kamberi fton shqiptaret gjithandej q\u00eb ta mveshin Facebook Kuq e Zi.<\/p>\n<p>Duhet cekur se edhe n\u00eb Maqedonin\u00eb e Veriut dit\u00eb m\u00eb par\u00eb jan\u00eb akuzuar shqiptar\u00ebt p\u00ebr ngritjen e Flamurit Komb\u00ebtar gjat\u00eb vizit\u00ebs s\u00eb kryeministrit t\u00eb Kosov\u00ebs i cili vizitoi komun\u00ebn e \u00c7airit dhe Tetov\u00ebs.<\/p>\n<p>&nbsp;<\/p>\n<p><strong>Shkrimi i plot\u00eb i Z. Shaip Kamberi<\/strong><\/p>\n<p>Shqiponja \u00ebsht\u00eb e jona.<\/p>\n<p>Prandaj e mbajm\u00eb me krenari.<\/p>\n<p>T\u00eb gjith\u00eb shqiptar\u00ebt kudo q\u00eb jetojn\u00eb.<\/p>\n<p>Tendenca p\u00ebr t \u2018na ndalu shqiponj\u00ebn \u00ebsht\u00eb tentativ\u00eb p\u00ebr t \u2018na mohu identitetin.<\/p>\n<p>Nuk pranojm\u00eb.<\/p>\n<p>Prandaj nuk mundeni.<\/p>\n<p>N\u00eb shenj\u00eb proteste p\u00ebr rastin e ndodhur dit\u00eb m\u00eb par\u00eb, kur nj\u00eb f\u00ebmije shqiptar iu ndalua t\u00eb mbante veshur fanell\u00ebn me shqiponj\u00eb.<\/p>\n<p>Ta veshim facebookin kuq e zi.<\/p>\n","protected":false},"excerpt":{"rendered":"<p>Deputeti shqiptar n\u00eb parlamentin e Serbis\u00eb Shaip Kamberi ka reaguar n\u00eb shenj\u00eb t\u00eb ndalimit t\u00eb bartjes s\u00eb fanell\u00ebs kuq e Zi me shqiponj\u00eb shqiptarit nga Maqedoni e Veriut. Shaip Kamberi fton shqiptaret gjithandej q\u00eb ta mveshin Facebook Kuq e Zi. Duhet cekur se edhe n\u00eb Maqedonin\u00eb e Veriut dit\u00eb m\u00eb par\u00eb jan\u00eb akuzuar shqiptar\u00ebt p\u00ebr [&hellip;]<\/p>\n","protected":false},"author":1,"featured_media":4878,"comment_status":"closed","ping_status":"closed","sticky":false,"template":"","format":"standard","meta":{"footnotes":""},"categories":[9],"tags":[],"class_list":{"0":"post-4877","1":"post","2":"type-post","3":"status-publish","4":"format-standard","5":"has-post-thumbnail","7":"category-vendi"},"_links":{"self":[{"href":"https:\/\/syri.tv\/index.php?rest_route=\/wp\/v2\/posts\/4877","targetHints":{"allow":["GET"]}}],"collection":[{"href":"https:\/\/syri.tv\/index.php?rest_route=\/wp\/v2\/posts"}],"about":[{"href":"https:\/\/syri.tv\/index.php?rest_route=\/wp\/v2\/types\/post"}],"author":[{"embeddable":true,"href":"https:\/\/syri.tv\/index.php?rest_route=\/wp\/v2\/users\/1"}],"replies":[{"embeddable":true,"href":"https:\/\/syri.tv\/index.php?rest_route=%2Fwp%2Fv2%2Fcomments&post=4877"}],"version-history":[{"count":1,"href":"https:\/\/syri.tv\/index.php?rest_route=\/wp\/v2\/posts\/4877\/revisions"}],"predecessor-version":[{"id":4879,"href":"https:\/\/syri.tv\/index.php?rest_route=\/wp\/v2\/posts\/4877\/revisions\/4879"}],"wp:featuredmedia":[{"embeddable":true,"href":"https:\/\/syri.tv\/index.php?rest_route=\/wp\/v2\/media\/4878"}],"wp:attachment":[{"href":"https:\/\/syri.tv\/index.php?rest_route=%2Fwp%2Fv2%2Fmedia&parent=4877"}],"wp:term":[{"taxonomy":"category","embeddable":true,"href":"https:\/\/syri.tv\/index.php?rest_route=%2Fwp%2Fv2%2Fcategories&post=4877"},{"taxonomy":"post_tag","embeddable":true,"href":"https:\/\/syri.tv\/index.php?rest_route=%2Fwp%2Fv2%2Ftags&post=4877"}],"curies":[{"name":"wp","href":"https:\/\/api.w.org\/{rel}","templated":true}]}}