{"id":4854,"date":"2023-08-23T19:10:30","date_gmt":"2023-08-23T19:10:30","guid":{"rendered":"https:\/\/syri.tv\/?p=4854"},"modified":"2023-08-23T19:13:03","modified_gmt":"2023-08-23T19:13:03","slug":"muri-i-nderit-duke-i-perkujtuar-shqiptaret-qe-ne-kosove-dhe-shqiperi-shpetuan-hebrenjt-gjate-holokaustit-2","status":"publish","type":"post","link":"https:\/\/syri.tv\/?p=4854","title":{"rendered":"\u201cMURI I NDERIT\u201d DUKE I P\u00cbRKUJTUAR SHQIPTAR\u00cbT Q\u00cb N\u00cb KOSOV\u00cb DHE SHQIP\u00cbRI SHP\u00cbTUAN HEBRENJT GJAT\u00cb HOLOKAUSTIT"},"content":{"rendered":"<div class=\"left-share-list-outer\">\n<div class=\"left-share-list\">\n<div class=\"left-share-header meta-text\">NJU JORK DHE KOSOVA\u2013Fondacioni Shqiptaro-Amerikan dhe Shoqata e Miq\u00ebsis\u00eb Kosov\u00eb-Izrael njoftojn\u00eb p\u00ebr hapjen zyrtare t\u00eb Murit t\u00eb Nderit, t\u00eb modeluar sipas Murit t\u00eb Kujtes\u00ebs n\u00eb Yad Vashem n\u00eb Izrael, n\u00eb Parkun Komb\u00ebtar n\u00eb Prishtin\u00eb, kryeqytetin e Kosov\u00ebs.<\/div>\n<\/div>\n<\/div>\n<div class=\"entry-content-outer\">\n<div class=\"entry-content clearfix is-highlight-shares\">\n<p>Muri i Nderit i kushtohet rolit unik q\u00eb luajt\u00ebn shqiptar\u00ebt n\u00eb Kosov\u00eb dhe Shqip\u00ebri n\u00eb shp\u00ebtimin e \u00e7do hebreu q\u00eb ose ka jetuar n\u00eb Shqip\u00ebri ose ka k\u00ebrkuar strehim atje gjat\u00eb Holokaustit.<\/p>\n<p>Murin e Nderit jan\u00eb gdhendur emrat e m\u00eb shum\u00eb se 80 shqiptar\u00ebve nga Kosova dhe Shqip\u00ebria, t\u00eb cil\u00ebt dihet se kan\u00eb shp\u00ebtuar jet\u00ebt e hebrenjve q\u00eb k\u00ebrkuan mbrojtjen e tyre gjat\u00eb Luft\u00ebs s\u00eb Dyt\u00eb Bot\u00ebrore. P\u00ebr her\u00eb t\u00eb par\u00eb shp\u00ebtuesit shqiptar\u00eb t\u00eb Kosov\u00ebs do t\u00eb njihen sepse nuk kan\u00eb mundur t\u00eb zbulohen gjat\u00eb pushtimit t\u00eb Kosov\u00ebs gjat\u00eb koh\u00ebs s\u00eb luft\u00ebs si nga gjerman\u00ebt, ashtu edhe nga bashk\u00ebpun\u00ebtor\u00ebt e tyre nacionalist\u00eb serb\u00eb.<\/p>\n<p><img loading=\"lazy\" loading=\"lazy\" decoding=\"async\" class=\"alignnone size-large wp-image-4842\" src=\"https:\/\/syri.tv\/wp-content\/uploads\/2023\/08\/4a-1024x576.jpeg\" sizes=\"auto, (max-width: 1024px) 100vw, 1024px\" srcset=\"https:\/\/syri.tv\/wp-content\/uploads\/2023\/08\/4a-1024x576.jpeg 1024w, https:\/\/syri.tv\/wp-content\/uploads\/2023\/08\/4a-300x169.jpeg 300w, https:\/\/syri.tv\/wp-content\/uploads\/2023\/08\/4a-768x432.jpeg 768w, https:\/\/syri.tv\/wp-content\/uploads\/2023\/08\/4a-1536x864.jpeg 1536w, https:\/\/syri.tv\/wp-content\/uploads\/2023\/08\/4a-860x484.jpeg 860w, https:\/\/syri.tv\/wp-content\/uploads\/2023\/08\/4a.jpeg 2016w\" alt=\"\" width=\"1024\" height=\"576\" \/><\/p>\n<p>Ceremonia e udh\u00ebhiqur nga Shirley Cloyes DioGuardi, k\u00ebshilltare p\u00ebr \u00e7\u00ebshtjet e Ballkanit n\u00eb Lidhjen Qytetare Shqiptaro-Amerikane dhe Drejtore Ekzekutive e Fondacionit Shqiptaro Amerikan dhe Lek\u00eb Rezniqi, kryetari i Shoqat\u00ebs s\u00eb Miq\u00ebsis\u00eb Kosov\u00eb-Izrael.<\/p>\n<p><img loading=\"lazy\" loading=\"lazy\" decoding=\"async\" class=\"alignnone size-large wp-image-4843\" src=\"https:\/\/syri.tv\/wp-content\/uploads\/2023\/08\/3-1024x576.jpeg\" sizes=\"auto, (max-width: 1024px) 100vw, 1024px\" srcset=\"https:\/\/syri.tv\/wp-content\/uploads\/2023\/08\/3-1024x576.jpeg 1024w, https:\/\/syri.tv\/wp-content\/uploads\/2023\/08\/3-300x169.jpeg 300w, https:\/\/syri.tv\/wp-content\/uploads\/2023\/08\/3-768x432.jpeg 768w, https:\/\/syri.tv\/wp-content\/uploads\/2023\/08\/3-1536x864.jpeg 1536w, https:\/\/syri.tv\/wp-content\/uploads\/2023\/08\/3-860x484.jpeg 860w, https:\/\/syri.tv\/wp-content\/uploads\/2023\/08\/3.jpeg 2016w\" alt=\"\" width=\"1024\" height=\"576\" \/><\/p>\n<p>Fol\u00ebsit ishin kryeministri i Kosov\u00ebs Albin Kurti, kryetari i komun\u00ebs s\u00eb Prishtin\u00ebs P\u00ebrparim Rama, presidenti i Lidhjes Qytetare Shqiptaro-Amerikane dhe Drejtori Ekzekutiv i Fondacionit Shqiptaro-Amerikan, i Nderuari Joseph J. DioGuardi, dhe t\u00eb nderuarit: Avner Shalev, kryetar i sapo pensionuar i Drejtoris\u00eb Yad Vashem, dhe profesoresha Rachel \u201cShelly\u201d Levy-Drummer, gjyshin e s\u00eb cil\u00ebs e shp\u00ebtoi Arsllan Rezniqi.<\/p>\n<p><img loading=\"lazy\" loading=\"lazy\" decoding=\"async\" class=\"alignnone size-large wp-image-4844\" src=\"https:\/\/syri.tv\/wp-content\/uploads\/2023\/08\/WhatsApp-Image-2023-08-23-at-11.19.24-1-1024x576.jpeg\" sizes=\"auto, (max-width: 1024px) 100vw, 1024px\" srcset=\"https:\/\/syri.tv\/wp-content\/uploads\/2023\/08\/WhatsApp-Image-2023-08-23-at-11.19.24-1-1024x576.jpeg 1024w, https:\/\/syri.tv\/wp-content\/uploads\/2023\/08\/WhatsApp-Image-2023-08-23-at-11.19.24-1-300x169.jpeg 300w, https:\/\/syri.tv\/wp-content\/uploads\/2023\/08\/WhatsApp-Image-2023-08-23-at-11.19.24-1-768x432.jpeg 768w, https:\/\/syri.tv\/wp-content\/uploads\/2023\/08\/WhatsApp-Image-2023-08-23-at-11.19.24-1-1536x864.jpeg 1536w, https:\/\/syri.tv\/wp-content\/uploads\/2023\/08\/WhatsApp-Image-2023-08-23-at-11.19.24-1-860x484.jpeg 860w, https:\/\/syri.tv\/wp-content\/uploads\/2023\/08\/WhatsApp-Image-2023-08-23-at-11.19.24-1.jpeg 2016w\" alt=\"\" width=\"1024\" height=\"576\" \/><\/p>\n<p>Gjyshi i Lek\u00ebs, Mustaf\u00eb Rezniqi, themeloi Shoqat\u00ebn e Miq\u00ebsis\u00eb Kosov\u00eb-Izrael me Xhangyle Ilijazin n\u00eb vitin 2005, dhe st\u00ebrgjyshi i tij, Arsllan Rezniqi, ishte shqiptari i par\u00eb i Kosov\u00ebs q\u00eb mori pas vdekjes \u00e7mimin Righteous Among the Nations\/ T\u00eb drejt\u00ebt midis kombeve\/ nga Yad Vashem p\u00ebr shp\u00ebtimin dhe mbrojtjen e hebrenjve nga ai n\u00eb De\u00e7an, Kosov\u00eb, n\u00eb vitin 1941 dhe n\u00eb fund transferimin e tyre gjat\u00eb Luft\u00ebs s\u00eb Dyt\u00eb Bot\u00ebrore n\u00eb nj\u00eb vend t\u00eb sigurt n\u00eb Shqip\u00ebri.<\/p>\n<p><img loading=\"lazy\" loading=\"lazy\" decoding=\"async\" class=\"alignnone size-large wp-image-4845\" src=\"https:\/\/syri.tv\/wp-content\/uploads\/2023\/08\/WhatsApp-Image-2023-08-23-at-11.19.19-2-1024x576.jpeg\" sizes=\"auto, (max-width: 1024px) 100vw, 1024px\" srcset=\"https:\/\/syri.tv\/wp-content\/uploads\/2023\/08\/WhatsApp-Image-2023-08-23-at-11.19.19-2-1024x576.jpeg 1024w, https:\/\/syri.tv\/wp-content\/uploads\/2023\/08\/WhatsApp-Image-2023-08-23-at-11.19.19-2-300x169.jpeg 300w, https:\/\/syri.tv\/wp-content\/uploads\/2023\/08\/WhatsApp-Image-2023-08-23-at-11.19.19-2-768x432.jpeg 768w, https:\/\/syri.tv\/wp-content\/uploads\/2023\/08\/WhatsApp-Image-2023-08-23-at-11.19.19-2-1536x864.jpeg 1536w, https:\/\/syri.tv\/wp-content\/uploads\/2023\/08\/WhatsApp-Image-2023-08-23-at-11.19.19-2-860x484.jpeg 860w, https:\/\/syri.tv\/wp-content\/uploads\/2023\/08\/WhatsApp-Image-2023-08-23-at-11.19.19-2.jpeg 2016w\" alt=\"\" width=\"1024\" height=\"576\" \/><\/p>\n<p>Lek\u00eb Rezniqi, i cili u b\u00eb kryetar i Shoqat\u00ebs pas vdekjes s\u00eb Mustaf\u00ebs n\u00eb vitin 2008 dhe i cili ka b\u00ebr\u00eb hulumtimin e gjer\u00eb p\u00ebr shum\u00eb vite me familjet e shp\u00ebtimtar\u00ebve, tha se \u201cMuri i Nderit jo vet\u00ebm q\u00eb do t\u00eb njoh\u00eb kontributin e individ\u00ebve n\u00eb Kosov\u00eb dhe Shqip\u00ebri q\u00eb rrezikuan jet\u00ebn e tyre p\u00ebr t\u00eb shp\u00ebtuar hebrenjt\u00eb gjat\u00eb Luft\u00ebs s\u00eb Dyt\u00eb Bot\u00ebrore, por muri do t\u00eb mbetet nj\u00eb testament p\u00ebr brezat q\u00eb do t\u00eb vijn\u00eb se e keqja nuk do t\u00eb mbizot\u00ebroj\u00eb mbi drejt\u00ebsin\u00eb dhe t\u00eb drejtat e njeriut.\u201d Lek\u00eb Rezniqi aktualisht \u00ebsht\u00eb duke ndjekur studimet Master n\u00eb Studimet e Holokaustit n\u00eb Universitetin e Haif\u00ebs.<\/p>\n<p><img loading=\"lazy\" loading=\"lazy\" decoding=\"async\" class=\"alignnone size-large wp-image-4847\" src=\"https:\/\/syri.tv\/wp-content\/uploads\/2023\/08\/7-1024x576.jpeg\" sizes=\"auto, (max-width: 1024px) 100vw, 1024px\" srcset=\"https:\/\/syri.tv\/wp-content\/uploads\/2023\/08\/7-1024x576.jpeg 1024w, https:\/\/syri.tv\/wp-content\/uploads\/2023\/08\/7-300x169.jpeg 300w, https:\/\/syri.tv\/wp-content\/uploads\/2023\/08\/7-768x432.jpeg 768w, https:\/\/syri.tv\/wp-content\/uploads\/2023\/08\/7-1536x864.jpeg 1536w, https:\/\/syri.tv\/wp-content\/uploads\/2023\/08\/7-860x484.jpeg 860w, https:\/\/syri.tv\/wp-content\/uploads\/2023\/08\/7.jpeg 2016w\" alt=\"\" width=\"1024\" height=\"576\" \/><\/p>\n<p>Sikur q\u00eb ka shpjeguar Shirley Cloyes DioGuardi n\u00eb shkrimet dhe fjalimet e saj, p\u00ebr rolin unik q\u00eb luajt\u00ebn shqiptar\u00ebt n\u00eb shp\u00ebtimin e hebrenjve gjat\u00eb Holokaustit nuk do t\u00eb mund t\u00eb dihej kurr\u00eb sikur t\u00eb mos ishte udh\u00ebtimi q\u00eb kongresist\u00ebt Tom Lantos dhe Joe DioGuardi e b\u00ebn\u00eb n\u00eb Shqip\u00ebri n\u00eb vitin 1990, t\u00eb cil\u00ebt ishin zyrtar\u00ebt e par\u00eb amerikan\u00eb q\u00eb hyn\u00eb n\u00eb vend pothuajse pas pes\u00ebdhjet\u00eb viteve. Diktatori i fundit komunist i Shqip\u00ebris\u00eb, Ramiz Alia, u dha kongresist\u00ebve nj\u00eb dosje ku u dokumentua shp\u00ebtimi i b\u00ebr\u00eb nga shqiptar\u00ebt me letra origjinale, copa gazetash dhe fotografi. DioGuardi, an\u00ebtari i par\u00eb i Kongresit Amerikan me prejardhje shqiptare arb\u00ebreshe, e transferoi dosjen n\u00eb Yad Vashem me ndihm\u00ebn e mikut t\u00eb tij prej shum\u00eb koh\u00ebsh izraelitin Elli Streit. DioGuardi do t\u00eb ndihmoj\u00eb n\u00eb p\u00ebrkushtimin e Murit t\u00eb Nderit m\u00eb 23 gusht.<\/p>\n<p><img loading=\"lazy\" loading=\"lazy\" decoding=\"async\" class=\"alignnone size-large wp-image-4848\" src=\"https:\/\/syri.tv\/wp-content\/uploads\/2023\/08\/WhatsApp-Image-2023-08-23-at-11.19.22-1024x576.jpeg\" sizes=\"auto, (max-width: 1024px) 100vw, 1024px\" srcset=\"https:\/\/syri.tv\/wp-content\/uploads\/2023\/08\/WhatsApp-Image-2023-08-23-at-11.19.22-1024x576.jpeg 1024w, https:\/\/syri.tv\/wp-content\/uploads\/2023\/08\/WhatsApp-Image-2023-08-23-at-11.19.22-300x169.jpeg 300w, https:\/\/syri.tv\/wp-content\/uploads\/2023\/08\/WhatsApp-Image-2023-08-23-at-11.19.22-768x432.jpeg 768w, https:\/\/syri.tv\/wp-content\/uploads\/2023\/08\/WhatsApp-Image-2023-08-23-at-11.19.22-1536x864.jpeg 1536w, https:\/\/syri.tv\/wp-content\/uploads\/2023\/08\/WhatsApp-Image-2023-08-23-at-11.19.22-860x484.jpeg 860w, https:\/\/syri.tv\/wp-content\/uploads\/2023\/08\/WhatsApp-Image-2023-08-23-at-11.19.22.jpeg 2016w\" alt=\"\" width=\"1024\" height=\"576\" \/><\/p>\n<p>Nga ora 14:00 deri n\u00eb 16:00 t\u00eb dat\u00ebs 23, eshte mbajtur nj\u00eb seminar n\u00eb hotelin Emerald n\u00eb Prishtin\u00eb p\u00ebr t\u00eb shqyrtuar rolin q\u00eb kan\u00eb luajtur shqiptar\u00ebt e Kosov\u00ebs n\u00eb mbrojtjen e komunitetit hebre t\u00eb Kosov\u00ebs para luft\u00ebs dhe t\u00eb mij\u00ebra hebrenjve nga vendet fqinje dhe nga Evropa Per\u00ebndimore q\u00eb k\u00ebrkuan strehim n\u00eb Kosov\u00eb dhe Shqip\u00ebri gjat\u00eb Holokaustit. Fol\u00ebsit ishin ish-kongresisti Joseph J. DioGuardi, Shirley Cloyes DioGuardi, Lek\u00eb Rezniqi, Avner Shalev dhe Profesoresha Shelly Levy-Drummer. T\u00eb p\u00ebrfshir\u00eb jan\u00eb edhe Agim Ali\u00e7kaj, an\u00ebtar i Komitetit Ekzekutiv t\u00eb Bordit t\u00eb Lidhjes Qytetare Shqiptaro-Amerikane dhe Fondacionit Shqiptaro-Amerikan, babai i t\u00eb cilit, Arif Ali\u00e7kaj, bashk\u00ebpunoi me Arsllan Rezniqin n\u00eb shp\u00ebtim, dhe Dr. Faton Bislimi, an\u00ebtar i Komitetit Ekzekutiv t\u00eb Bordit t\u00eb Lidhjes Qytetare Shqiptaro-Amerikane dhe Fondacionit dhe redaktor i Shp\u00ebtimit Shqiptar t\u00eb Hebrenjve gjat\u00eb Holokaustit.<\/p>\n<\/div>\n<\/div>\n","protected":false},"excerpt":{"rendered":"<p>NJU JORK DHE KOSOVA\u2013Fondacioni Shqiptaro-Amerikan dhe Shoqata e Miq\u00ebsis\u00eb Kosov\u00eb-Izrael njoftojn\u00eb p\u00ebr hapjen zyrtare t\u00eb Murit t\u00eb Nderit, t\u00eb modeluar sipas Murit t\u00eb Kujtes\u00ebs n\u00eb Yad Vashem n\u00eb Izrael, n\u00eb Parkun Komb\u00ebtar n\u00eb Prishtin\u00eb, kryeqytetin e Kosov\u00ebs. Muri i Nderit i kushtohet rolit unik q\u00eb luajt\u00ebn shqiptar\u00ebt n\u00eb Kosov\u00eb dhe Shqip\u00ebri n\u00eb shp\u00ebtimin e \u00e7do [&hellip;]<\/p>\n","protected":false},"author":1,"featured_media":4853,"comment_status":"closed","ping_status":"closed","sticky":false,"template":"","format":"standard","meta":{"footnotes":""},"categories":[9],"tags":[],"class_list":{"0":"post-4854","1":"post","2":"type-post","3":"status-publish","4":"format-standard","5":"has-post-thumbnail","7":"category-vendi"},"_links":{"self":[{"href":"https:\/\/syri.tv\/index.php?rest_route=\/wp\/v2\/posts\/4854","targetHints":{"allow":["GET"]}}],"collection":[{"href":"https:\/\/syri.tv\/index.php?rest_route=\/wp\/v2\/posts"}],"about":[{"href":"https:\/\/syri.tv\/index.php?rest_route=\/wp\/v2\/types\/post"}],"author":[{"embeddable":true,"href":"https:\/\/syri.tv\/index.php?rest_route=\/wp\/v2\/users\/1"}],"replies":[{"embeddable":true,"href":"https:\/\/syri.tv\/index.php?rest_route=%2Fwp%2Fv2%2Fcomments&post=4854"}],"version-history":[{"count":4,"href":"https:\/\/syri.tv\/index.php?rest_route=\/wp\/v2\/posts\/4854\/revisions"}],"predecessor-version":[{"id":4858,"href":"https:\/\/syri.tv\/index.php?rest_route=\/wp\/v2\/posts\/4854\/revisions\/4858"}],"wp:featuredmedia":[{"embeddable":true,"href":"https:\/\/syri.tv\/index.php?rest_route=\/wp\/v2\/media\/4853"}],"wp:attachment":[{"href":"https:\/\/syri.tv\/index.php?rest_route=%2Fwp%2Fv2%2Fmedia&parent=4854"}],"wp:term":[{"taxonomy":"category","embeddable":true,"href":"https:\/\/syri.tv\/index.php?rest_route=%2Fwp%2Fv2%2Fcategories&post=4854"},{"taxonomy":"post_tag","embeddable":true,"href":"https:\/\/syri.tv\/index.php?rest_route=%2Fwp%2Fv2%2Ftags&post=4854"}],"curies":[{"name":"wp","href":"https:\/\/api.w.org\/{rel}","templated":true}]}}