{"id":4817,"date":"2023-08-20T09:30:19","date_gmt":"2023-08-20T09:30:19","guid":{"rendered":"https:\/\/syri.tv\/?p=4817"},"modified":"2023-08-20T09:32:06","modified_gmt":"2023-08-20T09:32:06","slug":"as-shqiperia-dhe-as-kosova-nuk-interesoheshin-per-sanxhakun-amina-nuraj","status":"publish","type":"post","link":"https:\/\/syri.tv\/?p=4817","title":{"rendered":"Shqip\u00ebria dhe Kosova nuk interesohen p\u00ebr Sanxhakun &#8211; Amina Nuraj"},"content":{"rendered":"<p>Kam menduar shum\u00eb n\u00ebse do ta shkruaj k\u00ebt\u00eb apo jo, por jam e detyruar ta b\u00ebj.<\/p>\n<p><img loading=\"lazy\" loading=\"lazy\" decoding=\"async\" class=\"alignnone wp-image-4819\" src=\"https:\/\/syri.tv\/wp-content\/uploads\/2023\/08\/AN.png\" alt=\"\" width=\"185\" height=\"216\" srcset=\"https:\/\/syri.tv\/wp-content\/uploads\/2023\/08\/AN.png 552w, https:\/\/syri.tv\/wp-content\/uploads\/2023\/08\/AN-256x300.png 256w\" sizes=\"auto, (max-width: 185px) 100vw, 185px\" \/><\/p>\n<p>\u200b<a href=\"https:\/\/www.facebook.com\/amina.nurovic?__cft__%5b0%5d=AZUWE2hXeu28YnPoOvpRmGy_pOSjA_axmKMaoTGXp4iKXZWzkWAcNJ5v68oWpUMe1SFBEDv2oNzjhwd_gBGcKw6vi04jhpjnmPVVBVerEFobnoBT27h9A8Rm59xCg5FQq54g2ZiZZ_zZLeDj10IY_J0MEBiWRRdknNXPO_w8-CSZaDvxyVS5GddlJxfhOa_08Qo&amp;__tn__=-%5dK-y-R\">Amina Nuraj<\/a><\/p>\n<p>Q\u00eb nga viti 1945. Sanxhaku \u00ebsht\u00eb l\u00ebn\u00eb n\u00eb dor\u00ebn e Zotit, ku as Shqip\u00ebria dhe as Kosova nuk interesoheshin p\u00ebr ne.<\/p>\n<p>Disa komente shkruanin &#171;Sanxhakli nuk di gjuhen shqipe&#187; dhe ku duhet ta dim\u00eb, ku duhet ta m\u00ebsojm\u00eb gjuhen shqipe?<\/p>\n<p>Kur na kan\u00eb okupuar dhe asimiluan, ndaluan gjuh\u00ebn shqipe, ndaluan shkollat \u200b\u200bn\u00eb gjuh\u00ebn shqipe.<\/p>\n<p>Ku keni qen\u00eb q\u00eb nga viti 1945? Ku jeni tani kur t\u00eb rinjt\u00eb kan\u00eb filluar t&#8217;u kthehen dal\u00ebngadal\u00eb rr\u00ebnj\u00ebve t\u00eb tyre shqiptare?<\/p>\n<p>Qe nga viti 1945. jetojm\u00eb me asimilimin \u00e7etnik. Kosova dhe Shqip\u00ebria nuk ishin t\u00eb interesuara p\u00ebr ne dhe k\u00ebt\u00eb e p\u00ebrdor\u00ebn spiun\u00ebt e Beogradit n\u00eb vitin 1990. p\u00ebr t\u00eb na asimiluar edhe m\u00eb keq dhe p\u00ebr t\u00eb nd\u00ebrprer\u00eb \u00e7do kontakt me kombin e v\u00ebrtet\u00eb dhe atdheun.<\/p>\n<p>K\u00ebt\u00eb q\u00eb b\u00ebj e b\u00ebj q\u00eb n\u00eb mosh\u00ebn 15-vje\u00e7are, 11 vite m\u00eb von\u00eb puna ime filloi t\u00eb b\u00ebhej e njohur sepse un\u00eb si f\u00ebmij\u00eb i \u00e7lirova t\u00eb tjer\u00ebt nga frika. M\u00eb par\u00eb as nuk munde dhe as t\u00eb lejohej t\u00eb d\u00ebgjon kudo muzik\u00eb shqiptare, as t\u00eb ngrije flamurin shqiptar. Tani edhe ju vet\u00eb jeni d\u00ebshmitar\u00eb se situata n\u00eb Sanxhak \u00ebsht\u00eb b\u00ebr\u00eb m\u00eb e mir\u00eb sepse n\u00eb dasma luhet muzika shqipe, kemi v\u00ebn\u00eb edhe flamurin shqiptar, rinia filloi t\u00eb zgjohet. Dhe ku jeni tani JU p\u00ebr t\u00eb na mb\u00ebshtetur?<\/p>\n<p>Kur vendosa q\u00eb n\u00eb mosh\u00ebn 17-vje\u00e7are t\u00eb ngrija flamurin shqiptar p\u00ebr her\u00eb t\u00eb par\u00eb n\u00eb Sanxhak, n\u00eb qend\u00ebr t\u00eb Novi Pazarit, pas vitit 1945., t\u00eb gjith\u00eb m\u00eb thoshin \u201cKa mbet me t\u00eb mbyt ty dikush, do t\u00eb p\u00ebrfundosh n\u00eb burg\u201d, nuk isha i interesuar sepse doja ta b\u00ebja s\u00eb pari, b\u00ebj\u00eb p\u00ebr t&#8217;u liruar t\u00eb tjer\u00ebve qe edhe ata mund ta b\u00ebjn\u00eb.<\/p>\n<p>Ne jemi fajtor\u00eb p\u00ebr gjendjen n\u00eb Sanxhak sepse ne i kemi lejuar \u00e7etnik\u00ebt t\u00eb b\u00ebjn\u00eb \u00e7far\u00eb t\u00eb duan me ne, por ju keni m\u00eb shum\u00eb faj se na keni harruar.<\/p>\n<p>&nbsp;<\/p>\n","protected":false},"excerpt":{"rendered":"<p>Kam menduar shum\u00eb n\u00ebse do ta shkruaj k\u00ebt\u00eb apo jo, por jam e detyruar ta b\u00ebj. \u200bAmina Nuraj Q\u00eb nga viti 1945. Sanxhaku \u00ebsht\u00eb l\u00ebn\u00eb n\u00eb dor\u00ebn e Zotit, ku as Shqip\u00ebria dhe as Kosova nuk interesoheshin p\u00ebr ne. Disa komente shkruanin &#171;Sanxhakli nuk di gjuhen shqipe&#187; dhe ku duhet ta dim\u00eb, ku duhet ta [&hellip;]<\/p>\n","protected":false},"author":1,"featured_media":4818,"comment_status":"closed","ping_status":"closed","sticky":false,"template":"","format":"standard","meta":{"footnotes":""},"categories":[9],"tags":[],"class_list":{"0":"post-4817","1":"post","2":"type-post","3":"status-publish","4":"format-standard","5":"has-post-thumbnail","7":"category-vendi"},"_links":{"self":[{"href":"https:\/\/syri.tv\/index.php?rest_route=\/wp\/v2\/posts\/4817","targetHints":{"allow":["GET"]}}],"collection":[{"href":"https:\/\/syri.tv\/index.php?rest_route=\/wp\/v2\/posts"}],"about":[{"href":"https:\/\/syri.tv\/index.php?rest_route=\/wp\/v2\/types\/post"}],"author":[{"embeddable":true,"href":"https:\/\/syri.tv\/index.php?rest_route=\/wp\/v2\/users\/1"}],"replies":[{"embeddable":true,"href":"https:\/\/syri.tv\/index.php?rest_route=%2Fwp%2Fv2%2Fcomments&post=4817"}],"version-history":[{"count":4,"href":"https:\/\/syri.tv\/index.php?rest_route=\/wp\/v2\/posts\/4817\/revisions"}],"predecessor-version":[{"id":4825,"href":"https:\/\/syri.tv\/index.php?rest_route=\/wp\/v2\/posts\/4817\/revisions\/4825"}],"wp:featuredmedia":[{"embeddable":true,"href":"https:\/\/syri.tv\/index.php?rest_route=\/wp\/v2\/media\/4818"}],"wp:attachment":[{"href":"https:\/\/syri.tv\/index.php?rest_route=%2Fwp%2Fv2%2Fmedia&parent=4817"}],"wp:term":[{"taxonomy":"category","embeddable":true,"href":"https:\/\/syri.tv\/index.php?rest_route=%2Fwp%2Fv2%2Fcategories&post=4817"},{"taxonomy":"post_tag","embeddable":true,"href":"https:\/\/syri.tv\/index.php?rest_route=%2Fwp%2Fv2%2Ftags&post=4817"}],"curies":[{"name":"wp","href":"https:\/\/api.w.org\/{rel}","templated":true}]}}