{"id":4792,"date":"2023-08-12T09:23:02","date_gmt":"2023-08-12T09:23:02","guid":{"rendered":"https:\/\/syri.tv\/?p=4792"},"modified":"2023-08-12T09:47:25","modified_gmt":"2023-08-12T09:47:25","slug":"anton-preles-qe-u-vra-ne-nje-lokal-ne-kline-sot-ju-dha-lamtumira-e-fundit","status":"publish","type":"post","link":"https:\/\/syri.tv\/?p=4792","title":{"rendered":"Anton Prel\u00ebs q\u00eb u vra n\u00eb nj\u00eb lokal n\u00eb Klin\u00eb sot ju dha lamtumira e fundit"},"content":{"rendered":"<p>Sot ju dha lamtumira e fundit m\u00ebrgimtarit Anton Mark Prel\u00ebs nga Stupa, q\u00eb u vra para dy dite n\u00eb nj\u00eb lokal n\u00eb Klin\u00eb.<\/p>\n<p>Qytetar\u00eb, miq e familjar\u00eb dhe nj\u00eb num\u00ebr i madh m\u00ebrgimtar nga Zvicra mor\u00ebn pjes\u00eb n\u00eb varrim e tije dhe me lot n\u00eb sy dhe me dhembje n\u00eb shpirte i dhan\u00eb lamtumir\u00ebn e fundit Antonit i cili aq shum\u00eb e deshi dhe kontribuoi p\u00ebr vendlindjen e tij.<\/p>\n<p>Dora vrastare e privoi nga jeta t\u00eb ndjerin duke l\u00ebn\u00eb pas familjen shum\u00eb t\u00eb pik\u00eblluar dhe zbraz\u00ebtir\u00eb n\u00eb jet\u00ebn e tyre.<\/p>\n<p>I dyshuari p\u00ebr vrasjen e tij ende \u00ebsht\u00eb n\u00eb arrati dhe shpresojm\u00eb t\u00eb i dor\u00ebzohet t\u00eb jap\u00eb llogarin\u00eb \u00a0organeve kompetente i cili \u00ebsht\u00eb akoma n\u00eb k\u00ebrkim nga Policia e Kosov\u00ebs.<\/p>\n<p>Ende nuk dihen rrethanat dhe arsyet pse ndodhi kjo vrasje e zymt\u00eb kur kuptohet s\u00eb ishin edhe miq sht\u00ebpie mes veti dor\u00eb vras\u00ebsi dhe viktima rast q\u00eb po hetohet nga organet kompetente.<\/p>\n<p>Viktima ishte biznesmen n\u00eb Zvic\u00ebr dhe si i pavarur m\u00ebsohet nga shok\u00ebt dhe miqt\u00eb ishte shum\u00eb human dhe i dashur p\u00ebr t\u00eb gjith\u00eb.<\/p>\n<p><img loading=\"lazy\" loading=\"lazy\" decoding=\"async\" class=\"alignnone size-medium wp-image-90564 td-animation-stack-type0-2\" src=\"https:\/\/www.klina.info\/wp-content\/uploads\/2023\/08\/received_305226835329814-300x225.jpeg\" sizes=\"auto, (max-width: 300px) 100vw, 300px\" srcset=\"https:\/\/www.klina.info\/wp-content\/uploads\/2023\/08\/received_305226835329814-300x225.jpeg 300w, https:\/\/www.klina.info\/wp-content\/uploads\/2023\/08\/received_305226835329814-1024x768.jpeg 1024w, https:\/\/www.klina.info\/wp-content\/uploads\/2023\/08\/received_305226835329814-768x576.jpeg 768w, https:\/\/www.klina.info\/wp-content\/uploads\/2023\/08\/received_305226835329814-1536x1152.jpeg 1536w, https:\/\/www.klina.info\/wp-content\/uploads\/2023\/08\/received_305226835329814-2048x1536.jpeg 2048w, https:\/\/www.klina.info\/wp-content\/uploads\/2023\/08\/received_305226835329814-80x60.jpeg 80w, https:\/\/www.klina.info\/wp-content\/uploads\/2023\/08\/received_305226835329814-265x198.jpeg 265w, https:\/\/www.klina.info\/wp-content\/uploads\/2023\/08\/received_305226835329814-696x522.jpeg 696w, https:\/\/www.klina.info\/wp-content\/uploads\/2023\/08\/received_305226835329814-1068x801.jpeg 1068w, https:\/\/www.klina.info\/wp-content\/uploads\/2023\/08\/received_305226835329814-560x420.jpeg 560w\" alt=\"\" width=\"300\" height=\"225\" \/><\/p>\n<p><img loading=\"lazy\" loading=\"lazy\" decoding=\"async\" class=\"alignnone size-medium wp-image-90565 td-animation-stack-type0-2\" src=\"https:\/\/www.klina.info\/wp-content\/uploads\/2023\/08\/received_959851818612552-225x300.jpeg\" sizes=\"auto, (max-width: 225px) 100vw, 225px\" srcset=\"https:\/\/www.klina.info\/wp-content\/uploads\/2023\/08\/received_959851818612552-225x300.jpeg 225w, https:\/\/www.klina.info\/wp-content\/uploads\/2023\/08\/received_959851818612552-768x1024.jpeg 768w, https:\/\/www.klina.info\/wp-content\/uploads\/2023\/08\/received_959851818612552-1152x1536.jpeg 1152w, https:\/\/www.klina.info\/wp-content\/uploads\/2023\/08\/received_959851818612552-1536x2048.jpeg 1536w, https:\/\/www.klina.info\/wp-content\/uploads\/2023\/08\/received_959851818612552-696x928.jpeg 696w, https:\/\/www.klina.info\/wp-content\/uploads\/2023\/08\/received_959851818612552-1068x1424.jpeg 1068w, https:\/\/www.klina.info\/wp-content\/uploads\/2023\/08\/received_959851818612552-315x420.jpeg 315w, https:\/\/www.klina.info\/wp-content\/uploads\/2023\/08\/received_959851818612552-scaled.jpeg 1920w\" alt=\"\" width=\"225\" height=\"300\" \/><img loading=\"lazy\" loading=\"lazy\" decoding=\"async\" class=\"alignnone size-medium wp-image-90560 td-animation-stack-type0-2\" src=\"https:\/\/www.klina.info\/wp-content\/uploads\/2023\/08\/20230809_185906-225x300.jpg\" sizes=\"auto, (max-width: 225px) 100vw, 225px\" srcset=\"https:\/\/www.klina.info\/wp-content\/uploads\/2023\/08\/20230809_185906-225x300.jpg 225w, https:\/\/www.klina.info\/wp-content\/uploads\/2023\/08\/20230809_185906-696x928.jpg 696w, https:\/\/www.klina.info\/wp-content\/uploads\/2023\/08\/20230809_185906-315x420.jpg 315w, https:\/\/www.klina.info\/wp-content\/uploads\/2023\/08\/20230809_185906.jpg 720w\" alt=\"\" width=\"225\" height=\"300\" \/><img loading=\"lazy\" loading=\"lazy\" decoding=\"async\" class=\"alignnone size-medium wp-image-90561 td-animation-stack-type0-2\" src=\"https:\/\/www.klina.info\/wp-content\/uploads\/2023\/08\/FB_IMG_1691597382304-143x300.jpg\" sizes=\"auto, (max-width: 143px) 100vw, 143px\" srcset=\"https:\/\/www.klina.info\/wp-content\/uploads\/2023\/08\/FB_IMG_1691597382304-143x300.jpg 143w, https:\/\/www.klina.info\/wp-content\/uploads\/2023\/08\/FB_IMG_1691597382304-487x1024.jpg 487w, https:\/\/www.klina.info\/wp-content\/uploads\/2023\/08\/FB_IMG_1691597382304-200x420.jpg 200w, https:\/\/www.klina.info\/wp-content\/uploads\/2023\/08\/FB_IMG_1691597382304.jpg 613w\" alt=\"\" width=\"143\" height=\"300\" \/><\/p>\n<div id=\"klina-1289647315\" class=\"klina-after-content\">\n<div class=\"g g-16\">\n<div class=\"g-single a-335\"><\/div>\n<\/div>\n<\/div>\n","protected":false},"excerpt":{"rendered":"<p>Sot ju dha lamtumira e fundit m\u00ebrgimtarit Anton Mark Prel\u00ebs nga Stupa, q\u00eb u vra para dy dite n\u00eb nj\u00eb lokal n\u00eb Klin\u00eb. Qytetar\u00eb, miq e familjar\u00eb dhe nj\u00eb num\u00ebr i madh m\u00ebrgimtar nga Zvicra mor\u00ebn pjes\u00eb n\u00eb varrim e tije dhe me lot n\u00eb sy dhe me dhembje n\u00eb shpirte i dhan\u00eb lamtumir\u00ebn e [&hellip;]<\/p>\n","protected":false},"author":1,"featured_media":4793,"comment_status":"closed","ping_status":"closed","sticky":false,"template":"","format":"standard","meta":{"footnotes":""},"categories":[9],"tags":[],"class_list":{"0":"post-4792","1":"post","2":"type-post","3":"status-publish","4":"format-standard","5":"has-post-thumbnail","7":"category-vendi"},"_links":{"self":[{"href":"https:\/\/syri.tv\/index.php?rest_route=\/wp\/v2\/posts\/4792","targetHints":{"allow":["GET"]}}],"collection":[{"href":"https:\/\/syri.tv\/index.php?rest_route=\/wp\/v2\/posts"}],"about":[{"href":"https:\/\/syri.tv\/index.php?rest_route=\/wp\/v2\/types\/post"}],"author":[{"embeddable":true,"href":"https:\/\/syri.tv\/index.php?rest_route=\/wp\/v2\/users\/1"}],"replies":[{"embeddable":true,"href":"https:\/\/syri.tv\/index.php?rest_route=%2Fwp%2Fv2%2Fcomments&post=4792"}],"version-history":[{"count":3,"href":"https:\/\/syri.tv\/index.php?rest_route=\/wp\/v2\/posts\/4792\/revisions"}],"predecessor-version":[{"id":4796,"href":"https:\/\/syri.tv\/index.php?rest_route=\/wp\/v2\/posts\/4792\/revisions\/4796"}],"wp:featuredmedia":[{"embeddable":true,"href":"https:\/\/syri.tv\/index.php?rest_route=\/wp\/v2\/media\/4793"}],"wp:attachment":[{"href":"https:\/\/syri.tv\/index.php?rest_route=%2Fwp%2Fv2%2Fmedia&parent=4792"}],"wp:term":[{"taxonomy":"category","embeddable":true,"href":"https:\/\/syri.tv\/index.php?rest_route=%2Fwp%2Fv2%2Fcategories&post=4792"},{"taxonomy":"post_tag","embeddable":true,"href":"https:\/\/syri.tv\/index.php?rest_route=%2Fwp%2Fv2%2Ftags&post=4792"}],"curies":[{"name":"wp","href":"https:\/\/api.w.org\/{rel}","templated":true}]}}