{"id":4779,"date":"2023-08-10T18:37:45","date_gmt":"2023-08-10T18:37:45","guid":{"rendered":"https:\/\/syri.tv\/?p=4779"},"modified":"2023-08-10T18:37:45","modified_gmt":"2023-08-10T18:37:45","slug":"ragmi-mustafi-nga-sot-eshte-keshilltar-ne-qeverine-kurti","status":"publish","type":"post","link":"https:\/\/syri.tv\/?p=4779","title":{"rendered":"Ragmi Mustafi nga sot \u00ebsht\u00eb k\u00ebshilltar n\u00eb Qeverin\u00eb Kurti"},"content":{"rendered":"<p>Kryeministri i Kosov\u00ebs, Albin Kurti, ia ka shtuar Ragmi Mustafin, vargut t\u00eb gjat\u00eb t\u00eb k\u00ebshilltar\u00ebve n\u00eb qeverin\u00eb e tij.<\/p>\n<p>Mustafi, i cili deri para pak muajsh ka qen\u00eb kryetar i K\u00ebshillit Komb\u00ebtar Shqiptar n\u00eb Serbi, tash e tutje do t\u00eb sh\u00ebrbej\u00eb si k\u00ebshilltar i z\u00ebvend\u00ebskryeministrit t\u00eb par\u00eb t\u00eb Kosov\u00ebs, Besnik Bislimi.<\/p>\n<p><a class=\"x1i10hfl xjbqb8w x6umtig x1b1mbwd xaqea5y xav7gou x9f619 x1ypdohk xt0psk2 xe8uvvx xdj266r x11i5rnm xat24cr x1mh8g0r xexx8yu x4uap5 x18d9i69 xkhd6sd x16tdsg8 x1hl2dhg xggy1nq x1a2a7pz xt0b8zv x1fey0fg\" tabindex=\"0\" role=\"link\" href=\"https:\/\/demokracia.com\/?fbclid=IwAR2looxasfCAtUBGso5QiAij67f1FQ7zn-zF7K9GSiauSr8V3SCOeNdEozQ\" target=\"_blank\" rel=\"nofollow noopener\">Demokracia.com<\/a>\u00a0ka siguruar vendimin p\u00ebr em\u00ebrimin e Mustafit n\u00eb k\u00ebt\u00eb detyr\u00eb.<\/p>\n<p>\u201cz. Ragmi Mustafi em\u00ebrohet K\u00ebshilltar Politik i Z\u00ebvend\u00ebskryeministrit t\u00eb par\u00eb p\u00ebr Integrim evropian, zhvillim dhe dialog n\u00eb Qeverin\u00eb e Republik\u00ebs s\u00eb Kosov\u00ebs.\u201d, thuhet n\u00eb vendim.<\/p>\n<p>Mustafi nuk ka folur ende p\u00ebr k\u00ebt\u00eb vendim. Nj\u00eb or\u00eb m\u00eb par\u00eb ai ka postuar fotografi me kryeministrin Albin Kurti dhe \u00ebsht\u00eb shprehur i lumtur p\u00ebr sigurimin e teksteve p\u00ebr nx\u00ebn\u00ebsit e Lugin\u00ebs.<\/p>\n","protected":false},"excerpt":{"rendered":"<p>Kryeministri i Kosov\u00ebs, Albin Kurti, ia ka shtuar Ragmi Mustafin, vargut t\u00eb gjat\u00eb t\u00eb k\u00ebshilltar\u00ebve n\u00eb qeverin\u00eb e tij. Mustafi, i cili deri para pak muajsh ka qen\u00eb kryetar i K\u00ebshillit Komb\u00ebtar Shqiptar n\u00eb Serbi, tash e tutje do t\u00eb sh\u00ebrbej\u00eb si k\u00ebshilltar i z\u00ebvend\u00ebskryeministrit t\u00eb par\u00eb t\u00eb Kosov\u00ebs, Besnik Bislimi. Demokracia.com\u00a0ka siguruar vendimin p\u00ebr [&hellip;]<\/p>\n","protected":false},"author":1,"featured_media":4780,"comment_status":"closed","ping_status":"closed","sticky":false,"template":"","format":"standard","meta":{"footnotes":""},"categories":[9],"tags":[],"class_list":{"0":"post-4779","1":"post","2":"type-post","3":"status-publish","4":"format-standard","5":"has-post-thumbnail","7":"category-vendi"},"_links":{"self":[{"href":"https:\/\/syri.tv\/index.php?rest_route=\/wp\/v2\/posts\/4779","targetHints":{"allow":["GET"]}}],"collection":[{"href":"https:\/\/syri.tv\/index.php?rest_route=\/wp\/v2\/posts"}],"about":[{"href":"https:\/\/syri.tv\/index.php?rest_route=\/wp\/v2\/types\/post"}],"author":[{"embeddable":true,"href":"https:\/\/syri.tv\/index.php?rest_route=\/wp\/v2\/users\/1"}],"replies":[{"embeddable":true,"href":"https:\/\/syri.tv\/index.php?rest_route=%2Fwp%2Fv2%2Fcomments&post=4779"}],"version-history":[{"count":1,"href":"https:\/\/syri.tv\/index.php?rest_route=\/wp\/v2\/posts\/4779\/revisions"}],"predecessor-version":[{"id":4781,"href":"https:\/\/syri.tv\/index.php?rest_route=\/wp\/v2\/posts\/4779\/revisions\/4781"}],"wp:featuredmedia":[{"embeddable":true,"href":"https:\/\/syri.tv\/index.php?rest_route=\/wp\/v2\/media\/4780"}],"wp:attachment":[{"href":"https:\/\/syri.tv\/index.php?rest_route=%2Fwp%2Fv2%2Fmedia&parent=4779"}],"wp:term":[{"taxonomy":"category","embeddable":true,"href":"https:\/\/syri.tv\/index.php?rest_route=%2Fwp%2Fv2%2Fcategories&post=4779"},{"taxonomy":"post_tag","embeddable":true,"href":"https:\/\/syri.tv\/index.php?rest_route=%2Fwp%2Fv2%2Ftags&post=4779"}],"curies":[{"name":"wp","href":"https:\/\/api.w.org\/{rel}","templated":true}]}}