{"id":4698,"date":"2023-07-24T15:08:02","date_gmt":"2023-07-24T15:08:02","guid":{"rendered":"https:\/\/syri.tv\/?p=4698"},"modified":"2023-07-24T15:08:02","modified_gmt":"2023-07-24T15:08:02","slug":"sa-duhet-te-jete-temperatura-e-kondisisionerit-qe-te-mos-keni-probleme","status":"publish","type":"post","link":"https:\/\/syri.tv\/?p=4698","title":{"rendered":"Sa duhet te jete temperatura e kondisisionerit q\u00eb t\u00eb mos keni probleme"},"content":{"rendered":"<p>Ekspert\u00ebt tregojn\u00eb temperatur\u00ebn ideale t\u00eb kondicionerit gjat\u00eb ver\u00ebs<\/p>\n<p>Vala e t\u00eb nxehtit q\u00eb ka prekur vendin e ka b\u00ebr\u00eb kondicionerin protagonist absolut n\u00eb sht\u00ebpi dhe zyra. B\u00ebhet fjal\u00eb p\u00ebr nj\u00eb pajisje q\u00eb ndikon edhe n\u00eb sh\u00ebndetin ton\u00eb.<\/p>\n<p>Kjo sepse n\u00ebse dhoma \u00ebsht\u00eb shum\u00eb e ftoht\u00eb, do t\u00eb ndjejm\u00eb dhimbje fyti dhe madje dhimbje koke. Temperatura mesatare e trupit \u00ebsht\u00eb 36 grad\u00eb, k\u00ebshtu q\u00eb nj\u00eb temperatur\u00eb shum\u00eb e ul\u00ebt do t\u00eb shkaktoj\u00eb nj\u00eb goditje termike q\u00eb mund t\u00eb na d\u00ebmtoj\u00eb.<\/p>\n<p><img loading=\"lazy\" loading=\"lazy\" decoding=\"async\" class=\"alignnone size-full wp-image-73406 jetpack-lazy-image td-animation-stack-type0-2 jetpack-lazy-image--handled\" src=\"https:\/\/i0.wp.com\/gatuajshendetshem.com\/wp-content\/uploads\/2022\/08\/How-and-Air-Conditioner-Works-Howard-Air.jpg?resize=696%2C391&amp;ssl=1\" alt=\"\" width=\"696\" height=\"391\" data-recalc-dims=\"1\" data-lazy-loaded=\"1\" \/><\/p>\n<p>Ekspert\u00ebt thon\u00eb se nj\u00eb temperatur\u00eb perfekte n\u00eb dhom\u00eb \u00ebsht\u00eb midis 26-27 grad\u00eb. Edhe pse, sigurisht, varet edhe nga lloji i njer\u00ebzve, numri i tyre dhe nga fakti n\u00ebse dhoma mund t\u00eb mbyllet q\u00eb t\u00eb mos humbas\u00eb freskia, n\u00ebse nuk ekspozohet drejtp\u00ebrdrejt n\u00eb diell, n\u00ebse ka foshnja ose persona vulnerab\u00ebl, si p\u00ebr shembull t\u00eb moshuarit. N\u00ebse keni edhe ventilator, mund t\u00eb alternoni p\u00ebrdorimin e ajrit t\u00eb kondicionuar dhe ventilatorit transmeton shiko.news<\/p>\n<p>Mjek\u00ebt theksojn\u00eb se i ftohti dhe that\u00ebsia e ambientit mund t\u00eb \u00e7ojn\u00eb n\u00eb kontraktura t\u00eb muskujve, kur rryma e ajrit t\u00eb ftoht\u00eb i godet drejtp\u00ebrdrejt, ve\u00e7an\u00ebrisht n\u00ebse bini n\u00eb gjum\u00eb n\u00ebn nj\u00eb rrym\u00eb ajri ose jeni duke punuar me or\u00eb t\u00eb t\u00ebra n\u00ebn nj\u00eb kondicioner.<\/p>\n<p><img loading=\"lazy\" loading=\"lazy\" decoding=\"async\" class=\"alignnone size-full wp-image-73407 jetpack-lazy-image jetpack-lazy-image--handled td-animation-stack-type0-2\" src=\"https:\/\/i0.wp.com\/gatuajshendetshem.com\/wp-content\/uploads\/2022\/08\/snap_screen_20220810113437.png?resize=688%2C404&amp;ssl=1\" alt=\"\" width=\"688\" height=\"404\" data-recalc-dims=\"1\" data-lazy-loaded=\"1\" \/><\/p>\n<p>Nd\u00ebrkoh\u00eb, nj\u00eb mjek spanjoll, Juan Carlos Casado, tha p\u00ebr \u201cEl Pa\u00eds\u201d se mbajtja e kondicionerit n\u00eb nj\u00eb temperatur\u00eb n\u00ebn 24 grad\u00eb \u00ebsht\u00eb \u201cmjaft e d\u00ebmshme\u201d.<\/p>\n<p>\u201cHunda ka disa filtra q\u00eb ngrohin, lag\u00ebshtojn\u00eb dhe pastrojn\u00eb ajrin q\u00eb hyn n\u00eb t\u00eb. N\u00ebse ajri hyn i ftoht\u00eb, mund t\u00eb shkaktoj\u00eb infeksione n\u00eb rrug\u00ebt e sip\u00ebrme dhe t\u00eb poshtme t\u00eb frym\u00ebmarrjes\u201d, shpjegon ai.<\/p>\n<p>Ngjirja e z\u00ebrit, humbja e z\u00ebrit, ftohjet e ver\u00ebs, jan\u00eb gjithashtu shum\u00eb t\u00eb zakonshme kur \u201cjetoni\u201d n\u00ebn aj\u00ebr t\u00eb kondicionuar. Edhe n\u00ebse flini me goj\u00eb hapur dhe keni kondicionerin ndezur, ajri i that\u00eb do t\u00eb irritoj\u00eb rrug\u00ebt tona t\u00eb frym\u00ebmarrjes.<\/p>\n","protected":false},"excerpt":{"rendered":"<p>Ekspert\u00ebt tregojn\u00eb temperatur\u00ebn ideale t\u00eb kondicionerit gjat\u00eb ver\u00ebs Vala e t\u00eb nxehtit q\u00eb ka prekur vendin e ka b\u00ebr\u00eb kondicionerin protagonist absolut n\u00eb sht\u00ebpi dhe zyra. B\u00ebhet fjal\u00eb p\u00ebr nj\u00eb pajisje q\u00eb ndikon edhe n\u00eb sh\u00ebndetin ton\u00eb. Kjo sepse n\u00ebse dhoma \u00ebsht\u00eb shum\u00eb e ftoht\u00eb, do t\u00eb ndjejm\u00eb dhimbje fyti dhe madje dhimbje koke. Temperatura [&hellip;]<\/p>\n","protected":false},"author":1,"featured_media":4699,"comment_status":"closed","ping_status":"closed","sticky":false,"template":"","format":"standard","meta":{"footnotes":""},"categories":[9],"tags":[],"class_list":{"0":"post-4698","1":"post","2":"type-post","3":"status-publish","4":"format-standard","5":"has-post-thumbnail","7":"category-vendi"},"_links":{"self":[{"href":"https:\/\/syri.tv\/index.php?rest_route=\/wp\/v2\/posts\/4698","targetHints":{"allow":["GET"]}}],"collection":[{"href":"https:\/\/syri.tv\/index.php?rest_route=\/wp\/v2\/posts"}],"about":[{"href":"https:\/\/syri.tv\/index.php?rest_route=\/wp\/v2\/types\/post"}],"author":[{"embeddable":true,"href":"https:\/\/syri.tv\/index.php?rest_route=\/wp\/v2\/users\/1"}],"replies":[{"embeddable":true,"href":"https:\/\/syri.tv\/index.php?rest_route=%2Fwp%2Fv2%2Fcomments&post=4698"}],"version-history":[{"count":1,"href":"https:\/\/syri.tv\/index.php?rest_route=\/wp\/v2\/posts\/4698\/revisions"}],"predecessor-version":[{"id":4700,"href":"https:\/\/syri.tv\/index.php?rest_route=\/wp\/v2\/posts\/4698\/revisions\/4700"}],"wp:featuredmedia":[{"embeddable":true,"href":"https:\/\/syri.tv\/index.php?rest_route=\/wp\/v2\/media\/4699"}],"wp:attachment":[{"href":"https:\/\/syri.tv\/index.php?rest_route=%2Fwp%2Fv2%2Fmedia&parent=4698"}],"wp:term":[{"taxonomy":"category","embeddable":true,"href":"https:\/\/syri.tv\/index.php?rest_route=%2Fwp%2Fv2%2Fcategories&post=4698"},{"taxonomy":"post_tag","embeddable":true,"href":"https:\/\/syri.tv\/index.php?rest_route=%2Fwp%2Fv2%2Ftags&post=4698"}],"curies":[{"name":"wp","href":"https:\/\/api.w.org\/{rel}","templated":true}]}}