{"id":4674,"date":"2023-07-21T20:00:16","date_gmt":"2023-07-21T20:00:16","guid":{"rendered":"https:\/\/syri.tv\/?p=4674"},"modified":"2023-07-21T20:11:44","modified_gmt":"2023-07-21T20:11:44","slug":"edhe-clirmtaret-pushkatohen","status":"publish","type":"post","link":"https:\/\/syri.tv\/?p=4674","title":{"rendered":"\u201e EDHE \u00c7LIRMTAR\u00cbT PUSHKATOHEN !\u201c"},"content":{"rendered":"<div>\n<div class=\"\" dir=\"auto\">\n<div id=\":r5ih:\" class=\"x1iorvi4 x1pi30zi x1l90r2v x1swvt13\" data-ad-comet-preview=\"message\" data-ad-preview=\"message\">\n<div class=\"x78zum5 xdt5ytf xz62fqu x16ldp7u\">\n<div class=\"xu06os2 x1ok221b\">\n<div class=\"x11i5rnm xat24cr x1mh8g0r x1vvkbs xtlvy1s x126k92a\">\n<div dir=\"auto\"><img loading=\"lazy\" loading=\"lazy\" decoding=\"async\" class=\"alignnone  wp-image-3731\" src=\"https:\/\/syri.tv\/wp-content\/uploads\/2023\/06\/FBT.png\" alt=\"\" width=\"236\" height=\"235\" srcset=\"https:\/\/syri.tv\/wp-content\/uploads\/2023\/06\/FBT.png 210w, https:\/\/syri.tv\/wp-content\/uploads\/2023\/06\/FBT-150x150.png 150w\" sizes=\"auto, (max-width: 236px) 100vw, 236px\" \/><\/div>\n<div dir=\"auto\">Shkruan: Fatmir Brajshori-Tushi<\/div>\n<div dir=\"auto\"><\/div>\n<div dir=\"auto\">N\u00eb koh\u00eb t\u00eb fundit, disa ( me p\u00ebrjashtime) q\u00eb kurr\u00eb nuk jan\u00eb lodhur p\u00ebr \u00e7lirimin e vendit jan\u00eb m\u00eb t\u00eb z\u00ebshmit n\u00eb luft\u00ebn p\u00ebr \u201e mbrojtjen\u201c e \u00e7lirimtar\u00ebve, ani pse ata askush nuk i sulmon dhe me ask\u00ebnd nuk jan\u00eb n\u00eb luft\u00eb.<\/div>\n<div dir=\"auto\">\u00c7lirimtari i till\u00eb quhet gjat\u00eb luft\u00ebs dhe pas saj deri sa nuk formohen institucionet e shtetit.<\/div>\n<div dir=\"auto\">Kur b\u00ebhen aktive Institucionet e shtetit deaktivizohet \u00e7lirimtari i cili sh\u00ebnd\u00ebrrohet n\u00eb qytetar si gjith\u00eb t\u00eb tjer\u00ebt.<\/div>\n<div dir=\"auto\">P\u00ebrshembull,ti lufton p\u00ebr \u00e7lirimin e vendit , dhe, gjat\u00eb rrug\u00ebs b\u00eb gabime, p\u00ebr ato d\u00ebnohesh!<\/div>\n<div dir=\"auto\">Ja nj\u00eb shembull q\u00eb ta kuptoni se \u00e7far\u00eb po dua t\u00eb them:<\/div>\n<div dir=\"auto\">Gjat\u00eb Luft\u00ebs s\u00eb Dyt\u00eb Bot\u00ebrore,Nacional\u00e7lirimtarja luftonte p\u00ebr \u00e7lirimin e Shqiperis\u00eb. Partizan\u00ebt p\u00ebrball\u00eb fashisto- nazist\u00ebve.<\/div>\n<div dir=\"auto\">Partizane ishte edhe Ramize Gjebrea.<\/div>\n<div dir=\"auto\">Partizan ishte edhe Zaho Koka.<\/div>\n<div dir=\"auto\">Ata dy u dashuruan me nj\u00ebri &#8211; tjetrin ani pse, rregullat e luft\u00ebs ishin d\u00ebnuese p\u00ebr prishje morali.<\/div>\n<div dir=\"auto\">Ramizeja ishte e fejuar dhe m\u00ebkati i saj gjat\u00eb luft\u00ebs ishte akoma \u201e m\u00eb i madh.\u201c<\/div>\n<div dir=\"auto\">I d\u00ebnuan me vdekje!<\/div>\n<div dir=\"auto\">Jo pse ishin tradhtar\u00eb!<\/div>\n<div dir=\"auto\">As pse ishin \u00e7lirimtar\u00eb!<\/div>\n<div dir=\"auto\">Thjesht\u00eb ngaq\u00eb thyen rregullat e moralit! Ramizeja u pushkatua!<\/div>\n<div dir=\"auto\">Zaho Koka k\u00ebrkoi t\u2018i jepet mundesia q\u00eb t\u00eb vritet n\u00eb p\u00ebrballjen e tyre me armiq\u00ebt! K\u00ebshtu edhe ndodhi.<\/div>\n<\/div>\n<div class=\"x11i5rnm xat24cr x1mh8g0r x1vvkbs xtlvy1s x126k92a\">\n<div dir=\"auto\">2.<\/div>\n<div dir=\"auto\">N\u00eb luft\u00ebn p\u00ebr \u00e7lirimin e Kosov\u00ebs, nj\u00eb komandant ( n\u00eb fillimet e luft\u00ebs) p\u00ebr prishje morali dhe sjellje t\u00eb keqe ndaj luft\u00ebtareve, ishte shkarkuar menj\u00ebher\u00eb nga detyra dhe nga ushtria.<\/div>\n<div dir=\"auto\">Dhe kurr\u00eb se lejuan t\u00eb kthehet m\u00eb!<\/div>\n<\/div>\n<div class=\"x11i5rnm xat24cr x1mh8g0r x1vvkbs xtlvy1s x126k92a\">\n<div dir=\"auto\">3.<\/div>\n<div dir=\"auto\">Pra, ti mund t\u00eb jesh hero n\u00eb luft\u00eb por n\u00ebse i shkel ligjet e luftes, pushkatohesh pa \u00e7ka se je luft\u00ebtar.<\/div>\n<div dir=\"auto\">N\u00ebse bje ndesh me ligjet e shtetit, pas lufte, burgosesh.<\/div>\n<div dir=\"auto\">Tashti duhet t\u00eb kuptoni nj\u00eb gj\u00eb:<\/div>\n<div dir=\"auto\">N\u00eb momentin kur p\u00ebrfundon lufta, luft\u00ebtari b\u00ebhet politikan ose afarist, Ai me automatiz\u00ebm nuk \u00ebsht\u00eb m\u00eb \u201e \u00e7lirimtar\u201c por politikan si gjith\u00eb t\u00eb tjer\u00ebt; dhe i n\u00ebnshtrohet konkurenc\u00ebs politike.<\/div>\n<div dir=\"auto\">N\u00eb momentin kur fillon t\u00eb blej tok\u00eb ku Arin paguan 1 Euro ose 50 Euro dhe i shet shtetit p\u00ebr 5000 mij\u00eb, Ai nuk \u00ebsht\u00eb m\u00eb \u00e7lirimtar\u00eb por bisnismen, afarist ose n\u00eb rastin m\u00eb t\u00eb keq mercenar.<\/div>\n<\/div>\n<div class=\"x11i5rnm xat24cr x1mh8g0r x1vvkbs xtlvy1s x126k92a\">\n<div dir=\"auto\">Besoj q\u00eb u kuptova drejt?!<\/div>\n<\/div>\n<\/div>\n<\/div>\n<\/div>\n<\/div>\n<div id=\":r5ii:\" class=\"x1n2onr6\">\n<div class=\"x1n2onr6\">\n<div class=\"x6s0dn4 x1jx94hy x78zum5 xdt5ytf x6ikm8r x10wlt62 x1n2onr6 xh8yej3\">\n<div class=\"xqtp20y x6ikm8r x10wlt62 x1n2onr6\"><\/div>\n<\/div>\n<\/div>\n<\/div>\n<\/div>\n<div>\n<div class=\"x168nmei x13lgxp2 x30kzoy x9jhf4c x6ikm8r x10wlt62\" data-visualcompletion=\"ignore-dynamic\">\n<div>\n<div>\n<div>\n<div class=\"x1n2onr6\">\n<div class=\"x6s0dn4 xi81zsa x78zum5 x6prxxf x13a6bvl xvq8zen xdj266r xktsk01 xat24cr x1d52u69 x889kno x4uap5 x1a8lsjc xkhd6sd xdppsyt\">\n<div class=\"x9f619 x1n2onr6 x1ja2u2z x78zum5 x2lah0s x1qughib x1qjc9v5 xozqiw3 x1q0g3np xykv574 xbmpl8g x4cne27 xifccgj\">\n<div class=\"x9f619 x1n2onr6 x1ja2u2z x78zum5 xdt5ytf x2lah0s x193iq5w xeuugli xsyo7zv x16hj40l x10b6aqq x1yrsyyn\">\n<div id=\":r5ij:\" class=\"x1i10hfl x1qjc9v5 xjqpnuy xa49m3k xqeqjp1 x2hbi6w x1ypdohk xdl72j9 x2lah0s xe8uvvx x2lwn1j xeuugli x1hl2dhg xggy1nq x1t137rt x1o1ewxj x3x9cwd x1e5q0jg x13rtm0m x3nfvp2 x1q0g3np x87ps6o x1a2a7pz xjyslct xjbqb8w x13fuv20 xu3j5b3 x1q0q8m5 x26u7qi x972fbf xcfux6l x1qhh985 xm0m39n x9f619 x1heor9g xdj266r x11i5rnm xat24cr x1mh8g0r xexx8yu x4uap5 x18d9i69 xkhd6sd x1n2onr6 x16tdsg8 x1ja2u2z xt0b8zv\" tabindex=\"0\" role=\"button\"><\/div>\n<\/div>\n<\/div>\n<\/div>\n<\/div>\n<\/div>\n<\/div>\n<div class=\"xzueoph\"><\/div>\n<\/div>\n<\/div>\n<\/div>\n","protected":false},"excerpt":{"rendered":"<p>Shkruan: Fatmir Brajshori-Tushi N\u00eb koh\u00eb t\u00eb fundit, disa ( me p\u00ebrjashtime) q\u00eb kurr\u00eb nuk jan\u00eb lodhur p\u00ebr \u00e7lirimin e vendit jan\u00eb m\u00eb t\u00eb z\u00ebshmit n\u00eb luft\u00ebn p\u00ebr \u201e mbrojtjen\u201c e \u00e7lirimtar\u00ebve, ani pse ata askush nuk i sulmon dhe me ask\u00ebnd nuk jan\u00eb n\u00eb luft\u00eb. \u00c7lirimtari i till\u00eb quhet gjat\u00eb luft\u00ebs dhe pas saj deri [&hellip;]<\/p>\n","protected":false},"author":1,"featured_media":4675,"comment_status":"closed","ping_status":"closed","sticky":false,"template":"","format":"standard","meta":{"footnotes":""},"categories":[9],"tags":[],"class_list":{"0":"post-4674","1":"post","2":"type-post","3":"status-publish","4":"format-standard","5":"has-post-thumbnail","7":"category-vendi"},"_links":{"self":[{"href":"https:\/\/syri.tv\/index.php?rest_route=\/wp\/v2\/posts\/4674","targetHints":{"allow":["GET"]}}],"collection":[{"href":"https:\/\/syri.tv\/index.php?rest_route=\/wp\/v2\/posts"}],"about":[{"href":"https:\/\/syri.tv\/index.php?rest_route=\/wp\/v2\/types\/post"}],"author":[{"embeddable":true,"href":"https:\/\/syri.tv\/index.php?rest_route=\/wp\/v2\/users\/1"}],"replies":[{"embeddable":true,"href":"https:\/\/syri.tv\/index.php?rest_route=%2Fwp%2Fv2%2Fcomments&post=4674"}],"version-history":[{"count":5,"href":"https:\/\/syri.tv\/index.php?rest_route=\/wp\/v2\/posts\/4674\/revisions"}],"predecessor-version":[{"id":4680,"href":"https:\/\/syri.tv\/index.php?rest_route=\/wp\/v2\/posts\/4674\/revisions\/4680"}],"wp:featuredmedia":[{"embeddable":true,"href":"https:\/\/syri.tv\/index.php?rest_route=\/wp\/v2\/media\/4675"}],"wp:attachment":[{"href":"https:\/\/syri.tv\/index.php?rest_route=%2Fwp%2Fv2%2Fmedia&parent=4674"}],"wp:term":[{"taxonomy":"category","embeddable":true,"href":"https:\/\/syri.tv\/index.php?rest_route=%2Fwp%2Fv2%2Fcategories&post=4674"},{"taxonomy":"post_tag","embeddable":true,"href":"https:\/\/syri.tv\/index.php?rest_route=%2Fwp%2Fv2%2Ftags&post=4674"}],"curies":[{"name":"wp","href":"https:\/\/api.w.org\/{rel}","templated":true}]}}