{"id":4657,"date":"2023-07-20T21:21:41","date_gmt":"2023-07-20T21:21:41","guid":{"rendered":"https:\/\/syri.tv\/?p=4657"},"modified":"2023-07-20T21:24:27","modified_gmt":"2023-07-20T21:24:27","slug":"pergjimet-jane-pune-mushku","status":"publish","type":"post","link":"https:\/\/syri.tv\/?p=4657","title":{"rendered":"P\u00ebrgjimet jan\u00eb pun\u00eb mushku!"},"content":{"rendered":"<div class=\"x11i5rnm xat24cr x1mh8g0r x1vvkbs xtlvy1s x126k92a\">\n<div dir=\"auto\"><img loading=\"lazy\" loading=\"lazy\" decoding=\"async\" class=\"alignnone wp-image-4561\" src=\"https:\/\/syri.tv\/wp-content\/uploads\/2023\/07\/Rexhep-Kastrati.png\" alt=\"\" width=\"192\" height=\"254\" srcset=\"https:\/\/syri.tv\/wp-content\/uploads\/2023\/07\/Rexhep-Kastrati.png 524w, https:\/\/syri.tv\/wp-content\/uploads\/2023\/07\/Rexhep-Kastrati-227x300.png 227w\" sizes=\"auto, (max-width: 192px) 100vw, 192px\" \/><\/div>\n<div dir=\"auto\">Shkruan: Rexhep Kastrati<\/div>\n<div dir=\"auto\"><strong>1.<\/strong><\/div>\n<div dir=\"auto\">Publikimi i p\u00ebrgjimeve n\u00eb rastin \u201cPronto\u201d pat b\u00ebr\u00eb buj\u00eb edhe p\u00ebr ligjshm\u00ebrin\u00eb e nj\u00eb veprimi t\u00eb till\u00eb, edhe p\u00ebr p\u00ebrmbajtjen e tyre!<\/div>\n<div dir=\"auto\">N\u00eb fakt, publikimi i p\u00ebrgjimeve n\u00eb rastin \u201cPronto\u201d, mund t\u00eb jet\u00eb planifikuar, madje mund t\u00eb thuhet se nj\u00eb portal mund t\u00eb jet\u00eb themeluar pik\u00ebrisht p\u00ebr k\u00ebt\u00eb pun\u00eb!<\/div>\n<div dir=\"auto\">Sigurisht n\u00eb k\u00ebto q\u00eb po them nuk kam parasysh sa ka zgjatur themelimi i portalit, pra nuk kam parasysh a ka zgjatur dy vjet apo tri, as nuk kam parasysh se grupi q\u00eb \u00ebsht\u00eb marr direkt me themelimin e portalit ka mundur t\u00eb ket\u00eb qen\u00eb n\u00eb koordinim t\u00eb plot\u00eb me Kadri Veselin, i cili madje edhe mund t\u2019i ket\u00eb pajisur me p\u00ebrgjime dhe mund t\u00eb ket\u00eb siguruar leje nga gjykata p\u00ebr publikim, sepse k\u00ebto jan\u00eb dhe do t\u00eb duhej t\u00eb ishin \u00e7\u00ebshtje p\u00ebr hetim prokurial, por ajo q\u00eb kam parasysh \u00ebsht\u00eb \u00e7\u00ebshtja e reklamimit t\u00eb bujsh\u00ebm e publikimit t\u00eb p\u00ebrgjimeve krahas reklamimit p\u00ebr fillimin e pun\u00ebs s\u00eb portalit!<\/div>\n<div dir=\"auto\">Pra, nj\u00eb koh\u00eb t\u00eb gjat\u00eb u paralajm\u00ebrua publikimi i p\u00ebrgjimeve si puna e par\u00eb q\u00eb do ta b\u00ebnte portali q\u00eb do t\u00eb fillonte pun\u00ebn! Dhe \u00e7ka ndodhi? Disa personalitete t\u00eb PDK-s\u00eb q\u00eb ishin p\u00ebrgjuar u m\u00ebnjanuan nga strukturat e PDK-s\u00eb, kurse ka pasur edhe q\u00eb jan\u00eb avancuar!<\/div>\n<div dir=\"auto\">Pat edhe nj\u00eb rast gjyq\u00ebsor p\u00ebr rastin \u201cPronto\u201d, ku nj\u00eb nd\u00ebr avoket\u00ebt kryesor\u00eb ishte nj\u00eb nga t\u00eb ashtuquajturit analist\u00eb politik, avokati i vet\u00ebquajtur l\u00ebd\u00ebk\u00ebist, Besnik R.Berisha, njeriu q\u00eb nj\u00eb koh\u00eb ishte k\u00ebshilltar i kryeministrit Mustafa!<\/div>\n<div dir=\"auto\">Dhe n\u00eb fund t\u00eb k\u00ebtij procesi dol\u00ebn t\u00eb gjith\u00eb t\u00eb lumtur: personazhet e akuzuar, avokatit Besnik iu rrit rybja dhe fitoi besimin e kupol\u00ebs p\u00ebr raste t\u00eb tjera!<\/div>\n<div dir=\"auto\">Pra, nga p\u00ebrgjimet dhe procesi guyq\u00ebsor pat vet\u00ebm m\u00ebnjanim t\u00eb disa individ\u00ebve nga strukturat e PDK-s\u00eb dhe avancim t\u00eb disa t\u00eb tjer\u00ebve! Dhe get q\u00eb p\u00ebrgiimet jan\u00eb publikuar nga nj\u00eb portal i themeluar p\u00ebr t\u00eb b\u00ebr\u00eb publikimin e tyre, me q\u00ebllim luft\u00ebn e brendshme n\u00eb parti!<\/div>\n<div dir=\"auto\">A ka qen\u00eb shantazh publik medial brenda PDK-s\u00eb ndaj disa individ\u00ebve p\u00ebr t\u2019i m\u00ebnjanuar, dhe a ka qen\u00eb n\u00eb k\u00ebt\u00eb funksion edhe procesi gjyq\u00ebsor, dhe avokatia e \u201cl\u00ebd\u00ebk\u00ebistit\u201d Besnik?<\/div>\n<div dir=\"auto\">Mund t\u00eb merret si shantazh, edhe pse m\u00ebnjanimi n\u00eb fund mund t\u00eb jet\u00eb b\u00ebr\u00eb me marr\u00ebveshje!<\/div>\n<\/div>\n<div class=\"x11i5rnm xat24cr x1mh8g0r x1vvkbs xtlvy1s x126k92a\">\n<div dir=\"auto\"><strong>2.<\/strong><\/div>\n<\/div>\n<div class=\"x11i5rnm xat24cr x1mh8g0r x1vvkbs xtlvy1s x126k92a\">\n<div dir=\"auto\">P\u00ebr publikimin e p\u00ebrgjimeve t\u00eb Mimoz\u00ebs nuk u paralajm\u00ebrua gjat\u00eb, kurse a \u00ebsht\u00eb themeluar nj\u00eb portal p\u00ebr t\u00eb b\u00ebr\u00eb publikime t\u00eb tilla, nuk mund t\u00eb thuhet me siguri, edhe pse si veprim, \u00ebsht\u00eb kryer jo shum\u00eb moti!<\/div>\n<div dir=\"auto\">P\u00ebrgjimet, q\u00eb n\u00eb fillim t\u00eb her\u00ebs, u pan\u00eb se jan\u00eb pun\u00eb mushku, pasi nuk kishte gj\u00eb p\u00ebr t\u00eb qen\u00eb nj\u00eb skandal, sepse ishte nj\u00eb bised\u00eb legjitime telefonike e dy p\u00ebrfaq\u00ebsuesve t\u00eb dy subjekteve politike, pjes\u00eb e qeveris\u00eb!<\/div>\n<div dir=\"auto\">Nd\u00ebrkoh\u00eb, k\u00ebto publikime hap\u00ebn edhe \u00e7\u00ebshtjen se kush ka b\u00ebr\u00eb p\u00ebrgjimet, e q\u00eb u aludua n\u00eb Simiqin, dhe \u00e7\u00ebshtjen se si ato p\u00ebrgjime kishin p\u00ebrfunduar te Berati i Bashorit, sepse n\u00eb t\u00eb gjitha variantet e mundshme, dilte n\u00eb pah nj\u00eb koordinim me Simiqin!<\/div>\n<div dir=\"auto\">Pos n\u00ebse p\u00ebrgjimet jan\u00eb marr\u00eb si tabulate nga operatori telefonik!<\/div>\n<div dir=\"auto\">Nd\u00ebrkaq, koha kur u publikuan p\u00ebrgjimet, mund t\u00eb jet\u00eb argument p\u00ebr nj\u00eb q\u00ebllim shantazhi: sapo u b\u00eb publik skandali me llogari t\u00eb rrejshme n\u00eb Serbi, por q\u00eb brenda atyre llogarive mund t\u00eb jen\u00eb p\u00ebrfshir\u00eb edhe personalitete politike, mediale, shtet\u00ebrore, t\u00eb siguris\u00eb, pra t\u00eb FSK-s\u00eb, t\u00eb AKI-s\u00eb, t\u00eb policis\u00eb etj.; shefi i BIA-s dhe ish-minist\u00ebr i Mbrojtjes, Vulini ishte sanksionuar; Besnik Bislimi kishte arritur nj\u00eb marr\u00ebveshje pozitive me Lai\u00e7akun p\u00ebr dep\u00ebrshkall\u00ebzimin e situat\u00ebs n\u00eb veri!<\/div>\n<div dir=\"auto\">Nga skandali me llofarit\u00eb e rrejshme, p\u00ebrkat\u00ebsisht zbardhja e plot\u00eb e llogarive t\u00eb rrejshme mund t\u00eb dilte nj\u00eb skandal m\u00eb shum\u00eb se rajonal q\u00eb do t\u00eb rr\u00ebzonte shum\u00ebk\u00eb nga pozitat q\u00eb kan\u00eb dhe do t\u00eb mund t\u00eb trondiste themelet e shteteve t\u00eb mdryshme!<\/div>\n<div dir=\"auto\">N\u00eb an\u00ebn tjet\u00ebr, sanksionimi i Vulinit ka shqet\u00ebsuar Beogradin, por edhe qendrat tjera, sepse s\u00eb pari \u00ebsht\u00eb goditja m\u00eb e r\u00ebnd\u00eb q\u00eb Serbia ka marr pas bombardimeve t\u00eb NATO-s, sepse ishte sanksionuar ushtria tjet\u00ebr e Serbis\u00eb e angazhuar n\u00eb kontrollin e shteteve t\u00eb ndryshme, n\u00eb cil\u00ebsin\u00eb e politik\u00ebb\u00ebrjes, opinionb\u00ebrjes, dhe n\u00eb destabilizimin e shteteve t\u00eb caktuara n\u00eb rajon, n\u00eb blerjen dhe sgantazhimin e persinaliteteve bot\u00ebrore, dhe s\u00eb dyti, ishte thyer ai besimi i Beogradit se sanksionet do t\u00eb jen\u00eb ve\u00e7 ndaj Kosov\u00ebs!<\/div>\n<div dir=\"auto\">P\u00ebr shkak se Serbia e ka t\u00eb ndaluar operimin ushtarak ndaj shteteve t\u00eb tjera, sh\u00ebrbimet inteligjente jan\u00eb e vetmja forc\u00eb operative me t\u00eb cil\u00ebn jan\u00eb luftuar dhe po lufrohen shtetet tjera, prandaj sanksionimi i Vulinit, ishte sh\u00ebnjestrim, identifikim i BIA-s si faktor destruktiv-destabilizues i Serbis\u00eb!<\/div>\n<div dir=\"auto\">Heqja e iluzionit se Serbia nuk do t\u00eb sanksionohej, ishte goditje psikologjike, sepse tashm\u00eb i ishte b\u00ebr\u00eb e qart\u00eb se n\u00ebse nuk kryente obligimet n\u00eb raport me kriz\u00ebn n\u00eb veri t\u00eb Kosov\u00ebs, e q\u00eb n\u00eb radh\u00eb t\u00eb par\u00eb lidhen me sigurin\u00eb, e n\u00eb radh\u00eb t\u00eb dyt\u00eb me pjes\u00ebmarrjen e serb\u00ebve n\u00eb zgjedhje, do t\u00eb sanksionohej edhe ajo!<\/div>\n<div dir=\"auto\">Nd\u00ebrkaq, pjes\u00ebmarrja e serb\u00ebve n\u00eb zgjedhje pa u themeluar Asociacioni do t\u00eb ishte goditje e r\u00ebnd\u00eb, sepse edhe mospjes\u00ebmarrja n\u00eb zgjedhjet e 23 prillit u b\u00eb p\u00ebr t\u00eb d\u00ebshtuar ato dhe t\u00eb krijohej nj\u00eb status quo pa institicione deri n\u00eb themelimin e Asociacionit, e pastaj t\u00eb mbahen zgjedhjet n\u00eb kuad\u00ebr t\u00eb atij Asociacioni!<\/div>\n<div dir=\"auto\">Bashk\u00ebsia nd\u00ebrkomb\u00ebrare e kishte kuptuar loj\u00ebn e Beogradit, prandaj p\u00ebrkrahu mbajtjen e zgjedhjeve dhe njohu kryetar\u00ebt!<\/div>\n<div dir=\"auto\">Sigurisht k\u00ebrkesa e bashk\u00ebsis\u00eb nd\u00ebrkomb\u00ebtare q\u00eb kryetar\u00ebt t\u00eb ushtronin funksionet e tyre n\u00eb objekte alternative ishte e pritshme, p\u00ebr t\u00eb krijuar baraspesh\u00eb n\u00eb raport me Beogradin, pa humbur asgj\u00eb nga funksionaliteti dhe legaliteti i tyre, por ishte i pritsh\u00ebm edhe kund\u00ebrshtimi i Albinit q\u00eb t\u00eb ndodhte k\u00ebshtu, pik\u00ebrisht p\u00ebr t\u00eb mos krijuar paralelizma me strukturat e Beogradit!<\/div>\n<div dir=\"auto\">PDK, nd\u00ebrkaq, udh\u00ebzoi t\u00eb tij\u00ebt t\u00eb punonin jasht\u00eb objekteve komunale, duke u ngul keq, kur n\u00eb marr\u00ebveshjen e Besnik Bislimit me Lai\u00e7akun nuk \u00ebsht\u00eb p\u00ebrmendur fare kjo \u00e7\u00ebshtjeje!<\/div>\n<div dir=\"auto\">Dhe pik\u00ebrisht n\u00eb k\u00ebto kontekste, ndodhi publikimi i p\u00ebrgjimeve, duke shk\u00ebputur v\u00ebmendjen e opinionit nga aferat dhe skandalet multinacionale! Rrjedha q\u00eb mor\u00ebn zhvillimet pas publikimit t\u00eb p\u00ebrgjimeve, qoft\u00eb protesta e OVL t\u00eb U\u00c7K-s\u00eb, qoft\u00eb grushtimet n\u00eb Kuvend, nxor\u00ebn s\u00ebrishmi PDK-n\u00eb n\u00eb sip\u00ebrfaqe, ashtu si\u00e7 nxori n\u00eb sip\u00ebrfaqe edhe koordinimin e korpusit medial p\u00ebr nj\u00eb manipulim t\u00eb opinionit me q\u00ebllim trazimin e situat\u00ebs!<\/div>\n<\/div>\n<div class=\"x11i5rnm xat24cr x1mh8g0r x1vvkbs xtlvy1s x126k92a\">\n<div dir=\"auto\"><strong>3.<\/strong><\/div>\n<\/div>\n<div class=\"x11i5rnm xat24cr x1mh8g0r x1vvkbs xtlvy1s x126k92a\">\n<div dir=\"auto\">Arrestimi i avokatit n\u00eb rastin \u201cPronto\u201d dhe n\u00eb rastin \u201cToka\u201d, dhe nj\u00ebher\u00ebsh k\u00ebshiltar i kryeministrit Mustafa, Besnikun e kushedi kujt, ishte sfid\u00eb p\u00ebr sistemin e drejt\u00ebsis\u00eb, sepse ky avokat kishte arritur t\u00eb thyente prokuror\u00eb dhe gjykat\u00ebs n\u00eb dy nga rastet e r\u00ebnda: \u201cPronto\u201d dhe \u201cToka\u201d! Pra, b\u00ebhej fjal\u00eb p\u00ebr nj\u00eb avokat q\u00eb ishte v\u00ebshtir\u00eb ta thyeje apo ta rr\u00ebzoje, pra edhe ta arrestoje!<\/div>\n<div dir=\"auto\">Dhe arrestimi, p\u00ebr mua ishte nj\u00eb film, q\u00eb zakonisht p\u00ebrfundon me viktimizim dhe heroizim t\u00eb t\u00eb arrestuarit, sesa nj\u00eb arrestim i mir\u00ebfillt\u00eb! Dhe ndodhi q\u00eb avokati nuk p\u00ebsoi gj\u00eb penalisht, por iu dha mund\u00ebsia q\u00eb t\u00eb shp\u00ebrfaq nivelin bizar kund\u00ebr nj\u00eb prokurori, ndaj t\u00eb cilit, s\u00eb fundmi i shp\u00ebrfaqi nj\u00eb narrativ\u00eb t\u00eb tipitshantazhues, duke i p\u00ebrmendur edhe rr\u00ebfenja nga koleg\u00ebt prokuror\u00eb p\u00ebr afera seksuale!<\/div>\n<div dir=\"auto\">Pra, duke thelluar narrativ\u00ebn agresive ndaj tij, edhe me \u00e7\u00ebshtje t\u00eb till\u00eb, edhe pse n\u00ebse \u00ebsht\u00eb e v\u00ebrtet\u00eb do t\u00eb duhej hapur rast penal me d\u00ebshmitar\u00eb koleg\u00ebt e prokurorit!<\/div>\n<div dir=\"auto\">Mir\u00ebpo, avokati nuk e b\u00ebn k\u00ebt\u00eb, por me nj\u00eb narrativ\u00eb bizare sikur synon ta shantazhoj\u00eb jo ve\u00e7 at\u00eb, por gjith\u00eb prokuror\u00ebt dhe gjykat\u00ebsit, por edhe t\u00eb tjer\u00ebt q\u00eb t\u00eb mos guxojn\u00eb kurr\u00eb ta arrestojn\u00eb, ta gjykojn\u00eb dhe ta d\u00ebnojn\u00eb, por as t\u00eb mos guxojn\u00eb kurr\u00eb t\u00eb marrin veprime negative, por n\u00eb p\u00ebrputhje me ligjin, ndaj klient\u00ebve t\u00eb tij!<\/div>\n<div dir=\"auto\">A ka frik\u00eb avokati se prokuroria mund t\u00eb ket\u00eb dosje t\u00eb trasha kund\u00ebr tij, e t\u00eb cilat jo q\u00eb mund t\u2019ia shuajn\u00eb karrier\u00ebn profesionale, por ndoshta edhe karrier\u00ebn e liris\u00eb p\u00ebr koh\u00eb t\u00eb caktuar?<\/div>\n<div dir=\"auto\">K\u00ebsaj radhe un\u00eb nuk po them gj\u00eb n\u00eb k\u00ebt\u00eb drejtim, pasi q\u00eb po pres t\u00eb flas\u00eb prokuroria, e cila nuk guxon t\u00eb ndjehet e shantazhuar pavar\u00ebsisht se avokati mund t\u00eb p\u00ebrmend edhe skandale seksuale! Nd\u00ebrkaq, p\u00ebrs\u00ebri \u00e7\u00ebshtje \u00ebsht\u00eb: pse avokati u arrestua pik\u00ebrisht n\u00eb k\u00ebt\u00eb koh\u00eb, dhe pse \u00e7\u00ebshtja i ishte besuar nj\u00eb prokurori q\u00eb mund t\u00eb shantazhohet?<\/div>\n<div dir=\"auto\">Mos vall\u00eb gjith\u00e7ka \u00ebsht\u00eb b\u00ebr\u00eb p\u00ebr viktimizimin dhe heroizimin e avokatit t\u00eb Azem Syl\u00ebs!<\/div>\n<div dir=\"auto\">Interesi i kujt ka qen\u00eb farsa e arrrestimit t\u00eb avokatit?<\/div>\n<div dir=\"auto\">Cili ishte p\u00ebrfitimi nga kjo fars\u00eb?<\/div>\n<div dir=\"auto\">A mos duhet nd\u00ebrlidh\u00eb me nj\u00eb ofert\u00eb t\u00eb nd\u00ebrsjell\u00eb nd\u00ebrmjet Sami Lushtakut dhe avokatit, sipas t\u00eb cil\u00ebs, Samiu e kishte ftuar avokatin n\u00eb PDK, kurse avokati ia kishte kthyer se kur t\u00eb b\u00ebhej kryetar i LDK-s\u00eb, do ta ftonte Samiun n\u00eb LDK!<\/div>\n<div dir=\"auto\">Ndoshta rr\u00ebfimi rikthen s\u00ebrishmi n\u00eb rastin \u201cPronto\u201d dhe shum\u00eb m\u00eb larg! Avokati e di sa m\u00eb larg mund t\u00eb shkoj\u00eb puna! Gjithsesi, nuk \u00ebsht\u00eb kryer gj\u00eb!<\/div>\n<div dir=\"auto\"><img loading=\"lazy\" loading=\"lazy\" decoding=\"async\" class=\"alignnone size-full wp-image-4662\" src=\"https:\/\/syri.tv\/wp-content\/uploads\/2023\/07\/RK.png\" alt=\"\" width=\"257\" height=\"734\" srcset=\"https:\/\/syri.tv\/wp-content\/uploads\/2023\/07\/RK.png 257w, https:\/\/syri.tv\/wp-content\/uploads\/2023\/07\/RK-105x300.png 105w\" sizes=\"auto, (max-width: 257px) 100vw, 257px\" \/><\/div>\n<\/div>\n","protected":false},"excerpt":{"rendered":"<p>Shkruan: Rexhep Kastrati 1. Publikimi i p\u00ebrgjimeve n\u00eb rastin \u201cPronto\u201d pat b\u00ebr\u00eb buj\u00eb edhe p\u00ebr ligjshm\u00ebrin\u00eb e nj\u00eb veprimi t\u00eb till\u00eb, edhe p\u00ebr p\u00ebrmbajtjen e tyre! N\u00eb fakt, publikimi i p\u00ebrgjimeve n\u00eb rastin \u201cPronto\u201d, mund t\u00eb jet\u00eb planifikuar, madje mund t\u00eb thuhet se nj\u00eb portal mund t\u00eb jet\u00eb themeluar pik\u00ebrisht p\u00ebr k\u00ebt\u00eb pun\u00eb! Sigurisht n\u00eb [&hellip;]<\/p>\n","protected":false},"author":1,"featured_media":4658,"comment_status":"closed","ping_status":"closed","sticky":false,"template":"","format":"standard","meta":{"footnotes":""},"categories":[9],"tags":[],"class_list":{"0":"post-4657","1":"post","2":"type-post","3":"status-publish","4":"format-standard","5":"has-post-thumbnail","7":"category-vendi"},"_links":{"self":[{"href":"https:\/\/syri.tv\/index.php?rest_route=\/wp\/v2\/posts\/4657","targetHints":{"allow":["GET"]}}],"collection":[{"href":"https:\/\/syri.tv\/index.php?rest_route=\/wp\/v2\/posts"}],"about":[{"href":"https:\/\/syri.tv\/index.php?rest_route=\/wp\/v2\/types\/post"}],"author":[{"embeddable":true,"href":"https:\/\/syri.tv\/index.php?rest_route=\/wp\/v2\/users\/1"}],"replies":[{"embeddable":true,"href":"https:\/\/syri.tv\/index.php?rest_route=%2Fwp%2Fv2%2Fcomments&post=4657"}],"version-history":[{"count":2,"href":"https:\/\/syri.tv\/index.php?rest_route=\/wp\/v2\/posts\/4657\/revisions"}],"predecessor-version":[{"id":4663,"href":"https:\/\/syri.tv\/index.php?rest_route=\/wp\/v2\/posts\/4657\/revisions\/4663"}],"wp:featuredmedia":[{"embeddable":true,"href":"https:\/\/syri.tv\/index.php?rest_route=\/wp\/v2\/media\/4658"}],"wp:attachment":[{"href":"https:\/\/syri.tv\/index.php?rest_route=%2Fwp%2Fv2%2Fmedia&parent=4657"}],"wp:term":[{"taxonomy":"category","embeddable":true,"href":"https:\/\/syri.tv\/index.php?rest_route=%2Fwp%2Fv2%2Fcategories&post=4657"},{"taxonomy":"post_tag","embeddable":true,"href":"https:\/\/syri.tv\/index.php?rest_route=%2Fwp%2Fv2%2Ftags&post=4657"}],"curies":[{"name":"wp","href":"https:\/\/api.w.org\/{rel}","templated":true}]}}