{"id":4612,"date":"2023-07-17T10:29:28","date_gmt":"2023-07-17T10:29:28","guid":{"rendered":"https:\/\/syri.tv\/?p=4612"},"modified":"2023-07-17T10:29:28","modified_gmt":"2023-07-17T10:29:28","slug":"e-kemi-ruajtur-gjuhen-per-280-vjet-video-aleksander-stipceviqit-duke-folur-arberisht","status":"publish","type":"post","link":"https:\/\/syri.tv\/?p=4612","title":{"rendered":"\u201cE kemi ruajtur gjuh\u00ebn p\u00ebr 280 vjet\u201d (VIDEO), Aleksand\u00ebr Stip\u00e7eviqit duke folur arb\u00ebrisht"},"content":{"rendered":"<p>Aleksand\u00ebr Stip\u00e7eviq lindi n\u00eb Arb\u00ebnesh t\u00eb Zar\u00ebs n\u00eb Kroaci m\u00eb 1930. Ai rrjedh nga nj\u00eb familje arb\u00ebresh\u00eb e rrethit t\u00eb Shkodr\u00ebs, t\u00eb cil\u00ebt treqind vjet m\u00eb par\u00eb u shp\u00ebrngul\u00ebn n\u00eb rrethin e Zar\u00ebs.<\/p>\n<p>Ka studiuar arkeologjin\u00eb dhe ka drejtuar nj\u00eb varg institucionesh e projektesh q\u00eb lidhen me bibliotekat, historin\u00eb e librit, botimet enciklopedike etj, deri n\u00eb Akademin\u00eb e Shkencave n\u00eb Zagreb, shkruan KultPlus.<\/p>\n<p>Aleksand\u00ebr Stip\u00e7eviq \u00ebsht\u00eb kontribuues m\u00eb i madh sa i p\u00ebrket veprave p\u00ebr ilir\u00ebt dhe historin\u00eb e librit. Disa nga k\u00ebto vepra jan\u00eb: Historia e ilir\u00ebve, Arti i ilir\u00ebve, Simbolet e kultit te Ilir\u00ebt, Bibliografi p\u00ebr ilir\u00ebt, Historia e librit, Censura n\u00eb biblioteka, Interpretime albanologjike etj. M\u00eb shum\u00eb se dyzet\u00eb vjet emri i tij identifikohet me rezultatet m\u00eb t\u00eb reja t\u00eb studimeve ilire.<\/p>\n<p>Aleksand\u00ebr Shandri Stip\u00e7eviq ka vd.ekur m\u00eb 31 Gusht t\u00eb vitit 2015. Nd\u00ebrsa sot po e kujtojm\u00eb me nj\u00eb video t\u00eb postuar nga Albert Ramaj, ku albanologu arb\u00ebresh shihet duke folur arb\u00ebrisht nd\u00ebrsa jan\u00eb shfaqur edhe k\u00ebng\u00eb origjinale arb\u00ebreshe q\u00eb k\u00ebndohen. Ai p\u00ebrmes k\u00ebsaj videoje tregon p\u00ebr ruajtjen e gjuh\u00ebs, dhe se si u tregojn\u00eb t\u00eb gjith\u00ebve prejardhjen e tyre.<\/p>\n<p>Nd\u00ebr ne arb\u00ebresh\u00ebt flitet edhe arb\u00ebrisht por pak nga pak po harrohet gjuha. Ne q\u00eb e dim\u00eb nga kemi ardhur, e kush jemi, ne themi se jemi arb\u00ebresh, ne flasim p\u00ebr etnikisht kurse n\u00eb aspektin politik jemi kroat\u201d, thot\u00eb albanologu Stip\u00e7eviq.<\/p>\n<p>Ai p\u00ebrmes k\u00ebsaj videoje tregon se si ai dhe disa arbresh t\u00eb tjer\u00eb kan\u00eb shkuar n\u00eb disa fshatra, af\u00ebr Liqenit t\u00eb Shkodr\u00ebs p\u00ebr t\u00eb par\u00eb vendet prej nga e kan\u00eb prejardhjen. Ata kan\u00eb shkuar n\u00eb fshatin Kalmeta, prej nga vjen edhe nj\u00ebri minist\u00ebr i quajtur Bozhidar Kalmeta, dhe kemi dashur ta shohim se prej nga vjen ai dhe njer\u00ebzit e tjer\u00eb me k\u00ebt\u00eb mbiem\u00ebr.<\/p>\n<p><iframe loading=\"lazy\" src=\"https:\/\/www.facebook.com\/plugins\/video.php?height=409&amp;href=https%3A%2F%2Fwww.facebook.com%2Falbertramajch%2Fvideos%2F10206416366101334%2F&amp;show_text=false&amp;width=560&amp;t=0\" width=\"560\" height=\"409\" frameborder=\"0\" scrolling=\"no\" allowfullscreen=\"allowfullscreen\" data-mce-fragment=\"1\"><\/iframe><\/p>\n<p>Ata m\u00eb pas kan\u00eb vizituar edhe Kor\u00e7\u00ebn, e Tiran\u00ebn nd\u00ebrsa m\u00eb pas kan\u00eb qen\u00eb t\u00eb ftuar dy her\u00eb n\u00eb nj\u00eb emision t\u00eb r\u00ebnd\u00ebsishme kroate, p\u00ebr t\u00eb treguar eksperienc\u00ebn e tyre n\u00eb Shqip\u00ebri.<\/p>\n","protected":false},"excerpt":{"rendered":"<p>Aleksand\u00ebr Stip\u00e7eviq lindi n\u00eb Arb\u00ebnesh t\u00eb Zar\u00ebs n\u00eb Kroaci m\u00eb 1930. Ai rrjedh nga nj\u00eb familje arb\u00ebresh\u00eb e rrethit t\u00eb Shkodr\u00ebs, t\u00eb cil\u00ebt treqind vjet m\u00eb par\u00eb u shp\u00ebrngul\u00ebn n\u00eb rrethin e Zar\u00ebs. Ka studiuar arkeologjin\u00eb dhe ka drejtuar nj\u00eb varg institucionesh e projektesh q\u00eb lidhen me bibliotekat, historin\u00eb e librit, botimet enciklopedike etj, deri [&hellip;]<\/p>\n","protected":false},"author":1,"featured_media":4613,"comment_status":"closed","ping_status":"closed","sticky":false,"template":"","format":"standard","meta":{"footnotes":""},"categories":[9],"tags":[],"class_list":{"0":"post-4612","1":"post","2":"type-post","3":"status-publish","4":"format-standard","5":"has-post-thumbnail","7":"category-vendi"},"_links":{"self":[{"href":"https:\/\/syri.tv\/index.php?rest_route=\/wp\/v2\/posts\/4612","targetHints":{"allow":["GET"]}}],"collection":[{"href":"https:\/\/syri.tv\/index.php?rest_route=\/wp\/v2\/posts"}],"about":[{"href":"https:\/\/syri.tv\/index.php?rest_route=\/wp\/v2\/types\/post"}],"author":[{"embeddable":true,"href":"https:\/\/syri.tv\/index.php?rest_route=\/wp\/v2\/users\/1"}],"replies":[{"embeddable":true,"href":"https:\/\/syri.tv\/index.php?rest_route=%2Fwp%2Fv2%2Fcomments&post=4612"}],"version-history":[{"count":1,"href":"https:\/\/syri.tv\/index.php?rest_route=\/wp\/v2\/posts\/4612\/revisions"}],"predecessor-version":[{"id":4614,"href":"https:\/\/syri.tv\/index.php?rest_route=\/wp\/v2\/posts\/4612\/revisions\/4614"}],"wp:featuredmedia":[{"embeddable":true,"href":"https:\/\/syri.tv\/index.php?rest_route=\/wp\/v2\/media\/4613"}],"wp:attachment":[{"href":"https:\/\/syri.tv\/index.php?rest_route=%2Fwp%2Fv2%2Fmedia&parent=4612"}],"wp:term":[{"taxonomy":"category","embeddable":true,"href":"https:\/\/syri.tv\/index.php?rest_route=%2Fwp%2Fv2%2Fcategories&post=4612"},{"taxonomy":"post_tag","embeddable":true,"href":"https:\/\/syri.tv\/index.php?rest_route=%2Fwp%2Fv2%2Ftags&post=4612"}],"curies":[{"name":"wp","href":"https:\/\/api.w.org\/{rel}","templated":true}]}}