{"id":4555,"date":"2023-07-12T08:42:29","date_gmt":"2023-07-12T08:42:29","guid":{"rendered":"https:\/\/syri.tv\/?p=4555"},"modified":"2023-07-12T08:42:29","modified_gmt":"2023-07-12T08:42:29","slug":"donika-para-disa-ditesh-nuk-perdori-rrotulla-por-tha-ate-qe-pranohet-nga-te-gjithe-ne","status":"publish","type":"post","link":"https:\/\/syri.tv\/?p=4555","title":{"rendered":"Donika para disa dit\u00ebsh nuk p\u00ebrdori rrotulla por, tha at\u00eb q\u00eb pranohet nga t\u00eb gjith\u00eb ne."},"content":{"rendered":"<p><img loading=\"lazy\" loading=\"lazy\" decoding=\"async\" class=\"alignnone  wp-image-4556\" src=\"https:\/\/syri.tv\/wp-content\/uploads\/2023\/07\/Murteza-1024x768.jpg\" alt=\"\" width=\"196\" height=\"147\" srcset=\"https:\/\/syri.tv\/wp-content\/uploads\/2023\/07\/Murteza-1024x768.jpg 1024w, https:\/\/syri.tv\/wp-content\/uploads\/2023\/07\/Murteza-300x225.jpg 300w, https:\/\/syri.tv\/wp-content\/uploads\/2023\/07\/Murteza-768x576.jpg 768w, https:\/\/syri.tv\/wp-content\/uploads\/2023\/07\/Murteza-860x645.jpg 860w, https:\/\/syri.tv\/wp-content\/uploads\/2023\/07\/Murteza.jpg 1280w\" sizes=\"auto, (max-width: 196px) 100vw, 196px\" \/><\/p>\n<p>Shkruan: Murteza Osdautaj<\/p>\n<p>(Edhe nj\u00ebher\u00eb kund\u00ebr b\u00ebrjes \u2018batare\u2019 t\u00eb Donik\u00ebs)<\/p>\n<div class=\"x9f619 x1n2onr6 x1ja2u2z\">\n<div class=\"x78zum5 xdt5ytf x1n2onr6 x1ja2u2z\">\n<div class=\"x9f619 x1hj3fc7 x1t2pt76 x78zum5 xdt5ytf x1n2onr6 x1uvyrtv x1614rti\" data-isanimatedlayout=\"true\">\n<div class=\"x5yr21d x1n2onr6 xh8yej3 x1t2pt76 x1plvlek xryxfnj\">\n<div class=\"x9f619 x5yr21d x1n2onr6 x1hj3fc7 xh8yej3 x1t2pt76\">\n<div class=\"x78zum5 xdt5ytf x1n2onr6 xat3117 xxzkxad\">\n<div class=\"x78zum5 xdt5ytf x10cihs4 x1t2pt76 x1n2onr6 x1ja2u2z\">\n<div class=\"x78zum5 xdt5ytf x1t2pt76\">\n<div class=\"x78zum5 xdt5ytf x1iyjqo2 x1t2pt76 xeuugli\">\n<div class=\"x78zum5 xdt5ytf x1t2pt76 x1n2onr6\" role=\"main\">\n<div class=\"x6s0dn4 x78zum5 xdt5ytf x193iq5w\">\n<div class=\"x9f619 x193iq5w x1talbiv x1sltb1f x3fxtfs x1swvt13 x1pi30zi xw7yly9\">\n<div class=\"x9f619 x1n2onr6 x1ja2u2z x2lah0s x1qjc9v5 x78zum5 x1q0g3np x1a02dak xl56j7k x9otpla x1n0m28w x1wsgfga xp7jhwk\">\n<div class=\"x9f619 x1n2onr6 x1ja2u2z xeuugli xs83m0k x1xmf6yo x1emribx x1e56ztr x1i64zmx xjl7jj x19h7ccj xu9j1y6 x7ep2pv\">\n<div class=\"x1yztbdb x1n2onr6 xh8yej3 x1ja2u2z\">\n<div class=\"x1n2onr6 x1ja2u2z\">\n<div class=\"\">\n<div class=\"\">\n<div class=\"x1a2a7pz\" role=\"article\" aria-posinset=\"4\" aria-describedby=\":r32l: :r32m: :r32n: :r32p: :r32o:\" aria-labelledby=\":r32k:\">\n<div class=\"x78zum5 xdt5ytf\">\n<div class=\"x9f619 x1n2onr6 x1ja2u2z\">\n<div class=\"x78zum5 x1n2onr6 xh8yej3\">\n<div class=\"x9f619 x1n2onr6 x1ja2u2z x2bj2ny x1qpq9i9 xdney7k xu5ydu1 xt3gfkd xh8yej3 x6ikm8r x10wlt62 xquyuld\">\n<div class=\"\" dir=\"auto\">\n<div id=\":r32m:\" class=\"x1iorvi4 x1pi30zi x1l90r2v x1swvt13\" data-ad-comet-preview=\"message\" data-ad-preview=\"message\">\n<div class=\"x78zum5 xdt5ytf xz62fqu x16ldp7u\">\n<div class=\"xu06os2 x1ok221b\">\n<div class=\"x11i5rnm xat24cr x1mh8g0r x1vvkbs xtlvy1s x126k92a\">\n<div dir=\"auto\">Ndonj\u00ebher\u00eb politikani nuk duhet t\u00eb sillet si analist politik, ndonj\u00eb opinionisti t\u00eb televizioneve private apo si nj\u00eb p\u00ebrfaq\u00ebsues i opozit\u00ebs s\u00eb ndonj\u00eb vendi ngase, si\u00e7 \u00ebsht\u00eb edhe n\u00eb tradit\u00ebn ton\u00eb, disa gj\u00ebra nuk duhet t\u00eb thuhen apo duhet t\u00eb thuhen n\u00eb nj\u00eb form\u00eb m\u00eb t\u00eb but\u00eb q\u00eb n\u00eb tradit\u00ebn ton\u00eb quhen \u2018rrotlla\u2019.<\/div>\n<div dir=\"auto\">Donika para disa dit\u00ebsh nuk p\u00ebrdori rrotulla por, \u2018p\u00ebr ledin\u00eb\u2019, e tha tro\u00e7 at\u00eb q\u00eb n\u00eb kafenet\u00eb tona, n\u00eb bisedat tona akademike dhe gjysm\u00eb akademike dhe ne komunikimet e \u2018brendshme\u2019 thuhet haptas dhe pranohet nga t\u00eb gjith\u00eb ne.<\/div>\n<div dir=\"auto\">Donika mund te ket\u00eb qen\u00eb gabim se e tha t\u00eb v\u00ebrteten dhe p\u00ebr m\u00ebnyr\u00ebn se si e tha k\u00ebt\u00eb t\u00eb v\u00ebrtet\u00eb por, duhet ta kuptojm\u00eb, p\u00ebrfundimisht, se BE-ja karshi nesh dhe karshi situat\u00ebs aktuale, p\u00ebr m\u00eb shum\u00eb se dhjet\u00eb vjet \u2018bisedimesh\u2019 po luan si maca me miun me ne dhe duke e favorizuar, gjithmon\u00eb e n\u00eb t\u00eb gjitha rastet, Serbin\u00eb.<\/div>\n<div dir=\"auto\">Kush duhet ta thot\u00eb k\u00ebt\u00eb gj\u00eb, un\u00eb nuk e di por, e di q\u00eb, p\u00ebr k\u00ebt\u00eb trajtim t\u00eb pabarabart\u00eb, duhet t\u00eb diskutojm\u00eb qoft\u00eb n\u00eb rrethet akademike, qoft\u00eb n\u00eb komunitetin politik t\u00eb vendit.<\/div>\n<div dir=\"auto\">Donika mund t\u00eb ket\u00eb gabuar, por nuk do t\u00eb ishte gabim q\u00eb k\u00ebt\u00eb gj\u00eb ta thonin opozita dhe bota akademike. Gjithashtu k\u00ebt\u00eb tematik\u00eb do t\u00eb duhej ta diskutonin edhe analist\u00ebt dhe opinionist\u00ebt e vendit.<\/div>\n<div dir=\"auto\">Disa gjera jan\u00eb aq t\u00eb dukshme sa q\u00eb p\u00ebrpjekja q\u00eb t\u00eb fshihen, \u00ebsht\u00eb thjesht\u00eb nj\u00eb serviliz\u00ebm dhe qyqarll\u00ebku politik dhe akademik. Mosdh\u00ebnia e Vizave p\u00ebr m\u00eb shum\u00eb se nj\u00eb decenie, trajtimi me fusnot\u00eb dhe si nj\u00eb \u2018territor\u2019 e jo shtet. Masat e tashme t\u00eb v\u00ebna n\u00eb m\u00ebnyr\u00eb aq t\u00eb leht\u00eb dhe \u2018fascinuese\u2019 (si\u00e7 tha Augustin Palokaj) kund\u00ebr Kosov\u00ebs, jan\u00eb sinjale q\u00eb BE-ja nuk na trajton n\u00eb m\u00ebnyr\u00eb t\u00eb barabart\u00eb n\u00eb asnj\u00eb aspekt t\u00eb marr\u00ebdh\u00ebnieve politike. Ajo po e \u2018sulmon\u2019 Kosov\u00ebn p\u00ebr ta arsyetuar mosfuqin\u00eb e saj p\u00ebr ta detyruar Serbin\u00eb q\u00eb t\u2019ju p\u00ebrmbahet dhe t\u2019i realizoj\u00eb marr\u00ebveshjet e \u2018pranuara\u2019 prej saj.<\/div>\n<div dir=\"auto\">Prandaj n\u00ebse k\u00ebrkojm\u00eb q\u00eb Donika t\u00eb flet me \u2018rrotlla\u2019 dhe me \u2018yrrnek\u2019 ngase \u00ebsht\u00eb ministre e jashtme, ne t\u00eb tjer\u00ebt nuk kemi pse servilosemi dhe t\u00eb b\u00ebhemi sikur BE-ja po tregohet e drejt\u00eb ndaj nesh.<\/div>\n<div dir=\"auto\">Ne duhet ta themi se BE-ja po na d\u00ebmton, po na diskriminon n\u00eb t\u00eb gjitha programet e saj si dhe po na p\u00ebrdor\u00eb si pare kusuritjeje n\u00eb p\u00ebrpjekjen e saj t\u00eb pamundur p\u00ebr ta kthyer Serbin\u00eb n\u00eb an\u00ebn e saj duke harruar se ky shtet ka lidhje aq t\u00eb forta shpirt\u00ebrore, fetare, kulturore dhe ekonomike me Rusin\u00eb t\u00eb cilat e b\u00ebjn\u00eb Serbin\u00eb, praktikisht, t\u00eb pandashme nga politikat dhe interesat ruse.<\/div>\n<div dir=\"auto\">N\u00eb an\u00ebn tjet\u00ebr, ne edhe pse nuk kemi rrug\u00eb tjet\u00ebr p\u00ebrve\u00e7 asaj euroatlantike, duhet ta themi haptas se trajtimi i padinjitetsh\u00ebm q\u00eb BE e ushtron ndaj nesh, \u00ebsht\u00eb fyese, e ul\u00ebt dhe e papranueshme.<\/div>\n<div dir=\"auto\">Prandaj thash se n\u00ebse k\u00ebrkojm\u00eb nga Donika t\u00eb tregohet e matur, ne s\u2019kemi perse t\u00eb jemi t\u00eb till\u00eb.<\/div>\n<div dir=\"auto\">Ne nuk duhet t\u00eb themi asgj\u00eb m\u00eb shum\u00eb se sa t\u00eb v\u00ebrtet\u00ebn dhe ta shfaqim ndjenj\u00ebn e n\u00ebn\u00e7mimit q\u00eb na shkakton trajtimi i till\u00eb nga BE.<\/div>\n<div dir=\"auto\">Ne nuk kemi asnj\u00eb detyr\u00eb shtet\u00ebrore dhe diplomatike, prandaj pak munges\u00eb diplomacie dhe servilizmi, nuk na b\u00ebn keq. K\u00ebshtu, n\u00eb vend se ta b\u00ebnim \u2018batare\u2019, do ta ndihmonim edhe Donik\u00ebn.<\/div>\n<div dir=\"auto\"><\/div>\n<\/div>\n<\/div>\n<\/div>\n<\/div>\n<\/div>\n<\/div>\n<\/div>\n<\/div>\n<\/div>\n<\/div>\n<\/div>\n<\/div>\n<\/div>\n<\/div>\n<\/div>\n<\/div>\n<\/div>\n<\/div>\n<\/div>\n<\/div>\n<\/div>\n<\/div>\n<\/div>\n<\/div>\n<\/div>\n<\/div>\n<\/div>\n<\/div>\n","protected":false},"excerpt":{"rendered":"<p>Shkruan: Murteza Osdautaj (Edhe nj\u00ebher\u00eb kund\u00ebr b\u00ebrjes \u2018batare\u2019 t\u00eb Donik\u00ebs) Ndonj\u00ebher\u00eb politikani nuk duhet t\u00eb sillet si analist politik, ndonj\u00eb opinionisti t\u00eb televizioneve private apo si nj\u00eb p\u00ebrfaq\u00ebsues i opozit\u00ebs s\u00eb ndonj\u00eb vendi ngase, si\u00e7 \u00ebsht\u00eb edhe n\u00eb tradit\u00ebn ton\u00eb, disa gj\u00ebra nuk duhet t\u00eb thuhen apo duhet t\u00eb thuhen n\u00eb nj\u00eb form\u00eb m\u00eb t\u00eb [&hellip;]<\/p>\n","protected":false},"author":1,"featured_media":4557,"comment_status":"closed","ping_status":"closed","sticky":false,"template":"","format":"standard","meta":{"footnotes":""},"categories":[9],"tags":[],"class_list":{"0":"post-4555","1":"post","2":"type-post","3":"status-publish","4":"format-standard","5":"has-post-thumbnail","7":"category-vendi"},"_links":{"self":[{"href":"https:\/\/syri.tv\/index.php?rest_route=\/wp\/v2\/posts\/4555","targetHints":{"allow":["GET"]}}],"collection":[{"href":"https:\/\/syri.tv\/index.php?rest_route=\/wp\/v2\/posts"}],"about":[{"href":"https:\/\/syri.tv\/index.php?rest_route=\/wp\/v2\/types\/post"}],"author":[{"embeddable":true,"href":"https:\/\/syri.tv\/index.php?rest_route=\/wp\/v2\/users\/1"}],"replies":[{"embeddable":true,"href":"https:\/\/syri.tv\/index.php?rest_route=%2Fwp%2Fv2%2Fcomments&post=4555"}],"version-history":[{"count":1,"href":"https:\/\/syri.tv\/index.php?rest_route=\/wp\/v2\/posts\/4555\/revisions"}],"predecessor-version":[{"id":4558,"href":"https:\/\/syri.tv\/index.php?rest_route=\/wp\/v2\/posts\/4555\/revisions\/4558"}],"wp:featuredmedia":[{"embeddable":true,"href":"https:\/\/syri.tv\/index.php?rest_route=\/wp\/v2\/media\/4557"}],"wp:attachment":[{"href":"https:\/\/syri.tv\/index.php?rest_route=%2Fwp%2Fv2%2Fmedia&parent=4555"}],"wp:term":[{"taxonomy":"category","embeddable":true,"href":"https:\/\/syri.tv\/index.php?rest_route=%2Fwp%2Fv2%2Fcategories&post=4555"},{"taxonomy":"post_tag","embeddable":true,"href":"https:\/\/syri.tv\/index.php?rest_route=%2Fwp%2Fv2%2Ftags&post=4555"}],"curies":[{"name":"wp","href":"https:\/\/api.w.org\/{rel}","templated":true}]}}