{"id":4544,"date":"2023-07-10T16:36:26","date_gmt":"2023-07-10T16:36:26","guid":{"rendered":"https:\/\/syri.tv\/?p=4544"},"modified":"2023-07-10T16:36:26","modified_gmt":"2023-07-10T16:36:26","slug":"bislimi-dhe-lajcak-bien-dakord-per-hapat-e-pare-drejt-depershkallezimit-ne-veri","status":"publish","type":"post","link":"https:\/\/syri.tv\/?p=4544","title":{"rendered":"Bislimi dhe Laj\u00e7ak bien dakord p\u00ebr hapat e par\u00eb drejt dep\u00ebrshkall\u00ebzimit n\u00eb veri"},"content":{"rendered":"<p>Emisari special i BE-s\u00eb p\u00ebr dialogun Kosov\u00eb-Serbi, Miroslav Laj\u00e7ak ka zhvilluar nj\u00eb takim n\u00eb Bratisllav\u00eb me zv\/kryeministrin e Kosov\u00ebs, Besnik Bislimi.<\/p>\n<p>Si\u00e7 ka njoftuar sllovaku, dyshja kan\u00eb r\u00ebn\u00eb dakord p\u00ebr hapat e par\u00eb drejt de-eskalimit n\u00eb veri dhe zbatimit t\u00eb marr\u00ebveshjeve t\u00eb dialogut.<\/p>\n<p>\u201cSot n\u00eb Bratislav\u00eb zhvillova diskutime intenzive dypal\u00ebshe me z\u00ebvend\u00ebskryeministrin Besnik Bislimi p\u00ebr de-p\u00ebrshkall\u00ebzimin e situat\u00ebs n\u00eb veri t\u00eb Kosov\u00ebs, n\u00eb p\u00ebrputhje me deklarat\u00ebn e 27 vendeve t\u00eb BE-s\u00eb t\u00eb 3 qershorit dhe rrug\u00ebn p\u00ebrpara n\u00eb zbatimin e t\u00eb gjitha Marr\u00ebveshjeve t\u00eb Dialogut. Ne ram\u00eb dakord p\u00ebr hapat e par\u00eb drejt k\u00ebtij q\u00ebllimi\u201d, ka shkruar Laj\u00e7ak<\/p>\n<p>&nbsp;<\/p>\n","protected":false},"excerpt":{"rendered":"<p>Emisari special i BE-s\u00eb p\u00ebr dialogun Kosov\u00eb-Serbi, Miroslav Laj\u00e7ak ka zhvilluar nj\u00eb takim n\u00eb Bratisllav\u00eb me zv\/kryeministrin e Kosov\u00ebs, Besnik Bislimi. Si\u00e7 ka njoftuar sllovaku, dyshja kan\u00eb r\u00ebn\u00eb dakord p\u00ebr hapat e par\u00eb drejt de-eskalimit n\u00eb veri dhe zbatimit t\u00eb marr\u00ebveshjeve t\u00eb dialogut. \u201cSot n\u00eb Bratislav\u00eb zhvillova diskutime intenzive dypal\u00ebshe me z\u00ebvend\u00ebskryeministrin Besnik Bislimi p\u00ebr [&hellip;]<\/p>\n","protected":false},"author":1,"featured_media":4545,"comment_status":"closed","ping_status":"closed","sticky":false,"template":"","format":"standard","meta":{"footnotes":""},"categories":[9],"tags":[],"class_list":{"0":"post-4544","1":"post","2":"type-post","3":"status-publish","4":"format-standard","5":"has-post-thumbnail","7":"category-vendi"},"_links":{"self":[{"href":"https:\/\/syri.tv\/index.php?rest_route=\/wp\/v2\/posts\/4544","targetHints":{"allow":["GET"]}}],"collection":[{"href":"https:\/\/syri.tv\/index.php?rest_route=\/wp\/v2\/posts"}],"about":[{"href":"https:\/\/syri.tv\/index.php?rest_route=\/wp\/v2\/types\/post"}],"author":[{"embeddable":true,"href":"https:\/\/syri.tv\/index.php?rest_route=\/wp\/v2\/users\/1"}],"replies":[{"embeddable":true,"href":"https:\/\/syri.tv\/index.php?rest_route=%2Fwp%2Fv2%2Fcomments&post=4544"}],"version-history":[{"count":1,"href":"https:\/\/syri.tv\/index.php?rest_route=\/wp\/v2\/posts\/4544\/revisions"}],"predecessor-version":[{"id":4546,"href":"https:\/\/syri.tv\/index.php?rest_route=\/wp\/v2\/posts\/4544\/revisions\/4546"}],"wp:featuredmedia":[{"embeddable":true,"href":"https:\/\/syri.tv\/index.php?rest_route=\/wp\/v2\/media\/4545"}],"wp:attachment":[{"href":"https:\/\/syri.tv\/index.php?rest_route=%2Fwp%2Fv2%2Fmedia&parent=4544"}],"wp:term":[{"taxonomy":"category","embeddable":true,"href":"https:\/\/syri.tv\/index.php?rest_route=%2Fwp%2Fv2%2Fcategories&post=4544"},{"taxonomy":"post_tag","embeddable":true,"href":"https:\/\/syri.tv\/index.php?rest_route=%2Fwp%2Fv2%2Ftags&post=4544"}],"curies":[{"name":"wp","href":"https:\/\/api.w.org\/{rel}","templated":true}]}}