{"id":4437,"date":"2023-07-03T10:54:50","date_gmt":"2023-07-03T10:54:50","guid":{"rendered":"https:\/\/syri.tv\/?p=4437"},"modified":"2023-07-03T10:54:50","modified_gmt":"2023-07-03T10:54:50","slug":"kryeministri-albin-kurti-serish-i-ka-quajtur-te-perkohshme-masat-e-paralajmeruar-nga-bashkimi-evropian-ndaj-kosoves","status":"publish","type":"post","link":"https:\/\/syri.tv\/?p=4437","title":{"rendered":"Kryeministri Albin Kurti s\u00ebrish i ka quajtur t\u00eb p\u00ebrkohshme masat e paralajm\u00ebruar nga Bashkimi Evropian ndaj Kosov\u00ebs"},"content":{"rendered":"<p>Kreu i Qeveris\u00eb, u shpreh se k\u00ebto masa jan\u00eb t\u00eb padrejta.<\/p>\n<p>Nga Podujeva, ai ka th\u00ebn\u00eb se disa masa edhe kan\u00eb filluar q\u00eb t\u00eb zbatohet duke p\u00ebrmendur anulimin e vizitave.<\/p>\n<p>Me k\u00ebt\u00eb rast ai ka sqaruar se jan\u00eb identifikuar 45 persona q\u00eb b\u00ebjn\u00eb pjes\u00eb n\u00eb dy organizatat e shpallura terroriste nga Qeveria javwn e kaluar, \u201cMbrojtja Civile\u201d dhe \u201cBrigada e Veriut\u201d.<\/p>\n<p>\u201cJan\u00eb paralajm\u00ebruar masa t\u00eb cilat disa edhe jav\u00ebn zbatuar disa prej tyre. B\u00ebhet fjal\u00eb edhe p\u00ebr anulim t\u00eb vizitave, masat jan\u00eb t\u00eb padrejta p\u00ebr bindjen time ajo \u00e7far\u00eb ne duhet t\u00eb b\u00ebjm\u00eb \u00ebsht\u00eb ajo q\u00eb ti kalojm\u00eb ato kredi e grande n\u00eb vlere prej 149 milion\u00eb euro kredi dhe grade q\u00eb nuk kaloj\u00ebn pa 2\/3 n\u00eb Kuvend. Ne kemi ngujim aktual q\u00eb mund ta kalojm\u00eb bashk\u00eb\u201d.<\/p>\n<p>\u201cDeri m\u00eb sot jan\u00eb identifikuar 45 persona identifikim i sakt\u00eb q\u00eb kan\u00eb marr\u00eb pjes\u00eb n\u00eb sulem dhune ndaj ushtar\u00ebve t\u00eb KFOR-t policis\u00eb e gazetar\u00ebve, por edhe q\u00eb kan\u00eb p\u00ebrdorur arm\u00eb, ju e pat\u00eb \u00e7far\u00eb armatimi u konfiskua me 23 qershor. Qytetar\u00eb serb jan\u00eb m\u00eb t\u00eb frik\u00ebsuarit prej k\u00ebtyre kriminal\u00ebve, q\u00eb na d\u00ebrgojn\u00eb informacion \u00e7do her\u00eb kur vepron ligji. Kemi pa num\u00ebr fakte e d\u00ebshmi se b\u00ebhet fjal\u00eb p\u00ebr organizata terroriste, n\u00ebse nuk do ti shpallini do t\u00eb b\u00ebnim shkelje dhe d\u00ebm\u201d.<\/p>\n<p>\u201cMe BE jam n\u00eb kontakt \u00eb p\u00ebrditsh\u00ebm dje kam biseduar me Borrellin edhe me nd\u00ebrmjet\u00ebsin Laj\u00e7ak jam interesuar edhe p\u00ebr deskalim edhe p\u00ebr normalizim q\u00eb n\u00ebnkupton sundim t\u00eb ligjit, ose edhe t\u00eb shkojn\u00eb n\u00eb Serbi\u201d.<\/p>\n","protected":false},"excerpt":{"rendered":"<p>Kreu i Qeveris\u00eb, u shpreh se k\u00ebto masa jan\u00eb t\u00eb padrejta. Nga Podujeva, ai ka th\u00ebn\u00eb se disa masa edhe kan\u00eb filluar q\u00eb t\u00eb zbatohet duke p\u00ebrmendur anulimin e vizitave. Me k\u00ebt\u00eb rast ai ka sqaruar se jan\u00eb identifikuar 45 persona q\u00eb b\u00ebjn\u00eb pjes\u00eb n\u00eb dy organizatat e shpallura terroriste nga Qeveria javwn e kaluar, [&hellip;]<\/p>\n","protected":false},"author":7,"featured_media":4397,"comment_status":"closed","ping_status":"closed","sticky":false,"template":"","format":"standard","meta":{"footnotes":""},"categories":[9],"tags":[],"class_list":{"0":"post-4437","1":"post","2":"type-post","3":"status-publish","4":"format-standard","5":"has-post-thumbnail","7":"category-vendi"},"_links":{"self":[{"href":"https:\/\/syri.tv\/index.php?rest_route=\/wp\/v2\/posts\/4437","targetHints":{"allow":["GET"]}}],"collection":[{"href":"https:\/\/syri.tv\/index.php?rest_route=\/wp\/v2\/posts"}],"about":[{"href":"https:\/\/syri.tv\/index.php?rest_route=\/wp\/v2\/types\/post"}],"author":[{"embeddable":true,"href":"https:\/\/syri.tv\/index.php?rest_route=\/wp\/v2\/users\/7"}],"replies":[{"embeddable":true,"href":"https:\/\/syri.tv\/index.php?rest_route=%2Fwp%2Fv2%2Fcomments&post=4437"}],"version-history":[{"count":1,"href":"https:\/\/syri.tv\/index.php?rest_route=\/wp\/v2\/posts\/4437\/revisions"}],"predecessor-version":[{"id":4438,"href":"https:\/\/syri.tv\/index.php?rest_route=\/wp\/v2\/posts\/4437\/revisions\/4438"}],"wp:featuredmedia":[{"embeddable":true,"href":"https:\/\/syri.tv\/index.php?rest_route=\/wp\/v2\/media\/4397"}],"wp:attachment":[{"href":"https:\/\/syri.tv\/index.php?rest_route=%2Fwp%2Fv2%2Fmedia&parent=4437"}],"wp:term":[{"taxonomy":"category","embeddable":true,"href":"https:\/\/syri.tv\/index.php?rest_route=%2Fwp%2Fv2%2Fcategories&post=4437"},{"taxonomy":"post_tag","embeddable":true,"href":"https:\/\/syri.tv\/index.php?rest_route=%2Fwp%2Fv2%2Ftags&post=4437"}],"curies":[{"name":"wp","href":"https:\/\/api.w.org\/{rel}","templated":true}]}}