{"id":4434,"date":"2023-07-03T10:52:14","date_gmt":"2023-07-03T10:52:14","guid":{"rendered":"https:\/\/syri.tv\/?p=4434"},"modified":"2023-07-03T10:52:14","modified_gmt":"2023-07-03T10:52:14","slug":"stambolli-i-ka-dedikuar-gjithe-parkun-nje-shqiptari","status":"publish","type":"post","link":"https:\/\/syri.tv\/?p=4434","title":{"rendered":"Stambolli i ka dedikuar gjith\u00eb Parkun nj\u00eb shqiptari"},"content":{"rendered":"<p>Emri i Adem Jashari, i cili ra d\u00ebshmor bashk\u00eb me 56 shok\u00eb, bashk\u00ebshorten, f\u00ebmij\u00ebt dhe t\u00eb af\u00ebrmit e familjes n\u00eb luft\u00ebn p\u00ebr pavar\u00ebsin\u00eb e Kosov\u00ebs, \u00ebsht\u00eb p\u00ebrjet\u00ebsuar q\u00eb prej vitit 2015 n\u00eb Stamboll. Madje n\u00eb ceremonin\u00eb e organizuar me k\u00ebt\u00eb rast, drejtuesi i saj do t\u00eb shprehej: \u201cKushdo q\u00eb do t\u00eb kaloj\u00eb n\u00eb k\u00ebt\u00eb shesh do t\u00eb lutet p\u00ebr shpirtin e Adem Jasharit dhe p\u00ebr t\u00eb gjith\u00eb ata q\u00eb dhan\u00eb jet\u00ebn p\u00ebr liri\u201d.<\/p>\n<p>N\u00eb parkun D\u00ebshmori Adem Jashari q\u00eb Komuna Bajrampasha ka nd\u00ebrtuar n\u00eb lagjen Vatan, pran\u00eb rrug\u00ebs Esenler dhe Forcave Speciale t\u00eb policis\u00eb ndodhet edhe nj\u00eb kull\u00eb sahati e ngjashme me nj\u00eb kull\u00eb historike sahati n\u00eb Ballkan 13 metra e lart\u00eb.<\/p>\n<p>Parku shtrihet n\u00eb nj\u00eb sip\u00ebrfaqe 1.600m2 dhe krahas kull\u00ebs s\u00eb sahatit n\u00eb park ka edhe rrugica p\u00ebr sh\u00ebtitje dhe ambiente \u00e7lodh\u00ebse.<\/p>\n","protected":false},"excerpt":{"rendered":"<p>Emri i Adem Jashari, i cili ra d\u00ebshmor bashk\u00eb me 56 shok\u00eb, bashk\u00ebshorten, f\u00ebmij\u00ebt dhe t\u00eb af\u00ebrmit e familjes n\u00eb luft\u00ebn p\u00ebr pavar\u00ebsin\u00eb e Kosov\u00ebs, \u00ebsht\u00eb p\u00ebrjet\u00ebsuar q\u00eb prej vitit 2015 n\u00eb Stamboll. Madje n\u00eb ceremonin\u00eb e organizuar me k\u00ebt\u00eb rast, drejtuesi i saj do t\u00eb shprehej: \u201cKushdo q\u00eb do t\u00eb kaloj\u00eb n\u00eb k\u00ebt\u00eb shesh [&hellip;]<\/p>\n","protected":false},"author":7,"featured_media":4435,"comment_status":"closed","ping_status":"closed","sticky":false,"template":"","format":"standard","meta":{"footnotes":""},"categories":[108],"tags":[],"class_list":{"0":"post-4434","1":"post","2":"type-post","3":"status-publish","4":"format-standard","5":"has-post-thumbnail","7":"category-kulture-2"},"_links":{"self":[{"href":"https:\/\/syri.tv\/index.php?rest_route=\/wp\/v2\/posts\/4434","targetHints":{"allow":["GET"]}}],"collection":[{"href":"https:\/\/syri.tv\/index.php?rest_route=\/wp\/v2\/posts"}],"about":[{"href":"https:\/\/syri.tv\/index.php?rest_route=\/wp\/v2\/types\/post"}],"author":[{"embeddable":true,"href":"https:\/\/syri.tv\/index.php?rest_route=\/wp\/v2\/users\/7"}],"replies":[{"embeddable":true,"href":"https:\/\/syri.tv\/index.php?rest_route=%2Fwp%2Fv2%2Fcomments&post=4434"}],"version-history":[{"count":1,"href":"https:\/\/syri.tv\/index.php?rest_route=\/wp\/v2\/posts\/4434\/revisions"}],"predecessor-version":[{"id":4436,"href":"https:\/\/syri.tv\/index.php?rest_route=\/wp\/v2\/posts\/4434\/revisions\/4436"}],"wp:featuredmedia":[{"embeddable":true,"href":"https:\/\/syri.tv\/index.php?rest_route=\/wp\/v2\/media\/4435"}],"wp:attachment":[{"href":"https:\/\/syri.tv\/index.php?rest_route=%2Fwp%2Fv2%2Fmedia&parent=4434"}],"wp:term":[{"taxonomy":"category","embeddable":true,"href":"https:\/\/syri.tv\/index.php?rest_route=%2Fwp%2Fv2%2Fcategories&post=4434"},{"taxonomy":"post_tag","embeddable":true,"href":"https:\/\/syri.tv\/index.php?rest_route=%2Fwp%2Fv2%2Ftags&post=4434"}],"curies":[{"name":"wp","href":"https:\/\/api.w.org\/{rel}","templated":true}]}}