{"id":4396,"date":"2023-07-02T12:56:57","date_gmt":"2023-07-02T12:56:57","guid":{"rendered":"https:\/\/syri.tv\/?p=4396"},"modified":"2023-07-02T12:56:57","modified_gmt":"2023-07-02T12:56:57","slug":"reagimi-i-kurtit-pas-sanksioneve-te-para-te-be-se-per-kosoven","status":"publish","type":"post","link":"https:\/\/syri.tv\/?p=4396","title":{"rendered":"Reagimi i Kurtit pas sanksioneve t\u00eb para t\u00eb BE-s\u00eb p\u00ebr Kosov\u00ebn,"},"content":{"rendered":"<p>Pas lajmit se BE ka v\u00ebn\u00eb sanksionet e para mbi Kosov\u00ebn, n\u00eb fakt disa masa pezulluese n\u00eb fush\u00ebn e integrimit, kryeministri Kurti i ka quajtur ato t\u00eb padrejta, si dhe u ka kujtuar nd\u00ebrkomb\u00ebtareve se kush \u00ebsht\u00eb Serbia.<\/p>\n<p><em>\u201cK\u00ebto nuk jan\u00eb sanksione por \u00ebsht\u00eb e v\u00ebrtet\u00eb q\u00eb jan\u00eb masa t\u00eb p\u00ebrkohshme por t\u00eb padrejta p\u00ebr shkak se Kosova dhe qeveria e saj jan\u00eb edhe shteti edhe ekzekutiv m\u00eb demokratik pro-evropian dhe progresist.<\/em><\/p>\n<p><em>N\u00eb an\u00ebn tjet\u00ebr kemi nj\u00eb p\u00ebrballje t\u00eb vazhdueshme me forma t\u00eb ndryshme t\u00eb agresionit t\u00eb Serbis\u00eb q\u00eb \u00ebsht\u00eb shtet autokratik dhe pro-Rusis\u00eb dhe i paballafaquar me t\u00eb kaluar\u00ebn kriminale n\u00eb hap\u00ebsir\u00ebn e ish-Jugosllavis\u00eb ku i ka shkaktuar kat\u00ebr luft\u00ebra<\/em>\u201d, tha Kurti n\u00eb reagimin e tij.<\/p>\n<p>Masat nd\u00ebshkuese ndaj Kosov\u00ebs p\u00ebrfshijn\u00eb pezullimin e p\u00ebrkohsh\u00ebm t\u00eb pun\u00ebs s\u00eb trupave t\u00eb krijuara n\u00eb baz\u00eb t\u00eb Marr\u00ebveshjes s\u00eb Stabilizim Asociimit, mos ftes\u00ebn e Kosov\u00ebs n\u00eb takime t\u00eb nivelit t\u00eb lart\u00eb dhe pezullimin e vizitave bilaterale, p\u00ebrve\u00e7 atyre q\u00eb fokusohen n\u00eb adresimin e kriz\u00ebs n\u00eb veri t\u00eb Kosov\u00ebs n\u00eb kuad\u00ebr t\u00eb korniz\u00ebs s\u00eb dialogut t\u00eb leht\u00ebsuar nga BE-ja. Gjithashtu, pezullohet programi i fondeve p\u00ebr Kosov\u00ebn nga IPA 2024.<\/p>\n<p>Por si\u00e7 theksoi ai, nuk do ket\u00eb t\u00ebrheqje as me k\u00ebto masa, nga ajo q\u00eb ai e quajti kushtetueshm\u00ebri dhe vendosje ligji(n\u00eb veri).<\/p>\n<p><em>\u201cSido q\u00eb t\u00eb jet\u00eb ne e b\u00ebjm\u00eb pun\u00ebn ton\u00eb, por le t\u00eb mos harrojm\u00eb q\u00eb nuk mundemi t\u00eb b\u00ebjm\u00eb kompromis as me sundimin e ligjit as me kushtetutshm\u00ebrin\u00eb e vendit tone, andaj ne do t\u00eb vazhdojm\u00eb me zbatimin e programit ton\u00eb qeveritar dhe shpresojm\u00eb q\u00eb k\u00ebto masa t\u00eb p\u00ebrkohshme do t\u00eb jen\u00eb fort t\u00eb shkurtra ashtu q\u00eb edhe mb\u00ebshtetja edhe ndihma evropiane t\u00eb jen\u00eb t\u00eb plota p\u00ebr shkak se Kosova \u00ebsht\u00eb nj\u00eb vend q\u00eb ka nevoj\u00eb p\u00ebr mb\u00ebshtetje n\u00eb zhvillimin e saj\u201d,<\/em>\u00a0arsyetoi ai.<\/p>\n","protected":false},"excerpt":{"rendered":"<p>Pas lajmit se BE ka v\u00ebn\u00eb sanksionet e para mbi Kosov\u00ebn, n\u00eb fakt disa masa pezulluese n\u00eb fush\u00ebn e integrimit, kryeministri Kurti i ka quajtur ato t\u00eb padrejta, si dhe u ka kujtuar nd\u00ebrkomb\u00ebtareve se kush \u00ebsht\u00eb Serbia. \u201cK\u00ebto nuk jan\u00eb sanksione por \u00ebsht\u00eb e v\u00ebrtet\u00eb q\u00eb jan\u00eb masa t\u00eb p\u00ebrkohshme por t\u00eb padrejta p\u00ebr [&hellip;]<\/p>\n","protected":false},"author":1,"featured_media":4397,"comment_status":"closed","ping_status":"closed","sticky":false,"template":"","format":"standard","meta":{"footnotes":""},"categories":[9],"tags":[],"class_list":{"0":"post-4396","1":"post","2":"type-post","3":"status-publish","4":"format-standard","5":"has-post-thumbnail","7":"category-vendi"},"_links":{"self":[{"href":"https:\/\/syri.tv\/index.php?rest_route=\/wp\/v2\/posts\/4396","targetHints":{"allow":["GET"]}}],"collection":[{"href":"https:\/\/syri.tv\/index.php?rest_route=\/wp\/v2\/posts"}],"about":[{"href":"https:\/\/syri.tv\/index.php?rest_route=\/wp\/v2\/types\/post"}],"author":[{"embeddable":true,"href":"https:\/\/syri.tv\/index.php?rest_route=\/wp\/v2\/users\/1"}],"replies":[{"embeddable":true,"href":"https:\/\/syri.tv\/index.php?rest_route=%2Fwp%2Fv2%2Fcomments&post=4396"}],"version-history":[{"count":1,"href":"https:\/\/syri.tv\/index.php?rest_route=\/wp\/v2\/posts\/4396\/revisions"}],"predecessor-version":[{"id":4398,"href":"https:\/\/syri.tv\/index.php?rest_route=\/wp\/v2\/posts\/4396\/revisions\/4398"}],"wp:featuredmedia":[{"embeddable":true,"href":"https:\/\/syri.tv\/index.php?rest_route=\/wp\/v2\/media\/4397"}],"wp:attachment":[{"href":"https:\/\/syri.tv\/index.php?rest_route=%2Fwp%2Fv2%2Fmedia&parent=4396"}],"wp:term":[{"taxonomy":"category","embeddable":true,"href":"https:\/\/syri.tv\/index.php?rest_route=%2Fwp%2Fv2%2Fcategories&post=4396"},{"taxonomy":"post_tag","embeddable":true,"href":"https:\/\/syri.tv\/index.php?rest_route=%2Fwp%2Fv2%2Ftags&post=4396"}],"curies":[{"name":"wp","href":"https:\/\/api.w.org\/{rel}","templated":true}]}}