{"id":4373,"date":"2023-06-30T20:12:31","date_gmt":"2023-06-30T20:12:31","guid":{"rendered":"https:\/\/syri.tv\/?p=4373"},"modified":"2023-06-30T20:19:24","modified_gmt":"2023-06-30T20:19:24","slug":"te-behemi-te-gjithe-shqiptaret-me-albin-kurtin-per-ta-mbrojtur-kosoven-nuk-ka-alternative-tjeter","status":"publish","type":"post","link":"https:\/\/syri.tv\/?p=4373","title":{"rendered":"T\u00eb b\u00ebhemi t\u00eb gjith\u00eb shqiptar\u00ebt me Albin Kurtin p\u00ebr ta mbrojtur Kosov\u00ebn! Nuk ka alternativ\u00eb tjet\u00ebr!"},"content":{"rendered":"<div class=\"xdj266r x11i5rnm xat24cr x1mh8g0r x1vvkbs x126k92a\">\n<div dir=\"auto\"><img loading=\"lazy\" loading=\"lazy\" decoding=\"async\" class=\"alignnone wp-image-4375\" src=\"https:\/\/syri.tv\/wp-content\/uploads\/2023\/06\/dfr.png\" alt=\"\" width=\"165\" height=\"135\" srcset=\"https:\/\/syri.tv\/wp-content\/uploads\/2023\/06\/dfr.png 556w, https:\/\/syri.tv\/wp-content\/uploads\/2023\/06\/dfr-300x246.png 300w\" sizes=\"auto, (max-width: 165px) 100vw, 165px\" \/><\/div>\n<\/div>\n<div dir=\"auto\">Shkruan: Enver Byty\u00e7i<\/div>\n<div dir=\"auto\"><\/div>\n<div class=\"xdj266r x11i5rnm xat24cr x1mh8g0r x1vvkbs x126k92a\">\n<div dir=\"auto\">Vlora \u00c7itaku thot\u00eb se \u201cKurti po rrezikon Kosov\u00ebn\u201d!<\/div>\n<\/div>\n<div class=\"x11i5rnm xat24cr x1mh8g0r x1vvkbs xtlvy1s x126k92a\">\n<div dir=\"auto\">Baton Haxhiu thot\u00eb se \u201cAlbin Kurti k\u00ebrkon gjak\u201d dhe t\u00eb gjitha mediet e Serbis\u00eb i b\u00ebjn\u00eb jehon\u00eb.<\/div>\n<\/div>\n<div class=\"x11i5rnm xat24cr x1mh8g0r x1vvkbs xtlvy1s x126k92a\">\n<div dir=\"auto\">Edi Rama pohon se \u201cKurti po na rrezikon rajonin me luft\u00eb\u201d dhe k\u00ebrkon konferenc\u00eb nd\u00ebrkomb\u00ebtare p\u00ebr ta detyruar Kosov\u00ebn t\u00eb pranoj\u00eb t\u2019i jap\u00eb territor Serbis\u00eb.<\/div>\n<\/div>\n<div class=\"x11i5rnm xat24cr x1mh8g0r x1vvkbs xtlvy1s x126k92a\">\n<div dir=\"auto\">Hovenier sqaroi se \u201cKurti shpalli dy organizatat serbe si terroriste, pa u konsultuar me aleat\u00ebt\u201d. N\u00eb fakt nuk thot\u00eb t\u00eb v\u00ebrtet\u00ebn! E v\u00ebrteta \u00ebsht\u00eb se SHBA dhe europian\u00ebt ishin dhe jan\u00eb kund\u00ebr vendimit t\u00eb qeveris\u00eb. Prandaj duhej th\u00ebn\u00eb se Kurti nuk e pranoi k\u00ebshill\u00ebn europiane e amerikane p\u00ebr t\u2019i legjitimuar k\u00ebto organizata ekstremiste q\u00eb ushtrojn\u00eb dhun\u00eb kund\u00ebr paqes n\u00eb Kosov\u00eb!<\/div>\n<\/div>\n<div class=\"x11i5rnm xat24cr x1mh8g0r x1vvkbs xtlvy1s x126k92a\">\n<div dir=\"auto\">N\u00eb thelb t\u00eb gjith\u00eb po thirren n\u00eb at\u00eb q\u00eb pohon Vlora \u00c7itaku. \u201cKurti po \u201crrezikon\u201d paqen dhe Kosov\u00ebn\u201d! Sipas k\u00ebsaj logjike Kosov\u00ebn e kan\u00eb mbrojtur dhe e mbrojn\u00eb Vlora, Hashimi, Edi, Batoni e gjith\u00eb kori tjet\u00ebr me politik\u00ebn e projektin e ndarjes s\u00eb Kosov\u00ebs.<\/div>\n<\/div>\n<div class=\"x11i5rnm xat24cr x1mh8g0r x1vvkbs xtlvy1s x126k92a\">\n<div dir=\"auto\">T\u00eb nj\u00ebjt\u00ebn gj\u00eb b\u00ebjn\u00eb dhe diplomat\u00ebt e huaj. Ata po akuzojn\u00eb Kurtin jo se \u201cAlbini rrezikon paqen\u201d, por se njeriut q\u00eb sjell konfliktin n\u00eb Kosov\u00eb e rajon, pra Aleksand\u00ebr Vi\u00e7i\u00e7, i kan\u00eb premtuar territore t\u00eb Kosov\u00ebs, p\u00ebrkat\u00ebsisht pasurit\u00eb e saj, Trep\u00e7\u00ebn dhe Ujmanin n\u00eb k\u00ebmbim t\u00eb paqes n\u00eb rajon.<\/div>\n<\/div>\n<div class=\"x11i5rnm xat24cr x1mh8g0r x1vvkbs xtlvy1s x126k92a\">\n<div dir=\"auto\">T\u00eb gjith\u00eb ata q\u00eb kritikojn\u00eb Albin Kurtin p\u00ebr \u00e7do gj\u00eb, edhe p\u00ebr veprat terroriste t\u00eb serb\u00ebve, t\u00eb gjith\u00eb ata q\u00eb k\u00ebrkojn\u00eb t\u00ebrheqjen e policis\u00eb dhe shtetit nga veriu, duan ta b\u00ebjn\u00eb fakt t\u00eb kryer \u201cpamund\u00ebsin\u00eb\u201d e Kosov\u00ebs p\u00ebr t\u00eb qeverisur n\u00eb k\u00ebt\u00eb territor. M\u00eb pas ta p\u00ebrdorin k\u00ebt\u00eb si kasus p\u00ebr ndarjen e territorit!<\/div>\n<\/div>\n<div class=\"x11i5rnm xat24cr x1mh8g0r x1vvkbs xtlvy1s x126k92a\">\n<div dir=\"auto\">Me k\u00ebt\u00eb kasus ata po justifikojn\u00eb akuzat e Vi\u00e7i\u00e7 se \u201cKurti \u00ebsht\u00eb fashist\u201d! K\u00ebt\u00eb akuz\u00eb e p\u00ebrforcojn\u00eb Batoni, Vlora, Rama e enturazhi mediatik rreth tyre! E m\u00eb n\u00eb fund p\u00ebrgatisin ndarjen s\u00eb Kosov\u00ebs! Ram\u00ebs nuk i kan\u00eb v\u00ebn\u00eb detyr\u00eb vet\u00ebm ta k\u00ebrkoj\u00eb k\u00ebt\u00eb konferenc\u00eb anti-shqiptare e pro-serbe, por ia kan\u00eb dh\u00ebn\u00eb projektin q\u00eb duhet n\u00ebnshkruar n\u00eb at\u00eb konferenc\u00eb p\u00ebr ta paraqit si mendim \u201corigjinal\u201d t\u00eb kryeministrit t\u00eb Shqip\u00ebris\u00eb!<\/div>\n<\/div>\n<div dir=\"auto\"><\/div>\n<div class=\"x11i5rnm xat24cr x1mh8g0r x1vvkbs xtlvy1s x126k92a\">\n<div dir=\"auto\"><img loading=\"lazy\" loading=\"lazy\" decoding=\"async\" class=\"alignnone size-full wp-image-4381\" src=\"https:\/\/syri.tv\/wp-content\/uploads\/2023\/06\/dfr-1.png\" alt=\"\" width=\"781\" height=\"682\" srcset=\"https:\/\/syri.tv\/wp-content\/uploads\/2023\/06\/dfr-1.png 781w, https:\/\/syri.tv\/wp-content\/uploads\/2023\/06\/dfr-1-300x262.png 300w, https:\/\/syri.tv\/wp-content\/uploads\/2023\/06\/dfr-1-768x671.png 768w\" sizes=\"auto, (max-width: 781px) 100vw, 781px\" \/><\/div>\n<\/div>\n","protected":false},"excerpt":{"rendered":"<p>Shkruan: Enver Byty\u00e7i Vlora \u00c7itaku thot\u00eb se \u201cKurti po rrezikon Kosov\u00ebn\u201d! Baton Haxhiu thot\u00eb se \u201cAlbin Kurti k\u00ebrkon gjak\u201d dhe t\u00eb gjitha mediet e Serbis\u00eb i b\u00ebjn\u00eb jehon\u00eb. Edi Rama pohon se \u201cKurti po na rrezikon rajonin me luft\u00eb\u201d dhe k\u00ebrkon konferenc\u00eb nd\u00ebrkomb\u00ebtare p\u00ebr ta detyruar Kosov\u00ebn t\u00eb pranoj\u00eb t\u2019i jap\u00eb territor Serbis\u00eb. Hovenier sqaroi [&hellip;]<\/p>\n","protected":false},"author":1,"featured_media":4376,"comment_status":"closed","ping_status":"closed","sticky":false,"template":"","format":"standard","meta":{"footnotes":""},"categories":[9],"tags":[],"class_list":{"0":"post-4373","1":"post","2":"type-post","3":"status-publish","4":"format-standard","5":"has-post-thumbnail","7":"category-vendi"},"_links":{"self":[{"href":"https:\/\/syri.tv\/index.php?rest_route=\/wp\/v2\/posts\/4373","targetHints":{"allow":["GET"]}}],"collection":[{"href":"https:\/\/syri.tv\/index.php?rest_route=\/wp\/v2\/posts"}],"about":[{"href":"https:\/\/syri.tv\/index.php?rest_route=\/wp\/v2\/types\/post"}],"author":[{"embeddable":true,"href":"https:\/\/syri.tv\/index.php?rest_route=\/wp\/v2\/users\/1"}],"replies":[{"embeddable":true,"href":"https:\/\/syri.tv\/index.php?rest_route=%2Fwp%2Fv2%2Fcomments&post=4373"}],"version-history":[{"count":3,"href":"https:\/\/syri.tv\/index.php?rest_route=\/wp\/v2\/posts\/4373\/revisions"}],"predecessor-version":[{"id":4382,"href":"https:\/\/syri.tv\/index.php?rest_route=\/wp\/v2\/posts\/4373\/revisions\/4382"}],"wp:featuredmedia":[{"embeddable":true,"href":"https:\/\/syri.tv\/index.php?rest_route=\/wp\/v2\/media\/4376"}],"wp:attachment":[{"href":"https:\/\/syri.tv\/index.php?rest_route=%2Fwp%2Fv2%2Fmedia&parent=4373"}],"wp:term":[{"taxonomy":"category","embeddable":true,"href":"https:\/\/syri.tv\/index.php?rest_route=%2Fwp%2Fv2%2Fcategories&post=4373"},{"taxonomy":"post_tag","embeddable":true,"href":"https:\/\/syri.tv\/index.php?rest_route=%2Fwp%2Fv2%2Ftags&post=4373"}],"curies":[{"name":"wp","href":"https:\/\/api.w.org\/{rel}","templated":true}]}}