{"id":4313,"date":"2023-06-29T13:18:45","date_gmt":"2023-06-29T13:18:45","guid":{"rendered":"https:\/\/syri.tv\/?p=4313"},"modified":"2023-06-29T13:18:45","modified_gmt":"2023-06-29T13:18:45","slug":"mbrojtja-civile-dhe-brigada-e-veriut-jane-shpallur-organizata-terroriste","status":"publish","type":"post","link":"https:\/\/syri.tv\/?p=4313","title":{"rendered":"Mbrojtja Civile\u201d dhe Brigada e Veriut\u201d, jan\u00eb shpallur organizata terroriste"},"content":{"rendered":"<p>N\u00eb mbledhjen e Qeveris\u00eb Kryeministri Albin Kurti ka njoftuar se dy formacione ilegale, \u201cMbrojtja Civile\u201d dhe Brigada e Veriut\u201d, jan\u00eb shpallur organizata terroriste nga ana e institucioneve t\u00eb Kosov\u00ebs.<\/p>\n<p>Kurti ka th\u00ebn\u00eb se bazuar n\u00eb vler\u00ebsimet e institucioneve t\u00eb siguris\u00eb t\u00eb Kosov\u00ebs dy formacione ilegale, \u201cMbrojtja Civile\u201d dhe Brigada e Veriut\u201d, paraqesin k\u00ebrc\u00ebnim t\u00eb drejtp\u00ebrdrejt\u00eb dhe serioz p\u00ebr rendin kushtetues dhe sigurin\u00eb n\u00eb Republik\u00ebn e Kosov\u00ebs.<\/p>\n<p>\u201cBazuar n\u00eb vler\u00ebsimet e institucioneve t\u00eb siguris\u00eb t\u00eb Kosov\u00ebs dy formacione ilegale, \u201cMbrojtja Civile\u201d dhe Brigada e Veriut\u201d, paraqesin k\u00ebrc\u00ebnim t\u00eb drejtp\u00ebrdrejt\u00eb dhe serioz p\u00ebr rendin kushtetues dhe sigurin\u00eb n\u00eb Republik\u00ebn e Kosov\u00ebs. P\u00ebr k\u00ebt\u00eb e nisur nga fakti q\u00eb k\u00ebrc\u00ebnimi juridik e kushtetues i rendit ton\u00eb \u00ebsht\u00eb i pakompromis, e n\u00eb ve\u00e7anti duke pasur p\u00ebr q\u00ebllim mbrojtjen e t\u00eb gjith\u00eb qytetar\u00ebve t\u00eb Republik\u00ebs ton\u00eb nga veprimet terroriste, duke p\u00ebrfshir\u00eb, por duke mos u kufizuar n\u00eb sulmet e armatosura ndaj policis\u00eb, ELEXIT e KFOR, sulmet ndaj qytetar\u00ebve, pengimi i l\u00ebvizjes s\u00eb lir\u00eb, detyrimi i qytetar\u00ebve p\u00ebr t\u00eb marr\u00eb pjes\u00eb n\u00eb protesta, barrikada e t\u00eb tjera, kanosje dhe frik\u00ebsim i qytetar\u00ebve n\u00eb veri, subjekteve politike e kandidat\u00ebve, Mbrojtja Civile dhe Brigada e Veriut shpallen organizata terroriste n\u00eb Republik\u00ebn e Kosov\u00ebs\u201d, tha Kurti nd\u00ebr t\u00eb tjera.<\/p>\n<p>Nd\u00ebrkaq Ministri i Brendsh\u00ebm, Xhelal Sve\u00e7la shtoi se aktivitetet e k\u00ebtyre grupeve jan\u00eb t\u00ebr\u00ebsisht kriminale, cenojn\u00eb r\u00ebnd\u00eb rendin kushtetues dhe p\u00ebrmes shantazheve pengojn\u00eb bashk\u00ebpunimin e qeveris\u00eb me qytetar\u00ebt serb\u00eb n\u00eb Kosov\u00eb.<\/p>\n","protected":false},"excerpt":{"rendered":"<p>N\u00eb mbledhjen e Qeveris\u00eb Kryeministri Albin Kurti ka njoftuar se dy formacione ilegale, \u201cMbrojtja Civile\u201d dhe Brigada e Veriut\u201d, jan\u00eb shpallur organizata terroriste nga ana e institucioneve t\u00eb Kosov\u00ebs. Kurti ka th\u00ebn\u00eb se bazuar n\u00eb vler\u00ebsimet e institucioneve t\u00eb siguris\u00eb t\u00eb Kosov\u00ebs dy formacione ilegale, \u201cMbrojtja Civile\u201d dhe Brigada e Veriut\u201d, paraqesin k\u00ebrc\u00ebnim t\u00eb drejtp\u00ebrdrejt\u00eb [&hellip;]<\/p>\n","protected":false},"author":7,"featured_media":4314,"comment_status":"closed","ping_status":"closed","sticky":false,"template":"","format":"standard","meta":{"footnotes":""},"categories":[9],"tags":[],"class_list":{"0":"post-4313","1":"post","2":"type-post","3":"status-publish","4":"format-standard","5":"has-post-thumbnail","7":"category-vendi"},"_links":{"self":[{"href":"https:\/\/syri.tv\/index.php?rest_route=\/wp\/v2\/posts\/4313","targetHints":{"allow":["GET"]}}],"collection":[{"href":"https:\/\/syri.tv\/index.php?rest_route=\/wp\/v2\/posts"}],"about":[{"href":"https:\/\/syri.tv\/index.php?rest_route=\/wp\/v2\/types\/post"}],"author":[{"embeddable":true,"href":"https:\/\/syri.tv\/index.php?rest_route=\/wp\/v2\/users\/7"}],"replies":[{"embeddable":true,"href":"https:\/\/syri.tv\/index.php?rest_route=%2Fwp%2Fv2%2Fcomments&post=4313"}],"version-history":[{"count":1,"href":"https:\/\/syri.tv\/index.php?rest_route=\/wp\/v2\/posts\/4313\/revisions"}],"predecessor-version":[{"id":4315,"href":"https:\/\/syri.tv\/index.php?rest_route=\/wp\/v2\/posts\/4313\/revisions\/4315"}],"wp:featuredmedia":[{"embeddable":true,"href":"https:\/\/syri.tv\/index.php?rest_route=\/wp\/v2\/media\/4314"}],"wp:attachment":[{"href":"https:\/\/syri.tv\/index.php?rest_route=%2Fwp%2Fv2%2Fmedia&parent=4313"}],"wp:term":[{"taxonomy":"category","embeddable":true,"href":"https:\/\/syri.tv\/index.php?rest_route=%2Fwp%2Fv2%2Fcategories&post=4313"},{"taxonomy":"post_tag","embeddable":true,"href":"https:\/\/syri.tv\/index.php?rest_route=%2Fwp%2Fv2%2Ftags&post=4313"}],"curies":[{"name":"wp","href":"https:\/\/api.w.org\/{rel}","templated":true}]}}