{"id":4265,"date":"2023-06-27T08:26:10","date_gmt":"2023-06-27T08:26:10","guid":{"rendered":"https:\/\/syri.tv\/?p=4265"},"modified":"2023-06-27T08:26:10","modified_gmt":"2023-06-27T08:26:10","slug":"sulmohet-me-granate-dore-objekti-i-komunes-se-mitrovices-se-veriut","status":"publish","type":"post","link":"https:\/\/syri.tv\/?p=4265","title":{"rendered":"Sulmohet me granat\u00eb dore objekti i Komun\u00ebs s\u00eb Mitrovic\u00ebs s\u00eb Veriut"},"content":{"rendered":"<p>Gjat\u00eb nat\u00ebs \u00ebsht\u00eb sulmuar me granat\u00eb dore nd\u00ebrtesa e komun\u00ebs s\u00eb Mitrovic\u00ebs s\u00eb Veriut.<\/p>\n<p>Policia e Kosov\u00ebs ka njoftuar se jan\u00eb shkaktuar disa d\u00ebme materiale n\u00eb dy vetura zyrtare.<\/p>\n<div class=\"mobile-show-more\" data-word-count=\"157\" data-p-count=\"4\">\n<p>\u201cN\u00eb or\u00ebt e vona t\u00eb mbr\u00ebmjes nga person\/a t\u00eb dyshuar \u00ebsht\u00eb sulmuar me mjet\u00eb shp\u00ebrthyes Komuna n\u00eb Veri t\u00eb Mitrovic\u00ebs. Bazuar n\u00eb informatat zyrtare dyshohet se n\u00eb oborrin e objektit komunal n\u00eb Mitrovic\u00eb, af\u00ebr hyrjes s\u00eb objektit \u00ebsht\u00eb hedhur nj\u00eb mjet shp\u00ebrthyes, i cili dyshohet t\u00eb ket\u00eb qen\u00eb granat dore, me \u00e7 \u2018rast ka shkaktuar disa d\u00ebme materiale n\u00eb veturat zyrtare\u201d, thuhet n\u00eb p\u00ebrgjigjen e Policis\u00eb.<\/p>\n<p>B\u00ebhet e ditur se nuk ka d\u00ebme n\u00eb njer\u00ebz, nd\u00ebrkaq rasti \u00ebsht\u00eb iniciuar n\u00eb organet kompetente.<\/p>\n<p>\u201cFatmir\u00ebsisht nuk raportohet p\u00ebr l\u00ebndime n\u00eb njer\u00ebz, p\u00ebrve\u00e7 d\u00ebmeve materiale t\u00eb shkaktuara n\u00eb dy vetura zyrtare t\u00eb policis\u00eb. N\u00eb konsultim me prokurorin kompetent \u00ebsht\u00eb iniciuar rasti, \u2018kryerja e vepr\u00ebs terroriste\u2019. Policia e Kosov\u00ebs, do t\u00eb vazhdoj\u00eb t\u00eb angazhohet n\u00eb ofrim t\u00eb siguris\u00eb dhe parandalim t\u00eb akteve t\u00eb tilla kriminale ndaj zyrtar\u00ebve dhe institucioneve t\u00eb Republik\u00ebs s\u00eb Kosov\u00ebs\u201d, thuhet n\u00eb njoftim<\/p>\n<\/div>\n","protected":false},"excerpt":{"rendered":"<p>Gjat\u00eb nat\u00ebs \u00ebsht\u00eb sulmuar me granat\u00eb dore nd\u00ebrtesa e komun\u00ebs s\u00eb Mitrovic\u00ebs s\u00eb Veriut. Policia e Kosov\u00ebs ka njoftuar se jan\u00eb shkaktuar disa d\u00ebme materiale n\u00eb dy vetura zyrtare. \u201cN\u00eb or\u00ebt e vona t\u00eb mbr\u00ebmjes nga person\/a t\u00eb dyshuar \u00ebsht\u00eb sulmuar me mjet\u00eb shp\u00ebrthyes Komuna n\u00eb Veri t\u00eb Mitrovic\u00ebs. Bazuar n\u00eb informatat zyrtare dyshohet se [&hellip;]<\/p>\n","protected":false},"author":7,"featured_media":4266,"comment_status":"closed","ping_status":"closed","sticky":false,"template":"","format":"standard","meta":{"footnotes":""},"categories":[9],"tags":[],"class_list":{"0":"post-4265","1":"post","2":"type-post","3":"status-publish","4":"format-standard","5":"has-post-thumbnail","7":"category-vendi"},"_links":{"self":[{"href":"https:\/\/syri.tv\/index.php?rest_route=\/wp\/v2\/posts\/4265","targetHints":{"allow":["GET"]}}],"collection":[{"href":"https:\/\/syri.tv\/index.php?rest_route=\/wp\/v2\/posts"}],"about":[{"href":"https:\/\/syri.tv\/index.php?rest_route=\/wp\/v2\/types\/post"}],"author":[{"embeddable":true,"href":"https:\/\/syri.tv\/index.php?rest_route=\/wp\/v2\/users\/7"}],"replies":[{"embeddable":true,"href":"https:\/\/syri.tv\/index.php?rest_route=%2Fwp%2Fv2%2Fcomments&post=4265"}],"version-history":[{"count":2,"href":"https:\/\/syri.tv\/index.php?rest_route=\/wp\/v2\/posts\/4265\/revisions"}],"predecessor-version":[{"id":4268,"href":"https:\/\/syri.tv\/index.php?rest_route=\/wp\/v2\/posts\/4265\/revisions\/4268"}],"wp:featuredmedia":[{"embeddable":true,"href":"https:\/\/syri.tv\/index.php?rest_route=\/wp\/v2\/media\/4266"}],"wp:attachment":[{"href":"https:\/\/syri.tv\/index.php?rest_route=%2Fwp%2Fv2%2Fmedia&parent=4265"}],"wp:term":[{"taxonomy":"category","embeddable":true,"href":"https:\/\/syri.tv\/index.php?rest_route=%2Fwp%2Fv2%2Fcategories&post=4265"},{"taxonomy":"post_tag","embeddable":true,"href":"https:\/\/syri.tv\/index.php?rest_route=%2Fwp%2Fv2%2Ftags&post=4265"}],"curies":[{"name":"wp","href":"https:\/\/api.w.org\/{rel}","templated":true}]}}