{"id":4233,"date":"2023-06-26T13:02:46","date_gmt":"2023-06-26T13:02:46","guid":{"rendered":"https:\/\/syri.tv\/?p=4233"},"modified":"2023-06-26T13:02:46","modified_gmt":"2023-06-26T13:02:46","slug":"flet-burri-qe-humbi-gruan-dhe-djalin-nga-permbytjet-ne-peje-shtepia-u-permbyt-per-30-sekonda-video","status":"publish","type":"post","link":"https:\/\/syri.tv\/?p=4233","title":{"rendered":"Flet burri q\u00eb humbi gruan dhe djalin nga p\u00ebrmbytjet n\u00eb Pej\u00eb: Sht\u00ebpia u p\u00ebrmbyt p\u00ebr 30 sekonda (video)"},"content":{"rendered":"<p><strong>Nj\u00eb grua dhe djali i saj, 5-vje\u00e7ar humb\u00ebn jet\u00ebn t\u00eb shtun\u00ebn si pasoj\u00eb e p\u00ebrmbytjeve n\u00eb Pej\u00eb.<\/strong><\/p>\n<p>Dritan Ademi cili humbi djalin dhe gruan rr\u00ebfeu p\u00ebr Euronews Albania se ka qen\u00eb ora 21:50 kur ai sapo kishte dal\u00eb nga dushi. Nuk kaloi shum\u00eb koh\u00eb kur uji mori para gjith\u00e7ka n\u00eb sht\u00ebpin\u00eb e tyre, si\u00e7 tregoi ai.<\/p>\n<p>\u201cF\u00ebmij\u00ebt i kam kapur n\u00eb dor\u00eb, un\u00eb nj\u00ebrin, babi mori vajz\u00ebn e vog\u00ebl, shoqja kapi djalin q\u00eb tashm\u00eb nuk \u00ebsht\u00eb, s\u2019di t\u00eb ta shpjegoj m\u00eb shum\u00eb, jam munduar t\u2019i shp\u00ebtoj t\u00eb gjith\u00eb, pastaj na zuri dhe korrenti, aty e kam humbur komplet ekuilibrin dhe s\u2019kam ditur as ku jam. P\u00ebr 30 sekonda u mbush gjith\u00eb sht\u00ebpia me uj\u00eb,\u201d \u2013 tregoi ai.<\/p>\n<p>Sipas Dritanit, n\u00ebse nuk do t\u00eb ishte p\u00ebr korrentin mund t\u00eb kishin shp\u00ebtuar t\u00eb gjith\u00eb. Ai vet ka l\u00ebndime bashk\u00eb me djalin e madh. Vajza fatmir\u00ebsisht ka shp\u00ebtuar pa u l\u00ebnduar.<\/p>\n<p>Nd\u00ebrkaq, Dritani tha se p\u00ebr 3 her\u00eb kishte mundur ta shp\u00ebtonte t\u00eb shoqen, por her\u00ebn e fundit kur kishte kthyer kok\u00ebn at\u00eb e kishte marr\u00eb rrjedha dhe u gjet 3 banesa m\u00eb tej e vdekur.<\/p>\n<p>Ai vet p\u00ebr 3 or\u00eb e gjysm\u00eb kishte q\u00ebndruar duke u mbajtur pas nj\u00eb hekuri, gj\u00eb q\u00eb i ka sjell\u00eb jo pak shqet\u00ebsime sh\u00ebndet\u00ebsore.<\/p>\n<p>M\u00eb posht\u00eb mund ta shikoni videon:<\/p>\n<p><a href=\"https:\/\/www.youtube.com\/watch?v=gML3wmCLOnc\">VIDEO K\u00cbTU<\/a><\/p>\n","protected":false},"excerpt":{"rendered":"<p>Nj\u00eb grua dhe djali i saj, 5-vje\u00e7ar humb\u00ebn jet\u00ebn t\u00eb shtun\u00ebn si pasoj\u00eb e p\u00ebrmbytjeve n\u00eb Pej\u00eb. Dritan Ademi cili humbi djalin dhe gruan rr\u00ebfeu p\u00ebr Euronews Albania se ka qen\u00eb ora 21:50 kur ai sapo kishte dal\u00eb nga dushi. Nuk kaloi shum\u00eb koh\u00eb kur uji mori para gjith\u00e7ka n\u00eb sht\u00ebpin\u00eb e tyre, si\u00e7 tregoi [&hellip;]<\/p>\n","protected":false},"author":7,"featured_media":4234,"comment_status":"closed","ping_status":"closed","sticky":false,"template":"","format":"standard","meta":{"footnotes":""},"categories":[9],"tags":[],"class_list":{"0":"post-4233","1":"post","2":"type-post","3":"status-publish","4":"format-standard","5":"has-post-thumbnail","7":"category-vendi"},"_links":{"self":[{"href":"https:\/\/syri.tv\/index.php?rest_route=\/wp\/v2\/posts\/4233","targetHints":{"allow":["GET"]}}],"collection":[{"href":"https:\/\/syri.tv\/index.php?rest_route=\/wp\/v2\/posts"}],"about":[{"href":"https:\/\/syri.tv\/index.php?rest_route=\/wp\/v2\/types\/post"}],"author":[{"embeddable":true,"href":"https:\/\/syri.tv\/index.php?rest_route=\/wp\/v2\/users\/7"}],"replies":[{"embeddable":true,"href":"https:\/\/syri.tv\/index.php?rest_route=%2Fwp%2Fv2%2Fcomments&post=4233"}],"version-history":[{"count":1,"href":"https:\/\/syri.tv\/index.php?rest_route=\/wp\/v2\/posts\/4233\/revisions"}],"predecessor-version":[{"id":4235,"href":"https:\/\/syri.tv\/index.php?rest_route=\/wp\/v2\/posts\/4233\/revisions\/4235"}],"wp:featuredmedia":[{"embeddable":true,"href":"https:\/\/syri.tv\/index.php?rest_route=\/wp\/v2\/media\/4234"}],"wp:attachment":[{"href":"https:\/\/syri.tv\/index.php?rest_route=%2Fwp%2Fv2%2Fmedia&parent=4233"}],"wp:term":[{"taxonomy":"category","embeddable":true,"href":"https:\/\/syri.tv\/index.php?rest_route=%2Fwp%2Fv2%2Fcategories&post=4233"},{"taxonomy":"post_tag","embeddable":true,"href":"https:\/\/syri.tv\/index.php?rest_route=%2Fwp%2Fv2%2Ftags&post=4233"}],"curies":[{"name":"wp","href":"https:\/\/api.w.org\/{rel}","templated":true}]}}