{"id":4124,"date":"2023-06-23T11:35:25","date_gmt":"2023-06-23T11:35:25","guid":{"rendered":"https:\/\/syri.tv\/?p=4124"},"modified":"2023-06-23T11:35:25","modified_gmt":"2023-06-23T11:35:25","slug":"vellai-i-deputetit-bekim-haxhiu-deklarohet-pasi-e-shkarkoi-qeveria-kurti-video","status":"publish","type":"post","link":"https:\/\/syri.tv\/?p=4124","title":{"rendered":"V\u00ebllai i deputetit Bekim Haxhiu deklarohet pasi e shkarkoi Qeveria Kurti (video)"},"content":{"rendered":"<p>Bordi i P\u00ebrkohsh\u00ebm i Drejtor\u00ebve t\u00eb Kompanis\u00eb p\u00ebr Menaxhimin e Deponive t\u00eb Kosov\u00ebs, e kishte shkarkuar para nj\u00eb jave drejtorin Abdullah Haxhiu.<\/p>\n<p>Bordi e kishte arsyetuar vendimin me shkeljet ligjore n\u00eb vazhdimin e mandatit me afat t\u00eb jasht\u00ebligjsh\u00ebm t\u00eb drejtorit Haxhiu, mosp\u00ebrfillje e k\u00ebrkesave dhe vendimeve t\u00eb aksionarit, mos p\u00ebrmbushje t\u00eb detyrave t\u00eb veta, e shkelje n\u00eb rekrutimin e stafit, shkruan \u201cSyri TV\u201d.<\/p>\n<figure id=\"attachment_3894\" aria-describedby=\"caption-attachment-3894\" style=\"width: 535px\" class=\"wp-caption alignnone\"><img loading=\"lazy\" loading=\"lazy\" decoding=\"async\" class=\"wp-image-3894\" src=\"https:\/\/syri.tv\/wp-content\/uploads\/2023\/06\/355432891_988826239133663_1317077364084054762_n-300x224.jpg\" alt=\"V\u00ebllez\u00ebrit luft\u00ebtar\u00eb, Abdullah, Bekim dhe Hajrullah Haxhiu gjat\u00eb luft\u00ebs n\u00eb Kosov\u00eb\" width=\"535\" height=\"400\" srcset=\"https:\/\/syri.tv\/wp-content\/uploads\/2023\/06\/355432891_988826239133663_1317077364084054762_n-300x224.jpg 300w, https:\/\/syri.tv\/wp-content\/uploads\/2023\/06\/355432891_988826239133663_1317077364084054762_n-1024x766.jpg 1024w, https:\/\/syri.tv\/wp-content\/uploads\/2023\/06\/355432891_988826239133663_1317077364084054762_n-768x574.jpg 768w, https:\/\/syri.tv\/wp-content\/uploads\/2023\/06\/355432891_988826239133663_1317077364084054762_n-860x643.jpg 860w, https:\/\/syri.tv\/wp-content\/uploads\/2023\/06\/355432891_988826239133663_1317077364084054762_n.jpg 1284w\" sizes=\"auto, (max-width: 535px) 100vw, 535px\" \/><figcaption id=\"caption-attachment-3894\" class=\"wp-caption-text\">V\u00ebllez\u00ebrit luft\u00ebtar\u00eb, Abdullah, Bekim dhe Hajrullah Haxhiu gjat\u00eb luft\u00ebs n\u00eb Kosov\u00eb<\/figcaption><\/figure>\n<p>Nd\u00ebrkoh\u00eb, v\u00ebllai i tij, Bekim Haxhiu, e kishte konsideruar k\u00ebt\u00eb si nj\u00eb hakmarrje t\u00eb kryeministrit Albin Kurti ndaj opozitarizmit t\u00eb tij.<\/p>\n<p>E tash, n\u00eb nj\u00eb intervist\u00eb t\u00eb dh\u00ebn\u00eb s\u00eb fundmi, pas shkarkimit t\u00eb tij \u00ebsht\u00eb deklaruar edhe vet\u00eb Abdullah Haxhiu.<\/p>\n<p>M\u00eb posht\u00eb mund ta shikoni intervist\u00ebn e tij:<\/p>\n<div style=\"width: 426px;\" class=\"wp-video\"><video class=\"wp-video-shortcode\" id=\"video-4124-1\" width=\"426\" height=\"426\" preload=\"metadata\" controls=\"controls\"><source type=\"video\/mp4\" src=\"https:\/\/syri.tv\/wp-content\/uploads\/2023\/06\/1687519774471_1687519774471.mp4?_=1\" \/><a href=\"https:\/\/syri.tv\/wp-content\/uploads\/2023\/06\/1687519774471_1687519774471.mp4\">https:\/\/syri.tv\/wp-content\/uploads\/2023\/06\/1687519774471_1687519774471.mp4<\/a><\/video><\/div>\n","protected":false},"excerpt":{"rendered":"<p>Bordi i P\u00ebrkohsh\u00ebm i Drejtor\u00ebve t\u00eb Kompanis\u00eb p\u00ebr Menaxhimin e Deponive t\u00eb Kosov\u00ebs, e kishte shkarkuar para nj\u00eb jave drejtorin Abdullah Haxhiu. Bordi e kishte arsyetuar vendimin me shkeljet ligjore n\u00eb vazhdimin e mandatit me afat t\u00eb jasht\u00ebligjsh\u00ebm t\u00eb drejtorit Haxhiu, mosp\u00ebrfillje e k\u00ebrkesave dhe vendimeve t\u00eb aksionarit, mos p\u00ebrmbushje t\u00eb detyrave t\u00eb veta, e [&hellip;]<\/p>\n","protected":false},"author":7,"featured_media":4125,"comment_status":"closed","ping_status":"closed","sticky":false,"template":"","format":"standard","meta":{"footnotes":""},"categories":[9],"tags":[],"class_list":{"0":"post-4124","1":"post","2":"type-post","3":"status-publish","4":"format-standard","5":"has-post-thumbnail","7":"category-vendi"},"_links":{"self":[{"href":"https:\/\/syri.tv\/index.php?rest_route=\/wp\/v2\/posts\/4124","targetHints":{"allow":["GET"]}}],"collection":[{"href":"https:\/\/syri.tv\/index.php?rest_route=\/wp\/v2\/posts"}],"about":[{"href":"https:\/\/syri.tv\/index.php?rest_route=\/wp\/v2\/types\/post"}],"author":[{"embeddable":true,"href":"https:\/\/syri.tv\/index.php?rest_route=\/wp\/v2\/users\/7"}],"replies":[{"embeddable":true,"href":"https:\/\/syri.tv\/index.php?rest_route=%2Fwp%2Fv2%2Fcomments&post=4124"}],"version-history":[{"count":1,"href":"https:\/\/syri.tv\/index.php?rest_route=\/wp\/v2\/posts\/4124\/revisions"}],"predecessor-version":[{"id":4127,"href":"https:\/\/syri.tv\/index.php?rest_route=\/wp\/v2\/posts\/4124\/revisions\/4127"}],"wp:featuredmedia":[{"embeddable":true,"href":"https:\/\/syri.tv\/index.php?rest_route=\/wp\/v2\/media\/4125"}],"wp:attachment":[{"href":"https:\/\/syri.tv\/index.php?rest_route=%2Fwp%2Fv2%2Fmedia&parent=4124"}],"wp:term":[{"taxonomy":"category","embeddable":true,"href":"https:\/\/syri.tv\/index.php?rest_route=%2Fwp%2Fv2%2Fcategories&post=4124"},{"taxonomy":"post_tag","embeddable":true,"href":"https:\/\/syri.tv\/index.php?rest_route=%2Fwp%2Fv2%2Ftags&post=4124"}],"curies":[{"name":"wp","href":"https:\/\/api.w.org\/{rel}","templated":true}]}}