{"id":4117,"date":"2023-06-23T11:00:34","date_gmt":"2023-06-23T11:00:34","guid":{"rendered":"https:\/\/syri.tv\/?p=4117"},"modified":"2023-06-23T11:01:41","modified_gmt":"2023-06-23T11:01:41","slug":"momenti-kur-policia-e-kosoves-arreston-rusin-ne-autolarje-ne-veri-te-mitrovices-video","status":"publish","type":"post","link":"https:\/\/syri.tv\/?p=4117","title":{"rendered":"Momenti kur Policia e Kosov\u00ebs arreston \u201cRusin\u201d n\u00eb autolarje n\u00eb Veri t\u00eb Mitrovic\u00ebs (video)"},"content":{"rendered":"<p>Sipas informacioneve t\u00eb publikuara nga KoSSev, i dyshuari p\u00ebr sulmin ndaj ushtar\u00ebve t\u00eb KFOR-it m\u00eb 29 maj n\u00eb Zve\u00e7an, N.O, \u00ebsht\u00eb arrestuar m\u00ebngjesin e sot\u00ebm n\u00eb vendin e tij t\u00eb pun\u00ebs n\u00eb nj\u00eb autolarje n\u00eb af\u00ebrsi t\u00eb stacionit t\u00eb autobus\u00ebve n\u00eb veri t\u00eb Mitrovic\u00ebs.<\/p>\n<p>N.O i njohur edhe me nofkat \u201cNemac\u201d dhe \u201cRusi\u201d \u00ebsht\u00eb i dyshuar p\u00ebr p\u00ebrfshirje n\u00eb rastin e sulmit dhe rrezikimit t\u00eb personave n\u00ebn mbrojtje nd\u00ebrkomb\u00ebtare.<\/p>\n<p>Nd\u00ebrkoh\u00eb n\u00eb rrjete sociale po qarkullon nj\u00eb video ku shihet momenti i arrestimit t\u00eb N.O nga Policia e Kosov\u00ebs n\u00eb autolarje.<\/p>\n<p>M\u00eb posht\u00eb mund ta shihni videon:<\/p>\n<p>&nbsp;<\/p>\n<figure class=\"wp-block-embed-twitter wp-block-embed is-type-rich is-provider-twitter\">\n<div class=\"wp-block-embed__wrapper\">\n<div class=\"twitter-tweet twitter-tweet-rendered\"><iframe id=\"twitter-widget-0\" class=\"\" title=\"Twitter Tweet\" src=\"https:\/\/platform.twitter.com\/embed\/Tweet.html?creatorScreenName=gazetaexpress&amp;dnt=true&amp;embedId=twitter-widget-0&amp;features=eyJ0ZndfdGltZWxpbmVfbGlzdCI6eyJidWNrZXQiOltdLCJ2ZXJzaW9uIjpudWxsfSwidGZ3X2ZvbGxvd2VyX2NvdW50X3N1bnNldCI6eyJidWNrZXQiOnRydWUsInZlcnNpb24iOm51bGx9LCJ0ZndfdHdlZXRfZWRpdF9iYWNrZW5kIjp7ImJ1Y2tldCI6Im9uIiwidmVyc2lvbiI6bnVsbH0sInRmd19yZWZzcmNfc2Vzc2lvbiI6eyJidWNrZXQiOiJvbiIsInZlcnNpb24iOm51bGx9LCJ0ZndfZm9zbnJfc29mdF9pbnRlcnZlbnRpb25zX2VuYWJsZWQiOnsiYnVja2V0Ijoib24iLCJ2ZXJzaW9uIjpudWxsfSwidGZ3X21peGVkX21lZGlhXzE1ODk3Ijp7ImJ1Y2tldCI6InRyZWF0bWVudCIsInZlcnNpb24iOm51bGx9LCJ0ZndfZXhwZXJpbWVudHNfY29va2llX2V4cGlyYXRpb24iOnsiYnVja2V0IjoxMjA5NjAwLCJ2ZXJzaW9uIjpudWxsfSwidGZ3X3Nob3dfYmlyZHdhdGNoX3Bpdm90c19lbmFibGVkIjp7ImJ1Y2tldCI6Im9uIiwidmVyc2lvbiI6bnVsbH0sInRmd19kdXBsaWNhdGVfc2NyaWJlc190b19zZXR0aW5ncyI6eyJidWNrZXQiOiJvbiIsInZlcnNpb24iOm51bGx9LCJ0ZndfdXNlX3Byb2ZpbGVfaW1hZ2Vfc2hhcGVfZW5hYmxlZCI6eyJidWNrZXQiOiJvbiIsInZlcnNpb24iOm51bGx9LCJ0ZndfdmlkZW9faGxzX2R5bmFtaWNfbWFuaWZlc3RzXzE1MDgyIjp7ImJ1Y2tldCI6InRydWVfYml0cmF0ZSIsInZlcnNpb24iOm51bGx9LCJ0ZndfbGVnYWN5X3RpbWVsaW5lX3N1bnNldCI6eyJidWNrZXQiOnRydWUsInZlcnNpb24iOm51bGx9LCJ0ZndfdHdlZXRfZWRpdF9mcm9udGVuZCI6eyJidWNrZXQiOiJvbiIsInZlcnNpb24iOm51bGx9fQ%3D%3D&amp;frame=false&amp;hideCard=false&amp;hideThread=false&amp;id=1672172224231473154&amp;lang=en&amp;origin=https%3A%2F%2Fwww.gazetaexpress.com%2Fmomenti-kur-policia-e-kosoves-arreston-rusin-ne-autolarje-ne-veri-te-mitrovices%2F&amp;sessionId=414d07f5d83ab21d238d992b901874f689da2a55&amp;siteScreenName=gazetaexpress&amp;theme=light&amp;widgetsVersion=aaf4084522e3a%3A1674595607486&amp;width=500px\" frameborder=\"0\" scrolling=\"no\" allowfullscreen=\"allowfullscreen\" data-tweet-id=\"1672172224231473154\" data-mce-fragment=\"1\"><\/iframe><\/div>\n<\/div>\n<\/figure>\n","protected":false},"excerpt":{"rendered":"<p>Sipas informacioneve t\u00eb publikuara nga KoSSev, i dyshuari p\u00ebr sulmin ndaj ushtar\u00ebve t\u00eb KFOR-it m\u00eb 29 maj n\u00eb Zve\u00e7an, N.O, \u00ebsht\u00eb arrestuar m\u00ebngjesin e sot\u00ebm n\u00eb vendin e tij t\u00eb pun\u00ebs n\u00eb nj\u00eb autolarje n\u00eb af\u00ebrsi t\u00eb stacionit t\u00eb autobus\u00ebve n\u00eb veri t\u00eb Mitrovic\u00ebs. N.O i njohur edhe me nofkat \u201cNemac\u201d dhe \u201cRusi\u201d \u00ebsht\u00eb i [&hellip;]<\/p>\n","protected":false},"author":7,"featured_media":4119,"comment_status":"closed","ping_status":"closed","sticky":false,"template":"","format":"standard","meta":{"footnotes":""},"categories":[9],"tags":[],"class_list":{"0":"post-4117","1":"post","2":"type-post","3":"status-publish","4":"format-standard","5":"has-post-thumbnail","7":"category-vendi"},"_links":{"self":[{"href":"https:\/\/syri.tv\/index.php?rest_route=\/wp\/v2\/posts\/4117","targetHints":{"allow":["GET"]}}],"collection":[{"href":"https:\/\/syri.tv\/index.php?rest_route=\/wp\/v2\/posts"}],"about":[{"href":"https:\/\/syri.tv\/index.php?rest_route=\/wp\/v2\/types\/post"}],"author":[{"embeddable":true,"href":"https:\/\/syri.tv\/index.php?rest_route=\/wp\/v2\/users\/7"}],"replies":[{"embeddable":true,"href":"https:\/\/syri.tv\/index.php?rest_route=%2Fwp%2Fv2%2Fcomments&post=4117"}],"version-history":[{"count":1,"href":"https:\/\/syri.tv\/index.php?rest_route=\/wp\/v2\/posts\/4117\/revisions"}],"predecessor-version":[{"id":4118,"href":"https:\/\/syri.tv\/index.php?rest_route=\/wp\/v2\/posts\/4117\/revisions\/4118"}],"wp:featuredmedia":[{"embeddable":true,"href":"https:\/\/syri.tv\/index.php?rest_route=\/wp\/v2\/media\/4119"}],"wp:attachment":[{"href":"https:\/\/syri.tv\/index.php?rest_route=%2Fwp%2Fv2%2Fmedia&parent=4117"}],"wp:term":[{"taxonomy":"category","embeddable":true,"href":"https:\/\/syri.tv\/index.php?rest_route=%2Fwp%2Fv2%2Fcategories&post=4117"},{"taxonomy":"post_tag","embeddable":true,"href":"https:\/\/syri.tv\/index.php?rest_route=%2Fwp%2Fv2%2Ftags&post=4117"}],"curies":[{"name":"wp","href":"https:\/\/api.w.org\/{rel}","templated":true}]}}