{"id":4102,"date":"2023-06-23T08:11:34","date_gmt":"2023-06-23T08:11:34","guid":{"rendered":"https:\/\/syri.tv\/?p=4102"},"modified":"2023-06-23T08:11:34","modified_gmt":"2023-06-23T08:11:34","slug":"e-dhimbshme-babai-e-kishte-vrare-djalin-e-tij-per-dy-banesa-ne-fushe-kosove","status":"publish","type":"post","link":"https:\/\/syri.tv\/?p=4102","title":{"rendered":"E dhimbshme: Babai e kishte vrar\u00eb djalin e tij p\u00ebr dy banesa n\u00eb Fush\u00eb Kosov\u00eb"},"content":{"rendered":"<p>Ngjarja tragjike q\u00eb ndodhi n\u00eb fshatin Peran t\u00eb Podujev\u00ebs, m\u00eb 13 qershor t\u00eb vitit t\u00eb shkuar, ku mbeti i vdekur Edonit Smajli, (32-vje\u00e7ar) t\u00eb cilin dyshohet se e vrau babai i tij, Naim Smajli, (54-vje\u00e7ar), tronditi vendin. Gjat\u00eb dit\u00ebs s\u00eb djeshme \u00ebsht\u00eb mbajtur shqyrtimi gjyq\u00ebsor n\u00eb Gjykat\u00ebn Themelore n\u00eb Prishtin\u00eb, ku ka dh\u00ebn\u00eb d\u00ebshmin\u00eb e tij Shefqet Smajli, djali i axh\u00ebs s\u00eb Naim Smajlit.<\/p>\n<p>Sipas d\u00ebshmis\u00eb s\u00eb Shefqetit, i akuzuari Naimi, ka vrar\u00eb djalin e tij Edonitin, shkaku i problemeve me dy banesa n\u00eb Fush\u00eb Kosov\u00eb.<\/p>\n<p>D\u00ebshmitari ka th\u00ebn\u00eb se nj\u00eb jav\u00eb para dit\u00ebs kritike i akuzuari Naim Smajli ishte paraqitur n\u00eb Polici sikurse edhe i ndjeri Edoniti, p\u00ebr shkak se kishin pasur probleme pron\u00ebsore. Sipas tij, Policia i kishte k\u00ebshilluar t\u00eb p\u00ebrmbaheshin nga veprimet e d\u00ebmshme.<\/p>\n<p>Madje, Shefqet Smajli ka th\u00ebn\u00eb se me t\u00eb akuzuarin kishte pasur probleme pron\u00ebsore, kishte pasur nj\u00eb proces gjyq\u00ebsor civil por se i akuzuari nuk ishte paraqitur asnj\u00ebher\u00eb n\u00eb gjykat\u00eb.<\/p>\n<p>D\u00ebshmitari ka treguar se n\u00eb dit\u00ebn kritike ishte telefonuar nga gruaja pasi kishte d\u00ebgjuar t\u00eb sht\u00ebna n\u00eb vendin ku i ndjeri po prente bari me traktor.<\/p>\n<p>Shefqet Smajli tha se n\u00eb vendin e ngjarjes kishte par\u00eb g\u00ebzhoja t\u00eb kallashit dhe se i ndjeri Edoniti ishte i shtrir\u00eb p\u00ebr tok\u00eb af\u00ebr traktorit.<\/p>\n<p>D\u00ebshmitari ka th\u00ebn\u00eb se nuk e mban\u00eb n\u00eb mend se kur i kan\u00eb pasur raporte t\u00eb mira me t\u00eb akuzuarin Naim Smajlin.<\/p>\n<p>Po ashtu d\u00ebshmitari Smajli sqaroi se i akuzuari Naim Smajli nuk i ka raportet e mira as edhe me fqinj\u00ebt dhe familjar\u00ebt e tjer\u00eb kryesisht p\u00ebr shkaqe pron\u00ebsore.<\/p>\n<div class=\"adds__image mt-3 mb-3\"><ins id=\"revive-0-2\" data-revive-zoneid=\"20\" data-revive-id=\"c2fed3e4361f158a5f99e0aa345b1985\" data-revive-seq=\"2\" data-revive-loaded=\"1\"><\/ins>Pasi dha d\u00ebshmin\u00eb tij kryetarja e trupit gjykues gjykat\u00ebsja Allt\u00ebn Murseli pyeti pal\u00ebt p\u00ebr propozime t\u00eb reja p\u00ebr d\u00ebgjimin e d\u00ebshmitar\u00ebve ku prokurorja Limani tha se nuk ka propozime t\u00eb reja nd\u00ebrkaq avokat Aslani propozoi d\u00ebshmitar\u00ebt Gzim Gashin, Shukrije Smajlin, ekspertin mjeko-ligjor dhe ekspertin e psikiatris\u00eb forenzike.<\/div>\n<p>Mir\u00ebpo trupi gjykues refuzoi propozimin e avokatit Asllani p\u00ebr d\u00ebgjimin e d\u00ebshmitar\u00ebve Gashi dhe Smajli pasi q\u00eb nuk kane qen\u00eb d\u00ebshmitar\u00eb okular\u00eb n\u00eb dit\u00ebn kritike, si dhe u refuzua d\u00ebgjimi i ekspertit mjeko-ligjore pasi q\u00eb ekspertiza \u00ebsht\u00eb e kuptueshme.<\/p>\n<p>Nd\u00ebrkaq u aprovua propozimi p\u00ebr d\u00ebgjimin e ekspert\u00ebve t\u00eb psikiatris\u00eb-forenzike, raporton \u201cBetimi p\u00ebr Drejt\u00ebsi\u201d.<\/p>\n<p>Seanca e radh\u00ebs p\u00ebr k\u00ebt\u00eb \u00e7\u00ebshtje u caktua me 26 korrik t\u00eb k\u00ebtij vitit ku pritet t\u00eb d\u00ebgjohen eksperti i psikiatris\u00eb forenzike me emrin si n\u00eb shkresat e l\u00ebnd\u00ebs.<\/p>\n<p>Naim Smajli po akuzohet nga Prokuroria Themelore p\u00ebr vepr\u00ebn penale \u201cVrasje e r\u00ebnd\u00eb\u201d ndaj Edonit Smajli, ku i ndjeri ishte djal\u00eb i t\u00eb akuzuarit si dhe p\u00ebr vepr\u00ebn penale \u201cMbajte n\u00eb pron\u00ebsi, kontroll ose posedim t\u00eb paautorizuar t\u00eb arm\u00ebve\u201d<\/p>\n","protected":false},"excerpt":{"rendered":"<p>Ngjarja tragjike q\u00eb ndodhi n\u00eb fshatin Peran t\u00eb Podujev\u00ebs, m\u00eb 13 qershor t\u00eb vitit t\u00eb shkuar, ku mbeti i vdekur Edonit Smajli, (32-vje\u00e7ar) t\u00eb cilin dyshohet se e vrau babai i tij, Naim Smajli, (54-vje\u00e7ar), tronditi vendin. Gjat\u00eb dit\u00ebs s\u00eb djeshme \u00ebsht\u00eb mbajtur shqyrtimi gjyq\u00ebsor n\u00eb Gjykat\u00ebn Themelore n\u00eb Prishtin\u00eb, ku ka dh\u00ebn\u00eb d\u00ebshmin\u00eb e [&hellip;]<\/p>\n","protected":false},"author":7,"featured_media":4103,"comment_status":"closed","ping_status":"closed","sticky":false,"template":"","format":"standard","meta":{"footnotes":""},"categories":[9],"tags":[],"class_list":{"0":"post-4102","1":"post","2":"type-post","3":"status-publish","4":"format-standard","5":"has-post-thumbnail","7":"category-vendi"},"_links":{"self":[{"href":"https:\/\/syri.tv\/index.php?rest_route=\/wp\/v2\/posts\/4102","targetHints":{"allow":["GET"]}}],"collection":[{"href":"https:\/\/syri.tv\/index.php?rest_route=\/wp\/v2\/posts"}],"about":[{"href":"https:\/\/syri.tv\/index.php?rest_route=\/wp\/v2\/types\/post"}],"author":[{"embeddable":true,"href":"https:\/\/syri.tv\/index.php?rest_route=\/wp\/v2\/users\/7"}],"replies":[{"embeddable":true,"href":"https:\/\/syri.tv\/index.php?rest_route=%2Fwp%2Fv2%2Fcomments&post=4102"}],"version-history":[{"count":1,"href":"https:\/\/syri.tv\/index.php?rest_route=\/wp\/v2\/posts\/4102\/revisions"}],"predecessor-version":[{"id":4104,"href":"https:\/\/syri.tv\/index.php?rest_route=\/wp\/v2\/posts\/4102\/revisions\/4104"}],"wp:featuredmedia":[{"embeddable":true,"href":"https:\/\/syri.tv\/index.php?rest_route=\/wp\/v2\/media\/4103"}],"wp:attachment":[{"href":"https:\/\/syri.tv\/index.php?rest_route=%2Fwp%2Fv2%2Fmedia&parent=4102"}],"wp:term":[{"taxonomy":"category","embeddable":true,"href":"https:\/\/syri.tv\/index.php?rest_route=%2Fwp%2Fv2%2Fcategories&post=4102"},{"taxonomy":"post_tag","embeddable":true,"href":"https:\/\/syri.tv\/index.php?rest_route=%2Fwp%2Fv2%2Ftags&post=4102"}],"curies":[{"name":"wp","href":"https:\/\/api.w.org\/{rel}","templated":true}]}}