{"id":4061,"date":"2023-06-22T20:38:06","date_gmt":"2023-06-22T20:38:06","guid":{"rendered":"https:\/\/syri.tv\/?p=4061"},"modified":"2023-06-22T20:38:06","modified_gmt":"2023-06-22T20:38:06","slug":"pas-enrique-iglesias-dhe-ricky-martin-nje-tjeter-emer-i-famshem-i-muzikes-do-te-vije-ne-shqiperi-kete-vere","status":"publish","type":"post","link":"https:\/\/syri.tv\/?p=4061","title":{"rendered":"Pas Enrique Iglesias dhe Ricky Martin, nj\u00eb tjet\u00ebr em\u00ebr i famsh\u00ebm i muzik\u00ebs do t\u00eb vij\u00eb n\u00eb Shqip\u00ebri k\u00ebt\u00eb ver\u00eb"},"content":{"rendered":"<p>Duket se edhe nj\u00eb em\u00ebr tjet\u00ebr do t\u00eb mbaj\u00eb koncert n\u00eb Shqip\u00ebri dhe ai do t\u00eb jet\u00eb DJ dhe producenti i njohur, Martin Garrix.<\/p>\n<p><img loading=\"lazy\" loading=\"lazy\" decoding=\"async\" class=\"alignnone wp-image-4063\" src=\"https:\/\/syri.tv\/wp-content\/uploads\/2023\/06\/martin-Garrix-300x157.jpg\" alt=\"\" width=\"956\" height=\"500\" srcset=\"https:\/\/syri.tv\/wp-content\/uploads\/2023\/06\/martin-Garrix-300x157.jpg 300w, https:\/\/syri.tv\/wp-content\/uploads\/2023\/06\/martin-Garrix-768x402.jpg 768w, https:\/\/syri.tv\/wp-content\/uploads\/2023\/06\/martin-Garrix-860x450.jpg 860w, https:\/\/syri.tv\/wp-content\/uploads\/2023\/06\/martin-Garrix.jpg 1000w\" sizes=\"auto, (max-width: 956px) 100vw, 956px\" \/><\/p>\n<p class=\"p1\"><span class=\"s1\">Lajmin e ka zbuluar gazetarja Iva Tico sot n\u00eb nj\u00eb intervist\u00eb,<span class=\"Apple-converted-space\">\u00a0\u00a0<\/span>teksa ka dh\u00ebn\u00eb k\u00ebto detaje:\u00a0<\/span><\/p>\n<p class=\"p1\"><span class=\"s1\">\u201c\u00cbsht\u00eb n\u00eb Gusht(eventi), n\u00eb mes t\u00eb Gushtit, n\u00eb 19 Gusht, \u00ebsht\u00eb DJ Martin Garrix q\u00eb \u00ebsht\u00eb nj\u00eb nga DJ m\u00eb t\u00eb famsh\u00ebm dhe t\u00eb paguar n\u00eb bot\u00eb. Por kemi nj\u00eb detaj q\u00eb nuk \u00ebsht\u00eb p\u00ebrcaktuar prandaj nuk kan\u00eb dal\u00eb biletat n\u00eb shitje, vendi i koncertit sepse jan\u00eb n\u00eb bisedime ndoshta p\u00ebr ta spostuar diku pran\u00eb bregdetit sepse do ket\u00eb dhe shum\u00eb t\u00eb rinj dhe jasht\u00ebzakonisht shum\u00eb turist\u00eb q\u00eb mezi po presin. \u00cbsht\u00eb nj\u00eb DJ q\u00eb ka b\u00ebr\u00eb muzik\u00eb me Dua Lip\u00ebn, \u00ebsht\u00eb jasht\u00ebzakonisht i njohur.\u201d<\/span><\/p>\n","protected":false},"excerpt":{"rendered":"<p>Duket se edhe nj\u00eb em\u00ebr tjet\u00ebr do t\u00eb mbaj\u00eb koncert n\u00eb Shqip\u00ebri dhe ai do t\u00eb jet\u00eb DJ dhe producenti i njohur, Martin Garrix. Lajmin e ka zbuluar gazetarja Iva Tico sot n\u00eb nj\u00eb intervist\u00eb,\u00a0\u00a0teksa ka dh\u00ebn\u00eb k\u00ebto detaje:\u00a0 \u201c\u00cbsht\u00eb n\u00eb Gusht(eventi), n\u00eb mes t\u00eb Gushtit, n\u00eb 19 Gusht, \u00ebsht\u00eb DJ Martin Garrix q\u00eb \u00ebsht\u00eb [&hellip;]<\/p>\n","protected":false},"author":7,"featured_media":4062,"comment_status":"closed","ping_status":"closed","sticky":false,"template":"","format":"standard","meta":{"footnotes":""},"categories":[108,109],"tags":[],"class_list":{"0":"post-4061","1":"post","2":"type-post","3":"status-publish","4":"format-standard","5":"has-post-thumbnail","7":"category-kulture-2","8":"category-showbiz"},"_links":{"self":[{"href":"https:\/\/syri.tv\/index.php?rest_route=\/wp\/v2\/posts\/4061","targetHints":{"allow":["GET"]}}],"collection":[{"href":"https:\/\/syri.tv\/index.php?rest_route=\/wp\/v2\/posts"}],"about":[{"href":"https:\/\/syri.tv\/index.php?rest_route=\/wp\/v2\/types\/post"}],"author":[{"embeddable":true,"href":"https:\/\/syri.tv\/index.php?rest_route=\/wp\/v2\/users\/7"}],"replies":[{"embeddable":true,"href":"https:\/\/syri.tv\/index.php?rest_route=%2Fwp%2Fv2%2Fcomments&post=4061"}],"version-history":[{"count":1,"href":"https:\/\/syri.tv\/index.php?rest_route=\/wp\/v2\/posts\/4061\/revisions"}],"predecessor-version":[{"id":4064,"href":"https:\/\/syri.tv\/index.php?rest_route=\/wp\/v2\/posts\/4061\/revisions\/4064"}],"wp:featuredmedia":[{"embeddable":true,"href":"https:\/\/syri.tv\/index.php?rest_route=\/wp\/v2\/media\/4062"}],"wp:attachment":[{"href":"https:\/\/syri.tv\/index.php?rest_route=%2Fwp%2Fv2%2Fmedia&parent=4061"}],"wp:term":[{"taxonomy":"category","embeddable":true,"href":"https:\/\/syri.tv\/index.php?rest_route=%2Fwp%2Fv2%2Fcategories&post=4061"},{"taxonomy":"post_tag","embeddable":true,"href":"https:\/\/syri.tv\/index.php?rest_route=%2Fwp%2Fv2%2Ftags&post=4061"}],"curies":[{"name":"wp","href":"https:\/\/api.w.org\/{rel}","templated":true}]}}