{"id":4009,"date":"2023-06-22T09:56:01","date_gmt":"2023-06-22T09:56:01","guid":{"rendered":"https:\/\/syri.tv\/?p=4009"},"modified":"2023-06-22T09:56:01","modified_gmt":"2023-06-22T09:56:01","slug":"nje-grua-eshte-gjendur-e-vdekur-ne-liqenin-akumulues-ne-mitrovice","status":"publish","type":"post","link":"https:\/\/syri.tv\/?p=4009","title":{"rendered":"Nj\u00eb grua \u00ebsht\u00eb gjendur e vdekur n\u00eb liqenin akumulues n\u00eb Mitrovic\u00eb"},"content":{"rendered":"<p class=\"x9f619 xjbqb8w x78zum5 x168nmei x13lgxp2 x5pf9jr xo71vjh xw3qccf x1n2onr6 x1plvlek xryxfnj x1c4vz4f x2lah0s xdt5ytf xqjyukv x1qjc9v5 x1oa3qoh x1nhvcw1\">Rastin e ka konfirmuar edhe z\u00ebdh\u00ebn\u00ebsi i Policis\u00eb s\u00eb Kosov\u00ebs p\u00ebr rajonin e Mitrovic\u00ebs, Avni Zahiti.<\/p>\n<div class=\"_a9zs\">\n<p class=\"_aacl _aaco _aacu _aacx _aad7 _aade\" dir=\"auto\">Gruaja e vdekur \u00ebsht\u00eb e mosh\u00ebs rreth 56 vje\u00e7are.<\/p>\n<p>\u201cSot rreth or\u00ebs 07:30 Policia ka pranuar informat\u00ebn, se n\u00eb zon\u00ebn e liqenit akumulues t\u00eb lumit Ib\u00ebr, \u00ebsht\u00eb gjetur trupi i pa jet\u00eb i viktim\u00ebs fem\u00ebr rreth 56 vje\u00e7are. Me urdh\u00ebr t\u00eb prokurorit trupi i pa jet\u00eb d\u00ebrgohet n\u00eb IML, p\u00ebr obduksion.\u201d \u2013 ka th\u00ebn\u00eb Zahiti.<\/p>\n<p>Sipas raportimeve e vdekura \u00ebsht\u00eb Ajshe Nebihu Prekazi.<\/p>\n<p>E ndjera ishte n\u00ebn\u00eb e kat\u00ebr vajzave, gjersa burri i ka nd\u00ebrruar jet\u00eb koh\u00eb m\u00eb par\u00eb.<\/p>\n<p dir=\"auto\"><img loading=\"lazy\" loading=\"lazy\" decoding=\"async\" class=\"alignnone wp-image-4011\" src=\"https:\/\/syri.tv\/wp-content\/uploads\/2023\/06\/liqeni-300x169.jpg\" alt=\"\" width=\"710\" height=\"400\" srcset=\"https:\/\/syri.tv\/wp-content\/uploads\/2023\/06\/liqeni-300x169.jpg 300w, https:\/\/syri.tv\/wp-content\/uploads\/2023\/06\/liqeni.jpg 680w\" sizes=\"auto, (max-width: 710px) 100vw, 710px\" \/><\/p>\n<\/div>\n","protected":false},"excerpt":{"rendered":"<p>Rastin e ka konfirmuar edhe z\u00ebdh\u00ebn\u00ebsi i Policis\u00eb s\u00eb Kosov\u00ebs p\u00ebr rajonin e Mitrovic\u00ebs, Avni Zahiti. Gruaja e vdekur \u00ebsht\u00eb e mosh\u00ebs rreth 56 vje\u00e7are. \u201cSot rreth or\u00ebs 07:30 Policia ka pranuar informat\u00ebn, se n\u00eb zon\u00ebn e liqenit akumulues t\u00eb lumit Ib\u00ebr, \u00ebsht\u00eb gjetur trupi i pa jet\u00eb i viktim\u00ebs fem\u00ebr rreth 56 vje\u00e7are. Me [&hellip;]<\/p>\n","protected":false},"author":7,"featured_media":4010,"comment_status":"closed","ping_status":"closed","sticky":false,"template":"","format":"standard","meta":{"footnotes":""},"categories":[9],"tags":[],"class_list":{"0":"post-4009","1":"post","2":"type-post","3":"status-publish","4":"format-standard","5":"has-post-thumbnail","7":"category-vendi"},"_links":{"self":[{"href":"https:\/\/syri.tv\/index.php?rest_route=\/wp\/v2\/posts\/4009","targetHints":{"allow":["GET"]}}],"collection":[{"href":"https:\/\/syri.tv\/index.php?rest_route=\/wp\/v2\/posts"}],"about":[{"href":"https:\/\/syri.tv\/index.php?rest_route=\/wp\/v2\/types\/post"}],"author":[{"embeddable":true,"href":"https:\/\/syri.tv\/index.php?rest_route=\/wp\/v2\/users\/7"}],"replies":[{"embeddable":true,"href":"https:\/\/syri.tv\/index.php?rest_route=%2Fwp%2Fv2%2Fcomments&post=4009"}],"version-history":[{"count":2,"href":"https:\/\/syri.tv\/index.php?rest_route=\/wp\/v2\/posts\/4009\/revisions"}],"predecessor-version":[{"id":4013,"href":"https:\/\/syri.tv\/index.php?rest_route=\/wp\/v2\/posts\/4009\/revisions\/4013"}],"wp:featuredmedia":[{"embeddable":true,"href":"https:\/\/syri.tv\/index.php?rest_route=\/wp\/v2\/media\/4010"}],"wp:attachment":[{"href":"https:\/\/syri.tv\/index.php?rest_route=%2Fwp%2Fv2%2Fmedia&parent=4009"}],"wp:term":[{"taxonomy":"category","embeddable":true,"href":"https:\/\/syri.tv\/index.php?rest_route=%2Fwp%2Fv2%2Fcategories&post=4009"},{"taxonomy":"post_tag","embeddable":true,"href":"https:\/\/syri.tv\/index.php?rest_route=%2Fwp%2Fv2%2Ftags&post=4009"}],"curies":[{"name":"wp","href":"https:\/\/api.w.org\/{rel}","templated":true}]}}