{"id":3980,"date":"2023-06-21T17:09:24","date_gmt":"2023-06-21T17:09:24","guid":{"rendered":"https:\/\/syri.tv\/?p=3980"},"modified":"2023-06-21T17:09:24","modified_gmt":"2023-06-21T17:09:24","slug":"skandali-safet-gjici-flet-vajza-e-videos-jam-e-pambrojtur-ndihem-e-braktisur-nga-shteti","status":"publish","type":"post","link":"https:\/\/syri.tv\/?p=3980","title":{"rendered":"Skandali Safet Gjici \u2013 Flet vajza e videos: Jam e pambrojtur, ndihem e braktisur nga shteti"},"content":{"rendered":"<p>Vajza, e cila u shfaq n\u00eb videoskandalin e kryebashkiakut t\u00eb Kuk\u00ebsit, Safet Gjici, ka folur p\u00ebr CNA. Ajo tha se tashm\u00eb situata p\u00ebr t\u00eb ishte mjaft e r\u00ebnd\u00eb dhe ndihej e traumatizuar edhe p\u00ebr faktin se shteti e kishte braktisur dhe ajo ishte l\u00ebn\u00eb pa mbrojtje.<br \/>\nSipas Alm\u00ebs, ajo kishte shkuar n\u00eb zyr\u00eb p\u00ebr t\u00eb k\u00ebrkuar ndihm\u00eb, por si\u00e7 ndodh r\u00ebndom n\u00eb institucionet shqiptare, shumica e zyrtar\u00ebve nuk t\u00eb ndihmojn\u00eb dhe nuk t\u00eb b\u00ebjn\u00eb pun\u00eb pa t\u00eb \u00e7uar m\u00eb par\u00eb n\u00eb shtrat. Sipas Alm\u00ebs, publikimi i videos i ka sjell\u00eb shum\u00eb pasoja.<\/p>\n<p>Ajo ndihet e traumatizuar dhe ngre nj\u00eb apel p\u00ebr shtetin, i cili n\u00eb fakt e kishte braktisur dhe e kishte l\u00ebn\u00eb pa mbrojtje dhe ishte e rrezikuar.<br \/>\nNga ana tjet\u00ebr, Alma tha p\u00ebr CNA.al se shqet\u00ebsim t\u00eb madh kishte djalin e saj 12 vje\u00e7, i cili bullizohej nga njer\u00ebzit e tjer\u00eb dhe ai \u00ebsht\u00eb nj\u00eb f\u00ebmij\u00eb q\u00eb nuk di asgj\u00eb dhe nuk kupton, thjesht dhe vet\u00ebm vuan pasojat e atij video-skandali.<\/p>\n<p>&#171;Jam v\u00ebrtet\u00eb e traumatizuar. Pasojat jan\u00eb shum\u00eb t\u00eb m\u00ebdha. F\u00ebmija im po bullizohet, nd\u00ebrsa un\u00eb vet\u00eb jam e pambrojtur, e rrezikuar dhe e braktisur totalisht nga shteti. Kam folur para SPAK-ut, kam dh\u00ebn\u00eb d\u00ebshmin\u00eb time dhe tani \u00ebsht\u00eb organi i akuz\u00ebs q\u00eb po b\u00ebn verifikimet dhe procedurat e tij ligjore. Un\u00eb nuk mund t\u00eb flas dhe nuk mund t\u00eb shprehem m\u00eb shum\u00eb sesa kaq. Apeli im \u00ebsht\u00eb nj\u00eb dhe i vet\u00ebm: jam e braktisur, e pambrojtur nga shteti, f\u00ebmija im po bullizohet dhe un\u00eb jam e rrezikuar.\u201d<\/p>\n","protected":false},"excerpt":{"rendered":"<p>Vajza, e cila u shfaq n\u00eb videoskandalin e kryebashkiakut t\u00eb Kuk\u00ebsit, Safet Gjici, ka folur p\u00ebr CNA. Ajo tha se tashm\u00eb situata p\u00ebr t\u00eb ishte mjaft e r\u00ebnd\u00eb dhe ndihej e traumatizuar edhe p\u00ebr faktin se shteti e kishte braktisur dhe ajo ishte l\u00ebn\u00eb pa mbrojtje. Sipas Alm\u00ebs, ajo kishte shkuar n\u00eb zyr\u00eb p\u00ebr t\u00eb [&hellip;]<\/p>\n","protected":false},"author":7,"featured_media":3981,"comment_status":"closed","ping_status":"closed","sticky":false,"template":"","format":"standard","meta":{"footnotes":""},"categories":[9],"tags":[],"class_list":{"0":"post-3980","1":"post","2":"type-post","3":"status-publish","4":"format-standard","5":"has-post-thumbnail","7":"category-vendi"},"_links":{"self":[{"href":"https:\/\/syri.tv\/index.php?rest_route=\/wp\/v2\/posts\/3980","targetHints":{"allow":["GET"]}}],"collection":[{"href":"https:\/\/syri.tv\/index.php?rest_route=\/wp\/v2\/posts"}],"about":[{"href":"https:\/\/syri.tv\/index.php?rest_route=\/wp\/v2\/types\/post"}],"author":[{"embeddable":true,"href":"https:\/\/syri.tv\/index.php?rest_route=\/wp\/v2\/users\/7"}],"replies":[{"embeddable":true,"href":"https:\/\/syri.tv\/index.php?rest_route=%2Fwp%2Fv2%2Fcomments&post=3980"}],"version-history":[{"count":1,"href":"https:\/\/syri.tv\/index.php?rest_route=\/wp\/v2\/posts\/3980\/revisions"}],"predecessor-version":[{"id":3982,"href":"https:\/\/syri.tv\/index.php?rest_route=\/wp\/v2\/posts\/3980\/revisions\/3982"}],"wp:featuredmedia":[{"embeddable":true,"href":"https:\/\/syri.tv\/index.php?rest_route=\/wp\/v2\/media\/3981"}],"wp:attachment":[{"href":"https:\/\/syri.tv\/index.php?rest_route=%2Fwp%2Fv2%2Fmedia&parent=3980"}],"wp:term":[{"taxonomy":"category","embeddable":true,"href":"https:\/\/syri.tv\/index.php?rest_route=%2Fwp%2Fv2%2Fcategories&post=3980"},{"taxonomy":"post_tag","embeddable":true,"href":"https:\/\/syri.tv\/index.php?rest_route=%2Fwp%2Fv2%2Ftags&post=3980"}],"curies":[{"name":"wp","href":"https:\/\/api.w.org\/{rel}","templated":true}]}}