{"id":3947,"date":"2023-06-21T15:32:51","date_gmt":"2023-06-21T15:32:51","guid":{"rendered":"https:\/\/syri.tv\/?p=3947"},"modified":"2023-06-21T15:38:09","modified_gmt":"2023-06-21T15:38:09","slug":"kryeministri-albin-kurti-iu-eshte-adresuar-komunitetit-serb-ne-kosove-permes-nje-video","status":"publish","type":"post","link":"https:\/\/syri.tv\/?p=3947","title":{"rendered":"Kryeministri Albin Kurti iu \u00ebsht\u00eb adresuar komunitetit serb n\u00eb Kosov\u00eb, p\u00ebrmes nj\u00eb video"},"content":{"rendered":"<p>P\u00ebrmes nj\u00eb video mesazhit Kurti \u00ebsht\u00eb shprehur se duhet ecur se bashku drejt nj\u00eb t\u00eb ardhmeje m\u00eb t\u00eb mire.<\/p>\n<p>\u2018\u2019E kam theksuar vazhdimisht se ky vend \u00ebsht\u00eb i p\u00ebrbashk\u00ebt i yni \u2013 ai q\u00eb na p\u00ebrqafon dhe na mbron, dhe p\u00ebr t\u00eb mir\u00ebn jemi t\u00eb detyruar t\u00eb luftojm\u00eb. Le t\u00eb ecim drejt nj\u00eb t\u00eb ardhmeje m\u00eb t\u00eb mir\u00eb s\u00eb bashku, duke nd\u00ebrtuar ura t\u00eb forta, p\u00ebr at\u00eb q\u00eb duam p\u00ebr veten dhe familjet tona. Sht\u00ebpia \u00ebsht\u00eb aty ku \u00ebsht\u00eb sht\u00ebpia dhe vendi yn\u00eb \u00ebsht\u00eb sht\u00ebpia e t\u00eb gjith\u00ebve ne\u2019\u2019, ka th\u00ebn\u00eb Kurti.<\/p>\n<p>M\u00eb tutje Kurti thot\u00eb se tashm\u00eb presidenti i Serbis\u00eb \u00ebsht\u00eb penduar q\u00eb i ka th\u00ebn\u00eb Po marr\u00ebveshjes e q\u00eb do t\u00eb thot\u00eb njohje de facto e Republik\u00ebs s\u00eb Kosov\u00ebs.<\/p>\n<p>\u2018\u2019Nga ana tjet\u00ebr, ne kemi nevoj\u00eb p\u00ebr takime n\u00eb Bruksel p\u00ebr zbatimin urgjent, t\u00eb plot\u00eb dhe t\u00eb pakusht\u00ebzuar t\u00eb marr\u00ebveshjes baz\u00eb nga Brukseli, pjes\u00eb p\u00ebrb\u00ebr\u00ebse e s\u00eb cil\u00ebs \u00ebsht\u00eb Aneksi i Ohrit. E kam t\u00eb qart\u00eb tani q\u00eb presidenti i Serbis\u00eb i ka th\u00ebn\u00eb PO marr\u00ebveshjes p\u00ebr t\u00eb mos e n\u00ebnshkruar dhe tani ankohet dhe pendohet duke th\u00ebn\u00eb PO, p\u00ebr pranimin e asaj marr\u00ebveshjeje, q\u00eb do t\u00eb thot\u00eb njohje de facto e Republik\u00ebs s\u00eb Kosov\u00ebs\u2019\u2019, ka shtuar m\u00eb tutje Kurti.<\/p>\n<p>Sulmi dhe kidnapimi i polic\u00ebve, gjuajtja ndaj ushtar\u00ebve t\u00eb KFOR-it, sulmet e dhunshme ndaj gazetar\u00ebve nuk do t\u00eb tolerohen Nj\u00eb shoq\u00ebri demokratike dhe liberale nuk e toleron kultur\u00ebn e dhunuesve, \u00ebsht\u00eb shprehur po ashtu Kurti<strong>.<\/strong><br \/>\n<iframe loading=\"lazy\" src=\"https:\/\/www.facebook.com\/plugins\/video.php?height=314&amp;href=https%3A%2F%2Fwww.facebook.com%2FGOVRKS%2Fvideos%2F779767817155157%2F&amp;show_text=false&amp;width=560&amp;t=0\" width=\"560\" height=\"314\" frameborder=\"0\" scrolling=\"no\" allowfullscreen=\"allowfullscreen\" data-mce-fragment=\"1\"><\/iframe><\/p>\n","protected":false},"excerpt":{"rendered":"<p>P\u00ebrmes nj\u00eb video mesazhit Kurti \u00ebsht\u00eb shprehur se duhet ecur se bashku drejt nj\u00eb t\u00eb ardhmeje m\u00eb t\u00eb mire. \u2018\u2019E kam theksuar vazhdimisht se ky vend \u00ebsht\u00eb i p\u00ebrbashk\u00ebt i yni \u2013 ai q\u00eb na p\u00ebrqafon dhe na mbron, dhe p\u00ebr t\u00eb mir\u00ebn jemi t\u00eb detyruar t\u00eb luftojm\u00eb. Le t\u00eb ecim drejt nj\u00eb t\u00eb ardhmeje [&hellip;]<\/p>\n","protected":false},"author":7,"featured_media":3949,"comment_status":"closed","ping_status":"closed","sticky":false,"template":"","format":"standard","meta":{"footnotes":""},"categories":[9],"tags":[],"class_list":{"0":"post-3947","1":"post","2":"type-post","3":"status-publish","4":"format-standard","5":"has-post-thumbnail","7":"category-vendi"},"_links":{"self":[{"href":"https:\/\/syri.tv\/index.php?rest_route=\/wp\/v2\/posts\/3947","targetHints":{"allow":["GET"]}}],"collection":[{"href":"https:\/\/syri.tv\/index.php?rest_route=\/wp\/v2\/posts"}],"about":[{"href":"https:\/\/syri.tv\/index.php?rest_route=\/wp\/v2\/types\/post"}],"author":[{"embeddable":true,"href":"https:\/\/syri.tv\/index.php?rest_route=\/wp\/v2\/users\/7"}],"replies":[{"embeddable":true,"href":"https:\/\/syri.tv\/index.php?rest_route=%2Fwp%2Fv2%2Fcomments&post=3947"}],"version-history":[{"count":2,"href":"https:\/\/syri.tv\/index.php?rest_route=\/wp\/v2\/posts\/3947\/revisions"}],"predecessor-version":[{"id":3950,"href":"https:\/\/syri.tv\/index.php?rest_route=\/wp\/v2\/posts\/3947\/revisions\/3950"}],"wp:featuredmedia":[{"embeddable":true,"href":"https:\/\/syri.tv\/index.php?rest_route=\/wp\/v2\/media\/3949"}],"wp:attachment":[{"href":"https:\/\/syri.tv\/index.php?rest_route=%2Fwp%2Fv2%2Fmedia&parent=3947"}],"wp:term":[{"taxonomy":"category","embeddable":true,"href":"https:\/\/syri.tv\/index.php?rest_route=%2Fwp%2Fv2%2Fcategories&post=3947"},{"taxonomy":"post_tag","embeddable":true,"href":"https:\/\/syri.tv\/index.php?rest_route=%2Fwp%2Fv2%2Ftags&post=3947"}],"curies":[{"name":"wp","href":"https:\/\/api.w.org\/{rel}","templated":true}]}}