{"id":3920,"date":"2023-06-20T18:15:17","date_gmt":"2023-06-20T18:15:17","guid":{"rendered":"https:\/\/syri.tv\/?p=3920"},"modified":"2023-06-20T18:15:17","modified_gmt":"2023-06-20T18:15:17","slug":"barrikada-e-qytetareve-serbe-vazhdon-te-kufizoje-levizjen-ne-dy-pikat-kufitare-kosove-serbi","status":"publish","type":"post","link":"https:\/\/syri.tv\/?p=3920","title":{"rendered":"&#171;Barrikada e qytetar\u00ebve serb\u00eb vazhdon t\u00eb kufizoj\u00eb l\u00ebvizjen n\u00eb dy pikat kufitare Kosov\u00eb-Serbi&#187;"},"content":{"rendered":"<p>Dy pikat kufitare t\u00eb cilat lidhin Kosov\u00ebn dhe Serbin\u00eb, Jarinje, B\u00ebrnjak dhe Merdare, vazhdojn\u00eb t\u00eb mbeten t\u00eb bllokuara edhe m\u00ebngjesin e k\u00ebsaj t\u00eb marte, nga qytetar\u00eb serb t\u00eb cil\u00ebt kan\u00eb barrikaduar l\u00ebvizjen e lir\u00eb me automjete te tyre.<\/p>\n<p>Z\u00ebdh\u00ebn\u00ebsi i Policis\u00eb s\u00eb Kosov\u00ebs, Baki Kelani ka th\u00ebn\u00eb p\u00ebr Albanian Post se sipas informatave t\u00eb Ministris\u00eb s\u00eb Pun\u00ebve t\u00eb Jashtme dhe Diaspor\u00ebs dhe Qendr\u00ebs Komb\u00ebtare t\u00eb Menaxhimit Kufitar n\u00eb kuad\u00ebr t\u00eb Ministris\u00eb s\u00eb Pun\u00ebve t\u00eb Brendshme t\u00eb Kosov\u00ebs, k\u00ebto dy vendkalime kufitare jan\u00eb ende t\u00eb bllokuara.<\/p>\n<p>\u201cInformata e fundit ka qen\u00eb q\u00eb jan\u00eb t\u00eb bllokuara, ata e b\u00ebjn\u00eb p\u00ebrgjegj\u00ebsimin e jo ne. Sepse ka t\u00eb b\u00ebj me territor jasht\u00eb Kosov\u00ebs, e ne si polici nuk kemi t\u00eb drejt\u00eb t\u00eb komentojm\u00eb p\u00ebr at\u00eb pjes\u00eb\u201d, ka deklaruar Kelani.<\/p>\n<p>Qendra Komb\u00ebtare e Menaxhimit Kufitar,\u00a0<a href=\"https:\/\/mpb.rks-gov.net\/\">n\u00eb webfaqen zyrtare<\/a>\u00a0ka paraqitur nj\u00eb tabel\u00eb n\u00eb t\u00eb cil\u00ebn b\u00ebhet e ditur se pikat kufitare, Jarinje, B\u00ebrnjak dhe Merdare, jan\u00eb t\u00eb bllokuara.<\/p>\n<p>Nd\u00ebrsa n\u00eb tabel\u00ebn \u2018Gjendja e rrug\u00ebve q\u00eb shpijn\u00eb n\u00eb pikat e kalimit kufitar\u2019 specifikisht b\u00ebhet e ditur se n\u00eb rrug\u00ebn magjistrale Mitrovic\u00eb-B\u00ebrnjak, rruga \u00ebsht\u00eb t\u00ebr\u00ebsisht e bllokuar.<\/p>\n<p>Nd\u00ebrsa, Podujev\u00eb-Merdare \u00ebsht\u00eb e bllokuar p\u00ebr kamion\u00eb dhe autobus\u00eb, nj\u00ebjt\u00eb si n\u00eb magjistralen Mitrovic\u00eb-Jarinj, t\u00eb h\u00ebn\u00ebn mbr\u00ebma qytetar\u00eb serb\u00eb kan\u00eb bllokuar rrug\u00ebn magjistrale n\u00eb pjes\u00ebn e Serbis\u00eb, konkretisht pas pik\u00ebs kufitare n\u00eb Jarinje dhe n\u00eb Merdare, me automjetet e tyre, duke pamund\u00ebsuar k\u00ebshtu futjen e kamion\u00ebve, autobus\u00ebve dhe automjeteve t\u00eb ndryshme nga Kosova thell\u00eb brenda territorit t\u00eb Serbis\u00eb.<\/p>\n<p><a href=\"https:\/\/albanianpost.com\/mpj-ja-konfirmon-autobuset-dhe-kamionet-nga-kosova-spo-mund-te-kalojne-ne-serbi-sjemi-te-sigurte-per-kalimin-e-veturave\/\">Ministria e Pun\u00ebve t\u00eb Jashtme t\u00eb Kosov\u00ebs,<\/a>\u00a0p\u00ebrmes nj\u00eb komunikate p\u00ebr media, ka apeluar qytetar\u00ebt t\u00eb cil\u00ebt tashm\u00eb kan\u00eb hyr\u00eb n\u00eb territorin e Serbis\u00eb, q\u00eb t\u2019i p\u00ebrdorin pikat kufitare n\u00eb Mutivod\u00eb, Dheu i Bardh ose t\u00eb marrin rrug\u00eb p\u00ebrmes Maqedonis\u00eb s\u00eb Veriut.<\/p>\n<p>\u201cN\u00ebse nuk kan\u00eb hyr\u00eb n\u00eb Serbi, luten qytetar\u00ebt, t\u00eb mos udh\u00ebtojn\u00eb p\u00ebrmes Serbis\u00eb\u201d, thuhet n\u00eb komunikat\u00eb.<\/p>\n<p>N\u00eb disa video amatore t\u00eb cilat po qarkullojn\u00eb n\u00eb rrjetet sociale shihet se nj\u00eb num\u00ebr i konsideruesh\u00ebm i kamion\u00ebve nga Kosova kan\u00eb mbetur t\u00eb ngujuar si pasoj\u00eb e bllokimit t\u00eb rrug\u00ebs nga serb\u00ebt.<\/p>\n<p>Nd\u00ebrsa mediumi i af\u00ebrt me presidentin e Serbis\u00eb, Aleksand\u00ebr Vu\u00e7i\u00e7, Pink.rs, po raporton se drejtuesit e kamion\u00ebve me targa t\u00eb Serbis\u00eb, t\u00eb cil\u00ebt prej disa dit\u00ebsh kan\u00eb mbetur t\u00eb bllokuar n\u00eb pik\u00eb kalimet kufitare n\u00eb mes t\u00eb Kosov\u00ebs dhe Serbis\u00eb, kan\u00eb vendosur q\u00eb t\u00eb bllokojn\u00eb rrug\u00ebn Mitrovic\u00eb \u2013 Rashk\u00eb.<\/p>\n<p>Sipas, Pink.rs, shofer\u00ebt e kamion\u00ebve po lejojn\u00eb hyrjen e automjeteve dhe autobus\u00ebve nga Kosova, por jo edhe kamion\u00ebt kjo si shenj\u00eb reciprociteti ndaj vendimit t\u00eb Qeveris\u00eb s\u00eb Kosov\u00ebs e cila vendosi t\u2019i shtr\u00ebngoi kontrollet kufitare me Serbin\u00eb duke kufizuar qarkullimin dhe duke shtuar kontrollet e automjeteve q\u00eb vin\u00eb nga Serbia sidomos ato transportuese.<\/p>\n<p>Sipas raportimeve t\u00eb mediave serbe rreth 30 drejtues t\u00eb kamion\u00ebve nga Kurshumlia kan\u00eb bllokuar edhe autostrad\u00ebn Nish-Prishtin\u00eb m\u00eb sakt\u00ebsisht n\u00eb fshatin Rudar\u00eb.<\/p>\n<p>Ky vendim, sipas disa nga drejtuesit e kamion\u00ebve, \u00ebsht\u00eb edhe nj\u00eb shenj\u00eb solidarizimi me serb\u00ebt nga Kosova.<\/p>\n<p>Bllokimi i rrug\u00ebve, sipas mediave serbe ka nisur rreth or\u00ebs 18:30 transmeton \/Albanianpost<\/p>\n","protected":false},"excerpt":{"rendered":"<p>Dy pikat kufitare t\u00eb cilat lidhin Kosov\u00ebn dhe Serbin\u00eb, Jarinje, B\u00ebrnjak dhe Merdare, vazhdojn\u00eb t\u00eb mbeten t\u00eb bllokuara edhe m\u00ebngjesin e k\u00ebsaj t\u00eb marte, nga qytetar\u00eb serb t\u00eb cil\u00ebt kan\u00eb barrikaduar l\u00ebvizjen e lir\u00eb me automjete te tyre. Z\u00ebdh\u00ebn\u00ebsi i Policis\u00eb s\u00eb Kosov\u00ebs, Baki Kelani ka th\u00ebn\u00eb p\u00ebr Albanian Post se sipas informatave t\u00eb Ministris\u00eb [&hellip;]<\/p>\n","protected":false},"author":7,"featured_media":3923,"comment_status":"closed","ping_status":"closed","sticky":false,"template":"","format":"standard","meta":{"footnotes":""},"categories":[9],"tags":[],"class_list":{"0":"post-3920","1":"post","2":"type-post","3":"status-publish","4":"format-standard","5":"has-post-thumbnail","7":"category-vendi"},"_links":{"self":[{"href":"https:\/\/syri.tv\/index.php?rest_route=\/wp\/v2\/posts\/3920","targetHints":{"allow":["GET"]}}],"collection":[{"href":"https:\/\/syri.tv\/index.php?rest_route=\/wp\/v2\/posts"}],"about":[{"href":"https:\/\/syri.tv\/index.php?rest_route=\/wp\/v2\/types\/post"}],"author":[{"embeddable":true,"href":"https:\/\/syri.tv\/index.php?rest_route=\/wp\/v2\/users\/7"}],"replies":[{"embeddable":true,"href":"https:\/\/syri.tv\/index.php?rest_route=%2Fwp%2Fv2%2Fcomments&post=3920"}],"version-history":[{"count":1,"href":"https:\/\/syri.tv\/index.php?rest_route=\/wp\/v2\/posts\/3920\/revisions"}],"predecessor-version":[{"id":3924,"href":"https:\/\/syri.tv\/index.php?rest_route=\/wp\/v2\/posts\/3920\/revisions\/3924"}],"wp:featuredmedia":[{"embeddable":true,"href":"https:\/\/syri.tv\/index.php?rest_route=\/wp\/v2\/media\/3923"}],"wp:attachment":[{"href":"https:\/\/syri.tv\/index.php?rest_route=%2Fwp%2Fv2%2Fmedia&parent=3920"}],"wp:term":[{"taxonomy":"category","embeddable":true,"href":"https:\/\/syri.tv\/index.php?rest_route=%2Fwp%2Fv2%2Fcategories&post=3920"},{"taxonomy":"post_tag","embeddable":true,"href":"https:\/\/syri.tv\/index.php?rest_route=%2Fwp%2Fv2%2Ftags&post=3920"}],"curies":[{"name":"wp","href":"https:\/\/api.w.org\/{rel}","templated":true}]}}