{"id":3917,"date":"2023-06-20T17:47:24","date_gmt":"2023-06-20T17:47:24","guid":{"rendered":"https:\/\/syri.tv\/?p=3917"},"modified":"2023-06-20T17:52:19","modified_gmt":"2023-06-20T17:52:19","slug":"mergimtari-nga-zvicra-zhduket-pasi-zbriti-ne-aeroportin-adem-jashari","status":"publish","type":"post","link":"https:\/\/syri.tv\/?p=3917","title":{"rendered":"Para dy dit\u00ebsh kishte zbritur n\u00eb aeroportin &#171;Adem Jashari&#187; n\u00eb Prishtin\u00eb, ende i zhdukur m\u00ebrgimtari nga Zvicra!"},"content":{"rendered":"<p>Para dy dit\u00ebsh kishte zbritur n\u00eb aeroportin &#171;Adem Jashari&#187; n\u00eb Prishtin\u00eb, ende i zhdukur m\u00ebrgimtari nga Zvicra!<\/p>\n<p>PERSON I ZHDUKUR\/ANP- Adem Jashari 18.06.2023-14:00.\u00a0 Ankuesi mashkull kosovar ka raportuar se personi mashkull kosovar me vendbanim n\u00eb Zvic\u00ebr m\u00eb dat\u00ebn 18.06.2023 ka zbritur n\u00eb ANP \u201cAdem Jashari\u201d dhe m\u00eb nuk dihet p\u00ebr vendndodhjen e tij. Rasti n\u00eb procedur\u00eb hetimore.<\/p>\n<p>Policia \u00ebsht\u00eb duke e hetuar rastin.<\/p>\n<p>&nbsp;<\/p>\n","protected":false},"excerpt":{"rendered":"<p>Para dy dit\u00ebsh kishte zbritur n\u00eb aeroportin &#171;Adem Jashari&#187; n\u00eb Prishtin\u00eb, ende i zhdukur m\u00ebrgimtari nga Zvicra! PERSON I ZHDUKUR\/ANP- Adem Jashari 18.06.2023-14:00.\u00a0 Ankuesi mashkull kosovar ka raportuar se personi mashkull kosovar me vendbanim n\u00eb Zvic\u00ebr m\u00eb dat\u00ebn 18.06.2023 ka zbritur n\u00eb ANP \u201cAdem Jashari\u201d dhe m\u00eb nuk dihet p\u00ebr vendndodhjen e tij. Rasti n\u00eb [&hellip;]<\/p>\n","protected":false},"author":7,"featured_media":3918,"comment_status":"closed","ping_status":"closed","sticky":false,"template":"","format":"standard","meta":{"footnotes":""},"categories":[9],"tags":[],"class_list":{"0":"post-3917","1":"post","2":"type-post","3":"status-publish","4":"format-standard","5":"has-post-thumbnail","7":"category-vendi"},"_links":{"self":[{"href":"https:\/\/syri.tv\/index.php?rest_route=\/wp\/v2\/posts\/3917","targetHints":{"allow":["GET"]}}],"collection":[{"href":"https:\/\/syri.tv\/index.php?rest_route=\/wp\/v2\/posts"}],"about":[{"href":"https:\/\/syri.tv\/index.php?rest_route=\/wp\/v2\/types\/post"}],"author":[{"embeddable":true,"href":"https:\/\/syri.tv\/index.php?rest_route=\/wp\/v2\/users\/7"}],"replies":[{"embeddable":true,"href":"https:\/\/syri.tv\/index.php?rest_route=%2Fwp%2Fv2%2Fcomments&post=3917"}],"version-history":[{"count":3,"href":"https:\/\/syri.tv\/index.php?rest_route=\/wp\/v2\/posts\/3917\/revisions"}],"predecessor-version":[{"id":3922,"href":"https:\/\/syri.tv\/index.php?rest_route=\/wp\/v2\/posts\/3917\/revisions\/3922"}],"wp:featuredmedia":[{"embeddable":true,"href":"https:\/\/syri.tv\/index.php?rest_route=\/wp\/v2\/media\/3918"}],"wp:attachment":[{"href":"https:\/\/syri.tv\/index.php?rest_route=%2Fwp%2Fv2%2Fmedia&parent=3917"}],"wp:term":[{"taxonomy":"category","embeddable":true,"href":"https:\/\/syri.tv\/index.php?rest_route=%2Fwp%2Fv2%2Fcategories&post=3917"},{"taxonomy":"post_tag","embeddable":true,"href":"https:\/\/syri.tv\/index.php?rest_route=%2Fwp%2Fv2%2Ftags&post=3917"}],"curies":[{"name":"wp","href":"https:\/\/api.w.org\/{rel}","templated":true}]}}