{"id":3892,"date":"2023-06-19T12:17:00","date_gmt":"2023-06-19T12:17:00","guid":{"rendered":"https:\/\/syri.tv\/?p=3892"},"modified":"2023-06-19T12:17:00","modified_gmt":"2023-06-19T12:17:00","slug":"kamishi-albin-kurti-mu-hakmor-per-shkak-te-opozitarizmit-tim","status":"publish","type":"post","link":"https:\/\/syri.tv\/?p=3892","title":{"rendered":"\u201cKamishi\u201d: Albin Kurti m\u2019u hakmor p\u00ebr shkak t\u00eb opozitarizmit tim"},"content":{"rendered":"<p>Deputeti i Parlamentit t\u00eb Kosov\u00ebs, Bekim Haxhiu e ka b\u00ebr\u00eb nj\u00eb postim reagues ndaj kryeministrit Albin Kurti.<\/p>\n<p>Sipas \u201cKamishit\u201d, i cili vjen nga radh\u00ebs e PDK-s\u00eb, kreu i Qeveris\u00eb iu hakmor atij p\u00ebr shkak t\u00eb opozitarizmit t\u00eb tij dhe p\u00ebr faktin se ishte i z\u00ebsh\u00ebm ndaj k\u00ebtij ekzekutivi, duke ia shkarkuar v\u00ebllain, Abdullah Haxhiu nga pozita e kryeshefit t\u00eb KMDK-s\u00eb.<\/p>\n<figure id=\"attachment_3894\" aria-describedby=\"caption-attachment-3894\" style=\"width: 803px\" class=\"wp-caption alignnone\"><img loading=\"lazy\" loading=\"lazy\" decoding=\"async\" class=\"wp-image-3894\" src=\"https:\/\/syri.tv\/wp-content\/uploads\/2023\/06\/355432891_988826239133663_1317077364084054762_n-300x224.jpg\" alt=\"\" width=\"803\" height=\"600\" srcset=\"https:\/\/syri.tv\/wp-content\/uploads\/2023\/06\/355432891_988826239133663_1317077364084054762_n-300x224.jpg 300w, https:\/\/syri.tv\/wp-content\/uploads\/2023\/06\/355432891_988826239133663_1317077364084054762_n-1024x766.jpg 1024w, https:\/\/syri.tv\/wp-content\/uploads\/2023\/06\/355432891_988826239133663_1317077364084054762_n-768x574.jpg 768w, https:\/\/syri.tv\/wp-content\/uploads\/2023\/06\/355432891_988826239133663_1317077364084054762_n-860x643.jpg 860w, https:\/\/syri.tv\/wp-content\/uploads\/2023\/06\/355432891_988826239133663_1317077364084054762_n.jpg 1284w\" sizes=\"auto, (max-width: 803px) 100vw, 803px\" \/><figcaption id=\"caption-attachment-3894\" class=\"wp-caption-text\">V\u00ebllez\u00ebrit luft\u00ebtar\u00eb, Abdullah, Bekim dhe Hajrullah Haxhiu gjat\u00eb luft\u00ebs n\u00eb Kosov\u00eb<\/figcaption><\/figure>\n<p>M\u00eb posht\u00eb mund ta lexoni postimin e Bekim Haxhiut n\u00eb llogarin\u00eb e tij n\u00eb Facebook.<\/p>\n<div class=\"xdj266r x11i5rnm xat24cr x1mh8g0r x1vvkbs x126k92a\">\n<div dir=\"auto\">Hak\u00ebmarrja e Albin Kurtit p\u00ebr shkak t\u00eb opozitarizmit tim!<\/div>\n<div dir=\"auto\">Shkarkimi i v\u00ebllaut Abdullah Haxhiu , nga pozita e kryeshefit t\u00eb KMDK-s\u00eb \u00ebsht\u00eb hak\u00ebmarrje e drejtp\u00ebrdrejt\u00eb e Albin Kurtit, p\u00ebr shkak t\u00eb opozitarizmit tim n\u00eb Kuvendin e Kosov\u00ebs, n\u00eb raport me veprimet e tij si kryeminst\u00ebr, por mbi t\u00eb gjitha p\u00ebr shkak t\u00eb publikimit t\u00eb takimit t\u00eb vizit\u00ebs s\u00eb tij n\u00eb fshatin Binqe t\u00eb banuar me serb\u00eb dhe rastit \u201cpica\u201d t\u00eb Armend Muj\u00ebs!<\/div>\n<\/div>\n<div class=\"x11i5rnm xat24cr x1mh8g0r x1vvkbs xtlvy1s x126k92a\">\n<div dir=\"auto\">Pavaresisht pse NP KMDK (Kompania p\u00ebr Menaxhimin e Deponive t\u00eb Mbeturinave) n\u00eb vitet e fundit n\u00ebn udh\u00ebhqjen e Abdullah Haxhiut ka sh\u00ebnuar suksese, bilanc pozitiv, raportet e auditimit rezultojn\u00eb pa v\u00ebrejtje n\u00eb 4 vitet e fundit, mbi t\u00eb gjitha ka arritur t\u00eb siguroi investime &#8211; donacione nga KfW mbi 53 milion\u00eb euro.<\/div>\n<div dir=\"auto\">K\u00ebto suksese nuk i interesojn\u00eb Qeveris\u00eb anti-U\u00c7K , neo-jugosllave t\u00eb Kurtit, sepse ata duan hak\u00ebmarrje politike dhe idelogjike ndaj luft\u00ebtareve t\u00eb liris\u00eb q\u00eb u treguan t\u00eb suksessh\u00ebm edhe n\u00eb menaxhim.<\/div>\n<\/div>\n<div class=\"x11i5rnm xat24cr x1mh8g0r x1vvkbs xtlvy1s x126k92a\">\n<div dir=\"auto\">P\u00ebr ta realizuar urdh\u00ebrin e Albin Kurtit p\u00ebr shkarkimin e Abdullah Haxhiut , Qeveria u detyrua ta shkarkoj Bordin e KMDK-s\u00eb, t\u00eb cilin vet e kishte zgjedhur n\u00eb Shtator 2022, p\u00ebr faktin se nuk i zbatuan urdh\u00ebrat politik t\u00eb Albin Kurtit, pasi kishin evidentuar sukseset n\u00eb menaxhim t\u00eb Kompanis\u00eb nga kryeshefi Abdullah Haxhiu.<\/div>\n<\/div>\n<div class=\"x11i5rnm xat24cr x1mh8g0r x1vvkbs xtlvy1s x126k92a\">\n<div dir=\"auto\">Prandaj Qeveria Kurti em\u00ebroi nj\u00eb Bord t\u00eb p\u00ebrkohsh\u00ebm\/\u201c masa t\u00eb dhunshme\u201d , vet\u00ebm p\u00ebr ta zbatuar urdh\u00ebrin hakmarr\u00ebs t\u00eb Kurtit q\u00eb menj\u00ebher\u00eb t\u00eb shkarkohet Abdullah Haxhiut, Kryeshef i KMDK-s\u00eb.<\/div>\n<\/div>\n<div class=\"x11i5rnm xat24cr x1mh8g0r x1vvkbs xtlvy1s x126k92a\">\n<div dir=\"auto\">P\u00ebr zbatim t\u00eb urdh\u00ebrit politik n\u00eb krye t\u00eb Bordit t\u00eb \u201cdhunsh\u00ebm\u201d u em\u00ebrua Izja Mjeku, kush\u00ebriri i z\u00ebvend\u00ebs ministrit Getoar Mjeku, i cili bashk\u00eb me ministren Artane Rizvanolli dhe kryemistrin Kurti , jan\u00eb marr\u00eb personalisht dhe intezivisht p\u00ebr ta realizuar hak\u00ebmarrjen e Kurtit, duke e k\u00ebrc\u00ebnuar Bordin e kaluar n\u00eb zyre te ministres: se nese nuk e shkarkojn\u00eb menj\u00ebher\u00eb Abdullah Haxhiun do t\u00eb shkarkohet Bordi, gj\u00eb e cila edhe ndodhi.<\/div>\n<\/div>\n<div class=\"x11i5rnm xat24cr x1mh8g0r x1vvkbs xtlvy1s x126k92a\">\n<div dir=\"auto\">Se Kurtit nuk i intereson p\u00ebrformanca e nderrmarrjeve publike, menaxhimi i suksessh\u00ebm, d\u00ebshmon edhe ky n\u00eb rastin e KMDK-s.<\/div>\n<\/div>\n<div class=\"x11i5rnm xat24cr x1mh8g0r x1vvkbs xtlvy1s x126k92a\">\n<div dir=\"auto\">Sot ndihem krenar me shum\u00eb se kurr\u00eb me pun\u00ebn e v\u00ebllaut Abdullah Haxhiu, ngase p\u00ebr dy vite e gjysm\u00eb Qeveria Kurti nuk ka arritur t\u00eb gjej\u00eb asnj\u00eb shkelje ligjore, asnj\u00eb keqp\u00ebrdorim t\u00eb vet\u00ebm t\u00eb Abdullah Haxhiut si kryeshef i KMDK-s.<\/div>\n<div dir=\"auto\">P\u00ebrkundrazi KMDK-ja me Kryeshef Abdulla Haxhiun, ka arritur sukses t\u00eb jasht\u00ebzakonsh\u00ebm, ku nga nj\u00eb kompani p\u00ebr menaxhim t\u00eb mbeturinave q\u00eb ishte buz\u00eb falimentimin, buz\u00eb kolapsit,gjat\u00eb udh\u00ebheqj\u00ebs s\u00eb tij ka arritur q\u00eb t\u00eb kthehet n\u00eb nd\u00ebrmarrjen publike me menaxhimin m\u00eb t\u00eb mir\u00eb, me bilanc pozitiv dhe p\u00ebrformanc\u00eb t\u00eb shk\u00eblqyeshme, me besueshm\u00ebrin\u00eb me t\u00eb lart\u00eb tek donator\u00ebt e huaj, t\u00eb cil\u00ebt i besuan projektit t\u00eb Abdullah Haxhiu dhe ekipit t\u00eb tij p\u00ebr sjelljen e investimit prej mbi 53 milion\u00eb eurosh n\u00eb menaxhim t\u00eb mbeturinave n\u00eb Kosov\u00eb.<\/div>\n<\/div>\n<div class=\"x11i5rnm xat24cr x1mh8g0r x1vvkbs xtlvy1s x126k92a\">\n<div dir=\"auto\">P.S.<\/div>\n<div dir=\"auto\">Albin ndale p\u00ebrndjekjen ndaj luft\u00ebtar\u00ebve t\u00eb liris\u00eb!<\/div>\n<div dir=\"auto\">Albin ndali agjendat e pista, trego q\u00ebllimin e vizit\u00ebs tuaj n\u00eb Binq\u00eb!<\/div>\n<div dir=\"auto\">Merru me lirimin e polic\u00ebve shqiptar\u00eb, merru me \u00e7\u00ebshtje shtet\u00ebrore t\u00eb vendit, n\u00ebse ke ardh\u00eb p\u00ebr at\u00eb q\u00ebllim, apo t\u00eb gjitha po dalin kauza t\u00eb rrejshme.<\/div>\n<div dir=\"auto\">Shkarkoje Martin Berishen po pate guxim!<\/div>\n<div dir=\"auto\"><\/div>\n<div dir=\"auto\">https:\/\/www.facebook.com\/bekimhaxhiuofficial\/posts\/pfbid0GtFPJQtnE7Z8W99vZ6gw1K55jXgZ6roHyhsY6kotjGaET8fpG6E2ZAFJ5uSnwwX5l<\/div>\n<\/div>\n","protected":false},"excerpt":{"rendered":"<p>Deputeti i Parlamentit t\u00eb Kosov\u00ebs, Bekim Haxhiu e ka b\u00ebr\u00eb nj\u00eb postim reagues ndaj kryeministrit Albin Kurti. Sipas \u201cKamishit\u201d, i cili vjen nga radh\u00ebs e PDK-s\u00eb, kreu i Qeveris\u00eb iu hakmor atij p\u00ebr shkak t\u00eb opozitarizmit t\u00eb tij dhe p\u00ebr faktin se ishte i z\u00ebsh\u00ebm ndaj k\u00ebtij ekzekutivi, duke ia shkarkuar v\u00ebllain, Abdullah Haxhiu nga [&hellip;]<\/p>\n","protected":false},"author":7,"featured_media":3893,"comment_status":"closed","ping_status":"closed","sticky":false,"template":"","format":"standard","meta":{"footnotes":""},"categories":[9],"tags":[],"class_list":{"0":"post-3892","1":"post","2":"type-post","3":"status-publish","4":"format-standard","5":"has-post-thumbnail","7":"category-vendi"},"_links":{"self":[{"href":"https:\/\/syri.tv\/index.php?rest_route=\/wp\/v2\/posts\/3892","targetHints":{"allow":["GET"]}}],"collection":[{"href":"https:\/\/syri.tv\/index.php?rest_route=\/wp\/v2\/posts"}],"about":[{"href":"https:\/\/syri.tv\/index.php?rest_route=\/wp\/v2\/types\/post"}],"author":[{"embeddable":true,"href":"https:\/\/syri.tv\/index.php?rest_route=\/wp\/v2\/users\/7"}],"replies":[{"embeddable":true,"href":"https:\/\/syri.tv\/index.php?rest_route=%2Fwp%2Fv2%2Fcomments&post=3892"}],"version-history":[{"count":1,"href":"https:\/\/syri.tv\/index.php?rest_route=\/wp\/v2\/posts\/3892\/revisions"}],"predecessor-version":[{"id":3895,"href":"https:\/\/syri.tv\/index.php?rest_route=\/wp\/v2\/posts\/3892\/revisions\/3895"}],"wp:featuredmedia":[{"embeddable":true,"href":"https:\/\/syri.tv\/index.php?rest_route=\/wp\/v2\/media\/3893"}],"wp:attachment":[{"href":"https:\/\/syri.tv\/index.php?rest_route=%2Fwp%2Fv2%2Fmedia&parent=3892"}],"wp:term":[{"taxonomy":"category","embeddable":true,"href":"https:\/\/syri.tv\/index.php?rest_route=%2Fwp%2Fv2%2Fcategories&post=3892"},{"taxonomy":"post_tag","embeddable":true,"href":"https:\/\/syri.tv\/index.php?rest_route=%2Fwp%2Fv2%2Ftags&post=3892"}],"curies":[{"name":"wp","href":"https:\/\/api.w.org\/{rel}","templated":true}]}}