{"id":3877,"date":"2023-06-18T23:06:33","date_gmt":"2023-06-18T23:06:33","guid":{"rendered":"https:\/\/syri.tv\/?p=3877"},"modified":"2023-06-18T23:07:50","modified_gmt":"2023-06-18T23:07:50","slug":"fc-dardania-lausanne-ndeshjen-e-pare-kualifikuese-per-ngritjen-ne-ligen-e-dyte-interregjionale-luajti-barazi-kunder-alschwill-te-baselit","status":"publish","type":"post","link":"https:\/\/syri.tv\/?p=3877","title":{"rendered":"FC Dardania Lausanne ndeshjen e par\u00eb kualifikuese p\u00ebr n\u00eb lig\u00ebn e dyt\u00eb interregjionale luajti barazi kund\u00ebr Alschwill t\u00eb Baselit"},"content":{"rendered":"<p>Para ndeshjes n\u00eb stadiumin e FC Dardania nga Lozana, n\u00eb hap\u00ebsir\u00ebn para fush\u00ebs ting\u00ebllonte \u00e7iftelia dhe tupan\u00ebt bashk\u00eb me k\u00ebng\u00ebtaret e Shoq\u00ebris\u00eb Kulturore Artistike \u201cIlir\u00ebt\u201d po t\u00eb k\u00ebtij qyteti.<\/p>\n<p><img loading=\"lazy\" loading=\"lazy\" decoding=\"async\" class=\"alignnone size-large wp-image-3883\" src=\"https:\/\/syri.tv\/wp-content\/uploads\/2023\/06\/DSC_0658-1024x683.jpg\" alt=\"\" width=\"1024\" height=\"683\" srcset=\"https:\/\/syri.tv\/wp-content\/uploads\/2023\/06\/DSC_0658-1024x683.jpg 1024w, https:\/\/syri.tv\/wp-content\/uploads\/2023\/06\/DSC_0658-300x200.jpg 300w, https:\/\/syri.tv\/wp-content\/uploads\/2023\/06\/DSC_0658-768x512.jpg 768w, https:\/\/syri.tv\/wp-content\/uploads\/2023\/06\/DSC_0658-1536x1024.jpg 1536w, https:\/\/syri.tv\/wp-content\/uploads\/2023\/06\/DSC_0658-2048x1365.jpg 2048w, https:\/\/syri.tv\/wp-content\/uploads\/2023\/06\/DSC_0658-330x220.jpg 330w, https:\/\/syri.tv\/wp-content\/uploads\/2023\/06\/DSC_0658-420x280.jpg 420w, https:\/\/syri.tv\/wp-content\/uploads\/2023\/06\/DSC_0658-615x410.jpg 615w, https:\/\/syri.tv\/wp-content\/uploads\/2023\/06\/DSC_0658-860x573.jpg 860w\" sizes=\"auto, (max-width: 1024px) 100vw, 1024px\" \/><\/p>\n<p>T\u00eb jepej p\u00ebrshtypja q\u00eb jemi n\u00eb vendlindje sepse gjithandej vall\u00ebzonin familjar\u00eb dhe tifoz\u00ebt t\u00eb cil\u00ebt bashk\u00eb festonin sukseset e klubit t\u00eb tyre FC Dardania nga i gjith\u00eb qyteti i Lozan\u00ebs q\u00eb kaloi numrin e mbi 1500 shikuesve.<\/p>\n<p><img loading=\"lazy\" loading=\"lazy\" decoding=\"async\" class=\"alignnone size-large wp-image-3884\" src=\"https:\/\/syri.tv\/wp-content\/uploads\/2023\/06\/DSC_0712-1024x683.jpg\" alt=\"\" width=\"1024\" height=\"683\" srcset=\"https:\/\/syri.tv\/wp-content\/uploads\/2023\/06\/DSC_0712-1024x683.jpg 1024w, https:\/\/syri.tv\/wp-content\/uploads\/2023\/06\/DSC_0712-300x200.jpg 300w, https:\/\/syri.tv\/wp-content\/uploads\/2023\/06\/DSC_0712-768x512.jpg 768w, https:\/\/syri.tv\/wp-content\/uploads\/2023\/06\/DSC_0712-1536x1024.jpg 1536w, https:\/\/syri.tv\/wp-content\/uploads\/2023\/06\/DSC_0712-2048x1365.jpg 2048w, https:\/\/syri.tv\/wp-content\/uploads\/2023\/06\/DSC_0712-330x220.jpg 330w, https:\/\/syri.tv\/wp-content\/uploads\/2023\/06\/DSC_0712-420x280.jpg 420w, https:\/\/syri.tv\/wp-content\/uploads\/2023\/06\/DSC_0712-615x410.jpg 615w, https:\/\/syri.tv\/wp-content\/uploads\/2023\/06\/DSC_0712-860x573.jpg 860w\" sizes=\"auto, (max-width: 1024px) 100vw, 1024px\" \/><\/p>\n<p>T\u00eb pranish\u00ebm ishin edhe stafi i TV Syri n\u00eb Zvic\u00ebr t\u00eb cil\u00ebt u kujdes\u00ebn p\u00ebr filmimin e ndeshjes dhe atmosfer\u00ebn mahnit\u00ebse t\u00eb krijuar n\u00eb stadium e po ashtu t\u00eb pranish\u00ebm ishin edhe t\u00eb deleguarit nga Unioni i Klubeve Shqiptare t\u00eb Futbollit n\u00eb Zvic\u00ebr t\u00eb cil\u00ebt u shprehen se \u00ebsht\u00eb nj\u00eb p\u00ebrgatitje impozante nga kryesia e Klubit FC Dardania dhe u fal\u00ebnderuan p\u00ebr ftes\u00ebn.<\/p>\n<p><img loading=\"lazy\" loading=\"lazy\" decoding=\"async\" class=\"alignnone size-large wp-image-3885\" src=\"https:\/\/syri.tv\/wp-content\/uploads\/2023\/06\/DSC_0684-1024x683.jpg\" alt=\"\" width=\"1024\" height=\"683\" srcset=\"https:\/\/syri.tv\/wp-content\/uploads\/2023\/06\/DSC_0684-1024x683.jpg 1024w, https:\/\/syri.tv\/wp-content\/uploads\/2023\/06\/DSC_0684-300x200.jpg 300w, https:\/\/syri.tv\/wp-content\/uploads\/2023\/06\/DSC_0684-768x512.jpg 768w, https:\/\/syri.tv\/wp-content\/uploads\/2023\/06\/DSC_0684-1536x1024.jpg 1536w, https:\/\/syri.tv\/wp-content\/uploads\/2023\/06\/DSC_0684-2048x1365.jpg 2048w, https:\/\/syri.tv\/wp-content\/uploads\/2023\/06\/DSC_0684-330x220.jpg 330w, https:\/\/syri.tv\/wp-content\/uploads\/2023\/06\/DSC_0684-420x280.jpg 420w, https:\/\/syri.tv\/wp-content\/uploads\/2023\/06\/DSC_0684-615x410.jpg 615w, https:\/\/syri.tv\/wp-content\/uploads\/2023\/06\/DSC_0684-860x573.jpg 860w\" sizes=\"auto, (max-width: 1024px) 100vw, 1024px\" \/><\/p>\n<p>Ndeshja filloi n\u00eb nj\u00eb temperatur\u00eb tejet t\u00eb p\u00ebrshtatshme p\u00ebr ndeshje dhe q\u00eb t\u00eb dy klubet me futbollist\u00eb t\u00eb ri t\u00eb cil\u00ebt me shum\u00eb elan pas fishk\u00ebllim\u00ebs s\u00eb referit t\u00eb ndeshjes filluan t\u00eb vraponin me shpres\u00eb p\u00ebr fitore.<\/p>\n<p><img loading=\"lazy\" loading=\"lazy\" decoding=\"async\" class=\"alignnone size-large wp-image-3886\" src=\"https:\/\/syri.tv\/wp-content\/uploads\/2023\/06\/2-1024x683.jpg\" alt=\"\" width=\"1024\" height=\"683\" srcset=\"https:\/\/syri.tv\/wp-content\/uploads\/2023\/06\/2-1024x683.jpg 1024w, https:\/\/syri.tv\/wp-content\/uploads\/2023\/06\/2-300x200.jpg 300w, https:\/\/syri.tv\/wp-content\/uploads\/2023\/06\/2-768x512.jpg 768w, https:\/\/syri.tv\/wp-content\/uploads\/2023\/06\/2-1536x1024.jpg 1536w, https:\/\/syri.tv\/wp-content\/uploads\/2023\/06\/2-2048x1365.jpg 2048w, https:\/\/syri.tv\/wp-content\/uploads\/2023\/06\/2-330x220.jpg 330w, https:\/\/syri.tv\/wp-content\/uploads\/2023\/06\/2-420x280.jpg 420w, https:\/\/syri.tv\/wp-content\/uploads\/2023\/06\/2-615x410.jpg 615w, https:\/\/syri.tv\/wp-content\/uploads\/2023\/06\/2-860x573.jpg 860w\" sizes=\"auto, (max-width: 1024px) 100vw, 1024px\" \/><\/p>\n<p>N\u00eb pjes\u00ebn e par\u00eb filluan furish\u00ebm djelmoshat e FC Dardania dhe pritej n\u00eb \u00e7do moment t\u00eb sh\u00ebnojn\u00eb golin e avantazhit e q\u00eb nuk ju printe edhe pak fati p\u00ebr ta realizuar ate.<\/p>\n<p>Pa pritur nga nj\u00eb kund\u00ebrsulm t\u00eb shpejt\u00eb me nj\u00eb krosim nga ana e djatht\u00eb, \u00a0mysafir\u00ebt kaluan n\u00eb avantazh n\u00eb minut\u00ebn e 14, por duhet cekur se edhe n\u00eb ekipin kund\u00ebrshtar luanin disa t\u00eb ri shqiptar\u00eb.<\/p>\n<p><img loading=\"lazy\" loading=\"lazy\" decoding=\"async\" class=\"alignnone size-large wp-image-3887\" src=\"https:\/\/syri.tv\/wp-content\/uploads\/2023\/06\/3-1024x683.jpg\" alt=\"\" width=\"1024\" height=\"683\" srcset=\"https:\/\/syri.tv\/wp-content\/uploads\/2023\/06\/3-1024x683.jpg 1024w, https:\/\/syri.tv\/wp-content\/uploads\/2023\/06\/3-300x200.jpg 300w, https:\/\/syri.tv\/wp-content\/uploads\/2023\/06\/3-768x512.jpg 768w, https:\/\/syri.tv\/wp-content\/uploads\/2023\/06\/3-1536x1024.jpg 1536w, https:\/\/syri.tv\/wp-content\/uploads\/2023\/06\/3-2048x1365.jpg 2048w, https:\/\/syri.tv\/wp-content\/uploads\/2023\/06\/3-330x220.jpg 330w, https:\/\/syri.tv\/wp-content\/uploads\/2023\/06\/3-420x280.jpg 420w, https:\/\/syri.tv\/wp-content\/uploads\/2023\/06\/3-615x410.jpg 615w, https:\/\/syri.tv\/wp-content\/uploads\/2023\/06\/3-860x573.jpg 860w\" sizes=\"auto, (max-width: 1024px) 100vw, 1024px\" \/><\/p>\n<p>Edhe pas disavantazhit shihej qart\u00eb se djelmoshat e FC Dardania sulmonin pa nd\u00ebrprer\u00eb dhe duke mos i humbur shpresat por me besim n\u00eb vete, n\u00eb minut\u00ebn e 39 gjeten golin e barazimit.<\/p>\n<p><img loading=\"lazy\" loading=\"lazy\" decoding=\"async\" class=\"alignnone size-large wp-image-3888\" src=\"https:\/\/syri.tv\/wp-content\/uploads\/2023\/06\/DSC_0710-1024x683.jpg\" alt=\"\" width=\"1024\" height=\"683\" srcset=\"https:\/\/syri.tv\/wp-content\/uploads\/2023\/06\/DSC_0710-1024x683.jpg 1024w, https:\/\/syri.tv\/wp-content\/uploads\/2023\/06\/DSC_0710-300x200.jpg 300w, https:\/\/syri.tv\/wp-content\/uploads\/2023\/06\/DSC_0710-768x512.jpg 768w, https:\/\/syri.tv\/wp-content\/uploads\/2023\/06\/DSC_0710-1536x1024.jpg 1536w, https:\/\/syri.tv\/wp-content\/uploads\/2023\/06\/DSC_0710-2048x1365.jpg 2048w, https:\/\/syri.tv\/wp-content\/uploads\/2023\/06\/DSC_0710-330x220.jpg 330w, https:\/\/syri.tv\/wp-content\/uploads\/2023\/06\/DSC_0710-420x280.jpg 420w, https:\/\/syri.tv\/wp-content\/uploads\/2023\/06\/DSC_0710-615x410.jpg 615w, https:\/\/syri.tv\/wp-content\/uploads\/2023\/06\/DSC_0710-860x573.jpg 860w\" sizes=\"auto, (max-width: 1024px) 100vw, 1024px\" \/><\/p>\n<p>Edhe pjesa e dyt\u00eb filloi me intensitet t\u00eb nj\u00ebjt\u00eb me sulme t\u00eb nj\u00ebpasnj\u00ebshme t\u00eb Dardan\u00ebve por, si duket fati sot nuk ishte n\u00eb an\u00ebn e tyre dhe n\u00eb minut\u00ebn e 94 ndeshja p\u00ebrfundon barazi 1 = 1.<\/p>\n<p><img loading=\"lazy\" loading=\"lazy\" decoding=\"async\" class=\"alignnone size-large wp-image-3889\" src=\"https:\/\/syri.tv\/wp-content\/uploads\/2023\/06\/DSC_0730-1024x683.jpg\" alt=\"\" width=\"1024\" height=\"683\" srcset=\"https:\/\/syri.tv\/wp-content\/uploads\/2023\/06\/DSC_0730-1024x683.jpg 1024w, https:\/\/syri.tv\/wp-content\/uploads\/2023\/06\/DSC_0730-300x200.jpg 300w, https:\/\/syri.tv\/wp-content\/uploads\/2023\/06\/DSC_0730-768x512.jpg 768w, https:\/\/syri.tv\/wp-content\/uploads\/2023\/06\/DSC_0730-1536x1024.jpg 1536w, https:\/\/syri.tv\/wp-content\/uploads\/2023\/06\/DSC_0730-2048x1365.jpg 2048w, https:\/\/syri.tv\/wp-content\/uploads\/2023\/06\/DSC_0730-330x220.jpg 330w, https:\/\/syri.tv\/wp-content\/uploads\/2023\/06\/DSC_0730-420x280.jpg 420w, https:\/\/syri.tv\/wp-content\/uploads\/2023\/06\/DSC_0730-615x410.jpg 615w, https:\/\/syri.tv\/wp-content\/uploads\/2023\/06\/DSC_0730-860x573.jpg 860w\" sizes=\"auto, (max-width: 1024px) 100vw, 1024px\" \/><\/p>\n<p>Dardan\u00ebt q\u00eb nga Trajneri i tyre dhe lojtar\u00ebt bashk\u00eb me kryesin\u00eb, vet\u00eb u deklaruan se ishin pa fat n\u00eb ndeshjen e par\u00eb e q\u00eb n\u00eb ndeshjen e kthimit pavar\u00ebsisht q\u00eb luajn\u00eb jasht\u00eb, kan\u00eb bindjen q\u00eb me 24 qershor do ta mposhtin n\u00eb vendin e tyre FC Alshwil.<\/p>\n","protected":false},"excerpt":{"rendered":"<p>Para ndeshjes n\u00eb stadiumin e FC Dardania nga Lozana, n\u00eb hap\u00ebsir\u00ebn para fush\u00ebs ting\u00ebllonte \u00e7iftelia dhe tupan\u00ebt bashk\u00eb me k\u00ebng\u00ebtaret e Shoq\u00ebris\u00eb Kulturore Artistike \u201cIlir\u00ebt\u201d po t\u00eb k\u00ebtij qyteti. T\u00eb jepej p\u00ebrshtypja q\u00eb jemi n\u00eb vendlindje sepse gjithandej vall\u00ebzonin familjar\u00eb dhe tifoz\u00ebt t\u00eb cil\u00ebt bashk\u00eb festonin sukseset e klubit t\u00eb tyre FC Dardania nga i [&hellip;]<\/p>\n","protected":false},"author":1,"featured_media":3881,"comment_status":"closed","ping_status":"closed","sticky":false,"template":"","format":"standard","meta":{"footnotes":""},"categories":[106],"tags":[],"class_list":{"0":"post-3877","1":"post","2":"type-post","3":"status-publish","4":"format-standard","5":"has-post-thumbnail","7":"category-sport"},"_links":{"self":[{"href":"https:\/\/syri.tv\/index.php?rest_route=\/wp\/v2\/posts\/3877","targetHints":{"allow":["GET"]}}],"collection":[{"href":"https:\/\/syri.tv\/index.php?rest_route=\/wp\/v2\/posts"}],"about":[{"href":"https:\/\/syri.tv\/index.php?rest_route=\/wp\/v2\/types\/post"}],"author":[{"embeddable":true,"href":"https:\/\/syri.tv\/index.php?rest_route=\/wp\/v2\/users\/1"}],"replies":[{"embeddable":true,"href":"https:\/\/syri.tv\/index.php?rest_route=%2Fwp%2Fv2%2Fcomments&post=3877"}],"version-history":[{"count":2,"href":"https:\/\/syri.tv\/index.php?rest_route=\/wp\/v2\/posts\/3877\/revisions"}],"predecessor-version":[{"id":3891,"href":"https:\/\/syri.tv\/index.php?rest_route=\/wp\/v2\/posts\/3877\/revisions\/3891"}],"wp:featuredmedia":[{"embeddable":true,"href":"https:\/\/syri.tv\/index.php?rest_route=\/wp\/v2\/media\/3881"}],"wp:attachment":[{"href":"https:\/\/syri.tv\/index.php?rest_route=%2Fwp%2Fv2%2Fmedia&parent=3877"}],"wp:term":[{"taxonomy":"category","embeddable":true,"href":"https:\/\/syri.tv\/index.php?rest_route=%2Fwp%2Fv2%2Fcategories&post=3877"},{"taxonomy":"post_tag","embeddable":true,"href":"https:\/\/syri.tv\/index.php?rest_route=%2Fwp%2Fv2%2Ftags&post=3877"}],"curies":[{"name":"wp","href":"https:\/\/api.w.org\/{rel}","templated":true}]}}