{"id":3794,"date":"2023-06-14T15:04:41","date_gmt":"2023-06-14T15:04:41","guid":{"rendered":"https:\/\/syri.tv\/?p=3794"},"modified":"2023-06-14T15:04:41","modified_gmt":"2023-06-14T15:04:41","slug":"qeveria-e-kosoves-ndal-mallin-nga-serbia-si-pergjigje-ndaj-rrembimit-te-tre-policeve-kufitare","status":"publish","type":"post","link":"https:\/\/syri.tv\/?p=3794","title":{"rendered":"Qeveria e Kosov\u00ebs ndal mallin nga Serbia si p\u00ebrgjigje ndaj rr\u00ebmbimit t\u00eb tre polic\u00ebve kufitar\u00eb"},"content":{"rendered":"<p>Qeveria e Kosov\u00ebs ka vendosur q\u00eb asnj\u00eb mall nga Serbia nuk do t\u00eb lejohet t\u00eb hyj\u00eb n\u00eb Kosov\u00eb, ka m\u00ebsuar KOHA.<\/p>\n<p>Kjo ka ardhur pas kidnapimit t\u00eb tre polic\u00ebve kufitar\u00eb n\u00eb veri.<\/p>\n<p>Kryeministri i Kosov\u00ebs, Albin Kurti ka th\u00ebn\u00eb se p\u00ebrve\u00e7 agresion ky \u00ebsht\u00eb edhe synim p\u00ebr destabilizim.<\/p>\n<p>P\u00ebr k\u00ebt\u00eb ka reaguar edhe Policia e Kosov\u00ebs dhe ministri i Brendsh\u00ebm Xhelal Sve\u00e7la t\u00eb cil\u00ebt kan\u00eb k\u00ebrkuar nga organet nd\u00ebrkomb\u00ebtare lirimin e menj\u00ebhersh\u00ebm t\u00eb tyre.<\/p>\n","protected":false},"excerpt":{"rendered":"<p>Qeveria e Kosov\u00ebs ka vendosur q\u00eb asnj\u00eb mall nga Serbia nuk do t\u00eb lejohet t\u00eb hyj\u00eb n\u00eb Kosov\u00eb, ka m\u00ebsuar KOHA. Kjo ka ardhur pas kidnapimit t\u00eb tre polic\u00ebve kufitar\u00eb n\u00eb veri. Kryeministri i Kosov\u00ebs, Albin Kurti ka th\u00ebn\u00eb se p\u00ebrve\u00e7 agresion ky \u00ebsht\u00eb edhe synim p\u00ebr destabilizim. P\u00ebr k\u00ebt\u00eb ka reaguar edhe Policia e [&hellip;]<\/p>\n","protected":false},"author":7,"featured_media":3795,"comment_status":"closed","ping_status":"closed","sticky":false,"template":"","format":"standard","meta":{"footnotes":""},"categories":[9],"tags":[],"class_list":{"0":"post-3794","1":"post","2":"type-post","3":"status-publish","4":"format-standard","5":"has-post-thumbnail","7":"category-vendi"},"_links":{"self":[{"href":"https:\/\/syri.tv\/index.php?rest_route=\/wp\/v2\/posts\/3794","targetHints":{"allow":["GET"]}}],"collection":[{"href":"https:\/\/syri.tv\/index.php?rest_route=\/wp\/v2\/posts"}],"about":[{"href":"https:\/\/syri.tv\/index.php?rest_route=\/wp\/v2\/types\/post"}],"author":[{"embeddable":true,"href":"https:\/\/syri.tv\/index.php?rest_route=\/wp\/v2\/users\/7"}],"replies":[{"embeddable":true,"href":"https:\/\/syri.tv\/index.php?rest_route=%2Fwp%2Fv2%2Fcomments&post=3794"}],"version-history":[{"count":2,"href":"https:\/\/syri.tv\/index.php?rest_route=\/wp\/v2\/posts\/3794\/revisions"}],"predecessor-version":[{"id":3797,"href":"https:\/\/syri.tv\/index.php?rest_route=\/wp\/v2\/posts\/3794\/revisions\/3797"}],"wp:featuredmedia":[{"embeddable":true,"href":"https:\/\/syri.tv\/index.php?rest_route=\/wp\/v2\/media\/3795"}],"wp:attachment":[{"href":"https:\/\/syri.tv\/index.php?rest_route=%2Fwp%2Fv2%2Fmedia&parent=3794"}],"wp:term":[{"taxonomy":"category","embeddable":true,"href":"https:\/\/syri.tv\/index.php?rest_route=%2Fwp%2Fv2%2Fcategories&post=3794"},{"taxonomy":"post_tag","embeddable":true,"href":"https:\/\/syri.tv\/index.php?rest_route=%2Fwp%2Fv2%2Ftags&post=3794"}],"curies":[{"name":"wp","href":"https:\/\/api.w.org\/{rel}","templated":true}]}}