{"id":3790,"date":"2023-06-14T14:50:13","date_gmt":"2023-06-14T14:50:13","guid":{"rendered":"https:\/\/syri.tv\/?p=3790"},"modified":"2023-06-14T14:56:31","modified_gmt":"2023-06-14T14:56:31","slug":"kryeministri-i-kosoves-rrembimin-e-tre-policeve-si-akt-agresioni-nga-serbia","status":"publish","type":"post","link":"https:\/\/syri.tv\/?p=3790","title":{"rendered":"Kryeministri i Kosov\u00ebs rr\u00ebmbimin e tre polic\u00ebve si akt agresioni nga Serbia"},"content":{"rendered":"<p>Kryeministri i Kosov\u00ebs, Albin Kurti, e ka cil\u00ebsuar agresion dhe synim p\u00ebr eskalim dhe destabilizim, kidnapimin e tre polic\u00ebve t\u00eb Kosov\u00ebs brenda territorit nga forcat serbe.<\/p>\n<p>N\u00eb nj\u00eb reagim n\u00eb Facebook, Kurti ka k\u00ebrkuar lirimin e menj\u00ebhersh\u00ebm t\u00eb polic\u00ebve. Ai ka k\u00ebrkuar nga nd\u00ebrkomb\u00ebtar\u00ebt t\u00eb d\u00ebnojn\u00eb aktin e Serbis\u00eb.<\/p>\n<p>\u201cTre zyrtar\u00eb t\u00eb policis\u00eb s\u00eb Kosov\u00ebs jan\u00eb rr\u00ebmbyer sot n\u00eb Leposaviq n\u00eb vendin ku dikur kishte nj\u00eb rrug\u00eb ilegale t\u00eb kontraband\u00ebs e q\u00eb ndodhet rreth 300 metra n\u00eb brend\u00ebsi t\u00eb territorit t\u00eb shtetit ton\u00eb. Dyshojm\u00eb q\u00eb ata jan\u00eb rr\u00ebmbyer nga ushtria e Serbis\u00eb, qartazi si hakmarrje e Serbis\u00eb p\u00ebr arrestimin e djesh\u00ebm t\u00eb kriminelit fam\u00ebkeq Millun Millenkoviq &#8211; Lune, i cili paraqet nj\u00eb nd\u00ebr krer\u00ebt e krimit t\u00eb organizuar dhe kontraband\u00ebs. Policia e Kosov\u00ebs \u00ebsht\u00eb treguar tejet e vet\u00ebp\u00ebrmbajtur k\u00ebto jav\u00ebt e fundit. Hyrja e forcave t\u00eb Serbis\u00eb n\u00eb territorin e Kosov\u00ebs \u00ebsht\u00eb agresion dhe synim p\u00ebr eskalim dhe destabilizim. K\u00ebrkojm\u00eb lirimin e menj\u00ebhersh\u00ebm t\u00eb tre zyrtar\u00ebve t\u00eb rr\u00ebmbyer policor dhe ftojm\u00eb faktor\u00ebt nd\u00ebrkomb\u00ebtar\u00eb q\u00eb t\u00eb d\u00ebnojn\u00eb k\u00ebt\u00eb akt agresioni t\u00eb Serbis\u00eb\u201d, ka shkruar Kurti n\u00eb Facebook.<\/p>\n<p>M\u00eb her\u00ebt gjat\u00eb dit\u00ebs, Policia njoftoi se tre polic\u00eb jan\u00eb kidnapuar nga forcat serbe brenda territorit t\u00eb Kosov\u00ebs.<\/p>\n","protected":false},"excerpt":{"rendered":"<p>Kryeministri i Kosov\u00ebs, Albin Kurti, e ka cil\u00ebsuar agresion dhe synim p\u00ebr eskalim dhe destabilizim, kidnapimin e tre polic\u00ebve t\u00eb Kosov\u00ebs brenda territorit nga forcat serbe. N\u00eb nj\u00eb reagim n\u00eb Facebook, Kurti ka k\u00ebrkuar lirimin e menj\u00ebhersh\u00ebm t\u00eb polic\u00ebve. Ai ka k\u00ebrkuar nga nd\u00ebrkomb\u00ebtar\u00ebt t\u00eb d\u00ebnojn\u00eb aktin e Serbis\u00eb. \u201cTre zyrtar\u00eb t\u00eb policis\u00eb s\u00eb Kosov\u00ebs [&hellip;]<\/p>\n","protected":false},"author":7,"featured_media":3791,"comment_status":"closed","ping_status":"closed","sticky":false,"template":"","format":"standard","meta":{"footnotes":""},"categories":[9],"tags":[],"class_list":{"0":"post-3790","1":"post","2":"type-post","3":"status-publish","4":"format-standard","5":"has-post-thumbnail","7":"category-vendi"},"_links":{"self":[{"href":"https:\/\/syri.tv\/index.php?rest_route=\/wp\/v2\/posts\/3790","targetHints":{"allow":["GET"]}}],"collection":[{"href":"https:\/\/syri.tv\/index.php?rest_route=\/wp\/v2\/posts"}],"about":[{"href":"https:\/\/syri.tv\/index.php?rest_route=\/wp\/v2\/types\/post"}],"author":[{"embeddable":true,"href":"https:\/\/syri.tv\/index.php?rest_route=\/wp\/v2\/users\/7"}],"replies":[{"embeddable":true,"href":"https:\/\/syri.tv\/index.php?rest_route=%2Fwp%2Fv2%2Fcomments&post=3790"}],"version-history":[{"count":2,"href":"https:\/\/syri.tv\/index.php?rest_route=\/wp\/v2\/posts\/3790\/revisions"}],"predecessor-version":[{"id":3793,"href":"https:\/\/syri.tv\/index.php?rest_route=\/wp\/v2\/posts\/3790\/revisions\/3793"}],"wp:featuredmedia":[{"embeddable":true,"href":"https:\/\/syri.tv\/index.php?rest_route=\/wp\/v2\/media\/3791"}],"wp:attachment":[{"href":"https:\/\/syri.tv\/index.php?rest_route=%2Fwp%2Fv2%2Fmedia&parent=3790"}],"wp:term":[{"taxonomy":"category","embeddable":true,"href":"https:\/\/syri.tv\/index.php?rest_route=%2Fwp%2Fv2%2Fcategories&post=3790"},{"taxonomy":"post_tag","embeddable":true,"href":"https:\/\/syri.tv\/index.php?rest_route=%2Fwp%2Fv2%2Ftags&post=3790"}],"curies":[{"name":"wp","href":"https:\/\/api.w.org\/{rel}","templated":true}]}}