{"id":3786,"date":"2023-06-14T14:14:18","date_gmt":"2023-06-14T14:14:18","guid":{"rendered":"https:\/\/syri.tv\/?p=3786"},"modified":"2023-06-14T14:56:13","modified_gmt":"2023-06-14T14:56:13","slug":"ne-thellesi-te-territorit-te-republikes-se-kosoves-ne-zonen-kufitare-ne-veri-te-vendit-jane-kidnapuar-tre-zyrtare-kufitar-patrullues","status":"publish","type":"post","link":"https:\/\/syri.tv\/?p=3786","title":{"rendered":"N\u00eb thell\u00ebsi t\u00eb territorit t\u00eb Republik\u00ebs s\u00eb Kosov\u00ebs, n\u00eb zon\u00ebn kufitare n\u00eb veri t\u00eb vendit , jan\u00eb kidnapuar tre zyrtar\u00eb kufitar patrullues"},"content":{"rendered":"<p>Policia e Kosov\u00ebs (PK), n\u00eb k\u00ebt\u00eb rast nj\u00ebsia policore patrulluese e kufirit ka qen\u00eb me detyre n\u00eb pik\u00eb statike n\u00eb vendin e quajtur Tresave\/Bare, thell\u00eb brenda n\u00eb territorin e Republik\u00ebs s\u00eb Kosov\u00ebs, p\u00ebr t\u00eb parandaluar shfryt\u00ebzimin e rrug\u00ebve ilegale, t\u00eb cilat shfryt\u00ebzoheshin nga grupet kriminale p\u00ebr kalim ilegal dhe kontraband\u00eb.<\/p>\n<p>&nbsp;<\/p>\n<div class=\"p-blog-single__content h-clearfix\">\n<div class=\"x11i5rnm xat24cr x1mh8g0r x1vvkbs xtlvy1s x126k92a\">\n<div dir=\"auto\"><\/div>\n<\/div>\n<div class=\"x11i5rnm xat24cr x1mh8g0r x1vvkbs xtlvy1s x126k92a\">\n<div dir=\"auto\">Sot, n\u00eb mesdit\u00eb nga nj\u00ebsiti policor i cili ishte n\u00eb p\u00ebrb\u00ebrje prej tre zyrtar\u00ebve kufitar, kan\u00eb njoftuar se n\u00eb af\u00ebrsi t\u00eb pik\u00ebs statike kan\u00eb v\u00ebrejtur persona t\u00eb maskuar dhe t\u00eb armatosur, me k\u00ebt\u00eb rast n\u00eb drejtim t\u00eb k\u00ebsaj pike n\u00eb asistenc\u00eb jan\u00eb nisur nj\u00ebsi shtes\u00eb t\u00eb PK-s\u00eb.<\/div>\n<div dir=\"auto\"><\/div>\n<div dir=\"auto\"><\/div>\n<\/div>\n<div class=\"x11i5rnm xat24cr x1mh8g0r x1vvkbs xtlvy1s x126k92a\">\n<div dir=\"auto\">Me t\u00eb arritur n\u00eb at\u00eb lokacion, nj\u00ebsitet asistuese kan\u00eb v\u00ebrejtur vet\u00ebm vetur\u00ebn zyrtare por jo edhe vet zyrtar\u00ebt policor\u00eb q\u00eb kan\u00eb qen\u00eb me detyr\u00eb n\u00eb at\u00eb lokacion. N\u00eb drejtim t\u00eb k\u00ebtij lokacioni menj\u00ebher\u00eb kan\u00eb shkuar edhe nj\u00ebsite tjera policore, si dhe jan\u00eb informuar edhe institucionet tjera t\u00eb siguris\u00eb, p\u00ebrfshir\u00eb KFOR-in, pasi dyshohet se zyrtar\u00ebt policor jan\u00eb kidnapuar nga forcat serbe.<\/div>\n<div dir=\"auto\"><\/div>\n<\/div>\n<div dir=\"auto\"><\/div>\n<div class=\"x11i5rnm xat24cr x1mh8g0r x1vvkbs xtlvy1s x126k92a\">\n<div dir=\"auto\">Me q\u00ebllim q\u00eb t\u00eb nd\u00ebrmerren veprime konkrete p\u00ebr sigurin\u00eb e zyrtar\u00ebve policor\u00eb q\u00eb dyshohet t\u00eb jen\u00eb kidnapuar nga forcat serbe, jan\u00eb kontaktuar t\u00eb gjitha mekanizmat vendor dhe nd\u00ebrkomb\u00ebtar q\u00eb t\u00eb nj\u00ebjtit t\u00eb lirohen sa m\u00eb par\u00eb dhe t\u00eb kthehen n\u00eb Polici t\u00eb Kosov\u00ebs.<\/div>\n<\/div>\n<div class=\"x11i5rnm xat24cr x1mh8g0r x1vvkbs xtlvy1s x126k92a\">\n<div dir=\"auto\">Po ashtu edhe media t\u00eb ndryshme serbe kan\u00eb raportuar se pjes\u00ebtar\u00ebt e nj\u00ebsiteve speciale serbe, kan\u00eb arrestuar zyrtar\u00ebt e Policis\u00eb s\u00eb Kosov\u00ebs.<\/div>\n<\/div>\n<\/div>\n","protected":false},"excerpt":{"rendered":"<p>Policia e Kosov\u00ebs (PK), n\u00eb k\u00ebt\u00eb rast nj\u00ebsia policore patrulluese e kufirit ka qen\u00eb me detyre n\u00eb pik\u00eb statike n\u00eb vendin e quajtur Tresave\/Bare, thell\u00eb brenda n\u00eb territorin e Republik\u00ebs s\u00eb Kosov\u00ebs, p\u00ebr t\u00eb parandaluar shfryt\u00ebzimin e rrug\u00ebve ilegale, t\u00eb cilat shfryt\u00ebzoheshin nga grupet kriminale p\u00ebr kalim ilegal dhe kontraband\u00eb. &nbsp; Sot, n\u00eb mesdit\u00eb nga [&hellip;]<\/p>\n","protected":false},"author":7,"featured_media":3787,"comment_status":"closed","ping_status":"closed","sticky":false,"template":"","format":"standard","meta":{"footnotes":""},"categories":[9],"tags":[],"class_list":{"0":"post-3786","1":"post","2":"type-post","3":"status-publish","4":"format-standard","5":"has-post-thumbnail","7":"category-vendi"},"_links":{"self":[{"href":"https:\/\/syri.tv\/index.php?rest_route=\/wp\/v2\/posts\/3786","targetHints":{"allow":["GET"]}}],"collection":[{"href":"https:\/\/syri.tv\/index.php?rest_route=\/wp\/v2\/posts"}],"about":[{"href":"https:\/\/syri.tv\/index.php?rest_route=\/wp\/v2\/types\/post"}],"author":[{"embeddable":true,"href":"https:\/\/syri.tv\/index.php?rest_route=\/wp\/v2\/users\/7"}],"replies":[{"embeddable":true,"href":"https:\/\/syri.tv\/index.php?rest_route=%2Fwp%2Fv2%2Fcomments&post=3786"}],"version-history":[{"count":2,"href":"https:\/\/syri.tv\/index.php?rest_route=\/wp\/v2\/posts\/3786\/revisions"}],"predecessor-version":[{"id":3789,"href":"https:\/\/syri.tv\/index.php?rest_route=\/wp\/v2\/posts\/3786\/revisions\/3789"}],"wp:featuredmedia":[{"embeddable":true,"href":"https:\/\/syri.tv\/index.php?rest_route=\/wp\/v2\/media\/3787"}],"wp:attachment":[{"href":"https:\/\/syri.tv\/index.php?rest_route=%2Fwp%2Fv2%2Fmedia&parent=3786"}],"wp:term":[{"taxonomy":"category","embeddable":true,"href":"https:\/\/syri.tv\/index.php?rest_route=%2Fwp%2Fv2%2Fcategories&post=3786"},{"taxonomy":"post_tag","embeddable":true,"href":"https:\/\/syri.tv\/index.php?rest_route=%2Fwp%2Fv2%2Ftags&post=3786"}],"curies":[{"name":"wp","href":"https:\/\/api.w.org\/{rel}","templated":true}]}}