{"id":3775,"date":"2023-06-12T20:55:11","date_gmt":"2023-06-12T20:55:11","guid":{"rendered":"https:\/\/syri.tv\/?p=3775"},"modified":"2023-06-12T20:55:11","modified_gmt":"2023-06-12T20:55:11","slug":"presidentja-osmani-viziton-kombetaren-e-kosoves","status":"publish","type":"post","link":"https:\/\/syri.tv\/?p=3775","title":{"rendered":"Presidentja Osmani viziton Komb\u00ebtaren e Kosov\u00ebs"},"content":{"rendered":"<p>12 qershor, 2023 \u2013 Presidentja e Republik\u00ebs s\u00eb Kosov\u00ebs, Vjosa Osmani e ka zgjedhur pik\u00ebrisht 12 Qershorin \u2013 Dit\u00ebn e \u00c7lirimit t\u00eb vendit p\u00ebr t\u00eb vizituar futbollist\u00ebt dhe stafin e Komb\u00ebtares, n\u00eb prag t\u00eb dy ndeshjeve kualifikuese p\u00ebr Euro 2024, kund\u00ebr Rumanis\u00eb dhe Bjellorusis\u00eb. E para e shtetit fal\u00ebnderoi futbollist\u00ebt dardan\u00eb p\u00ebr p\u00ebrkushtimin e jasht\u00ebzakonsh\u00ebm n\u00eb p\u00ebrfaq\u00ebsimin e shtetit, p\u00ebr t\u00eb cilin ajo tha se \u00ebsht\u00eb sakrifikuar aq shum\u00eb.<\/p>\n<p>\u201cSot \u00ebsht\u00eb nj\u00eb dit\u00eb e r\u00ebnd\u00ebsishme, 12 qershori, dita e liris\u00eb son\u00eb, ku secili prej nesh e kujton at\u00eb sakrific\u00eb. Por nuk ka krenari m\u00eb t\u00eb madhe se sa t\u00eb shoh\u00ebsh secilin prej jush duke e nderuar at\u00eb sakrific\u00eb aq shum\u00eb dhe duke e nderuar Republik\u00ebn dhe flamurin ton\u00eb\u201d, ka theksuar presidentja Osmani.<\/p>\n<p><img loading=\"lazy\" loading=\"lazy\" decoding=\"async\" class=\"alignnone  wp-image-3777\" src=\"https:\/\/syri.tv\/wp-content\/uploads\/2023\/06\/presidentja2-300x191.jpg\" alt=\"\" width=\"600\" height=\"382\" srcset=\"https:\/\/syri.tv\/wp-content\/uploads\/2023\/06\/presidentja2-300x191.jpg 300w, https:\/\/syri.tv\/wp-content\/uploads\/2023\/06\/presidentja2-1024x651.jpg 1024w, https:\/\/syri.tv\/wp-content\/uploads\/2023\/06\/presidentja2-768x488.jpg 768w, https:\/\/syri.tv\/wp-content\/uploads\/2023\/06\/presidentja2-860x547.jpg 860w, https:\/\/syri.tv\/wp-content\/uploads\/2023\/06\/presidentja2.jpg 1200w\" sizes=\"auto, (max-width: 600px) 100vw, 600px\" \/><\/p>\n<p>Ajo i ka inkurajuar futbollist\u00ebt p\u00ebr t\u00eb dh\u00ebn\u00eb m\u00eb t\u00eb mir\u00ebn e tyre n\u00eb ndeshjet e radh\u00ebs, teksa ka th\u00ebn\u00eb se me paraqitjet e tyre ata jan\u00eb shnd\u00ebrruar n\u00eb ambasador\u00eb t\u00eb fuqish\u00ebm t\u00eb Republik\u00ebs.<\/p>\n<p>\u201cNatyrisht presim fitore, por pavar\u00ebsisht rezultatit jemi me juve, pasi ju jeni krenaria e vendit ton\u00eb. E di q\u00eb shum\u00eb prej jush jetoni larg vendit dhe kjo tregon q\u00eb pavar\u00ebsisht sa larg jeni nj\u00eb cop\u00eb Kosove e mbani me vete dhe jeni t\u00eb interesuar n\u00eb fuqizimin e shtetit ton\u00eb p\u00ebrmes sportit, e q\u00eb n\u00eb k\u00ebt\u00eb m\u00ebnyr\u00eb jeni shnd\u00ebrruar n\u00eb ambasador\u00eb jasht\u00ebzakonisht t\u00eb fuqish\u00ebm t\u00eb Kosov\u00ebs. Ne b\u00ebjm\u00eb tifo p\u00ebr ju jo vet\u00ebm kur jeni n\u00eb komb\u00ebtare, por edhe n\u00eb klubet e juaja\u201d, ka shtuar e para e shtetit.<\/p>\n<p><img loading=\"lazy\" loading=\"lazy\" decoding=\"async\" class=\"alignnone  wp-image-3778\" src=\"https:\/\/syri.tv\/wp-content\/uploads\/2023\/06\/presidentja1-300x199.jpg\" alt=\"\" width=\"600\" height=\"398\" srcset=\"https:\/\/syri.tv\/wp-content\/uploads\/2023\/06\/presidentja1-300x199.jpg 300w, https:\/\/syri.tv\/wp-content\/uploads\/2023\/06\/presidentja1-1024x678.jpg 1024w, https:\/\/syri.tv\/wp-content\/uploads\/2023\/06\/presidentja1-768x508.jpg 768w, https:\/\/syri.tv\/wp-content\/uploads\/2023\/06\/presidentja1-330x220.jpg 330w, https:\/\/syri.tv\/wp-content\/uploads\/2023\/06\/presidentja1-420x280.jpg 420w, https:\/\/syri.tv\/wp-content\/uploads\/2023\/06\/presidentja1-860x569.jpg 860w, https:\/\/syri.tv\/wp-content\/uploads\/2023\/06\/presidentja1.jpg 1200w\" sizes=\"auto, (max-width: 600px) 100vw, 600px\" \/><\/p>\n<p>Nd\u00ebrkaq, presidenti i FFK-s\u00eb, Agim Ademi, duke e fal\u00ebnderuar presidenten Osmani p\u00ebr vizit\u00ebn dhe p\u00ebrkrahjen e vazhdueshme ndaj futbollit theksoi se djemt\u00eb dardan\u00eb jan\u00eb t\u00eb gatsh\u00ebm p\u00ebr t\u00eb dh\u00ebn\u00eb maksimumin e tyre n\u00eb fush\u00eb dhe p\u00ebr ta kualifikuar Kosov\u00ebn n\u00eb Evropian.<\/p>\n<p>&nbsp;<\/p>\n","protected":false},"excerpt":{"rendered":"<p>12 qershor, 2023 \u2013 Presidentja e Republik\u00ebs s\u00eb Kosov\u00ebs, Vjosa Osmani e ka zgjedhur pik\u00ebrisht 12 Qershorin \u2013 Dit\u00ebn e \u00c7lirimit t\u00eb vendit p\u00ebr t\u00eb vizituar futbollist\u00ebt dhe stafin e Komb\u00ebtares, n\u00eb prag t\u00eb dy ndeshjeve kualifikuese p\u00ebr Euro 2024, kund\u00ebr Rumanis\u00eb dhe Bjellorusis\u00eb. E para e shtetit fal\u00ebnderoi futbollist\u00ebt dardan\u00eb p\u00ebr p\u00ebrkushtimin e jasht\u00ebzakonsh\u00ebm [&hellip;]<\/p>\n","protected":false},"author":7,"featured_media":3776,"comment_status":"closed","ping_status":"closed","sticky":false,"template":"","format":"standard","meta":{"footnotes":""},"categories":[106,9],"tags":[],"class_list":{"0":"post-3775","1":"post","2":"type-post","3":"status-publish","4":"format-standard","5":"has-post-thumbnail","7":"category-sport","8":"category-vendi"},"_links":{"self":[{"href":"https:\/\/syri.tv\/index.php?rest_route=\/wp\/v2\/posts\/3775","targetHints":{"allow":["GET"]}}],"collection":[{"href":"https:\/\/syri.tv\/index.php?rest_route=\/wp\/v2\/posts"}],"about":[{"href":"https:\/\/syri.tv\/index.php?rest_route=\/wp\/v2\/types\/post"}],"author":[{"embeddable":true,"href":"https:\/\/syri.tv\/index.php?rest_route=\/wp\/v2\/users\/7"}],"replies":[{"embeddable":true,"href":"https:\/\/syri.tv\/index.php?rest_route=%2Fwp%2Fv2%2Fcomments&post=3775"}],"version-history":[{"count":1,"href":"https:\/\/syri.tv\/index.php?rest_route=\/wp\/v2\/posts\/3775\/revisions"}],"predecessor-version":[{"id":3779,"href":"https:\/\/syri.tv\/index.php?rest_route=\/wp\/v2\/posts\/3775\/revisions\/3779"}],"wp:featuredmedia":[{"embeddable":true,"href":"https:\/\/syri.tv\/index.php?rest_route=\/wp\/v2\/media\/3776"}],"wp:attachment":[{"href":"https:\/\/syri.tv\/index.php?rest_route=%2Fwp%2Fv2%2Fmedia&parent=3775"}],"wp:term":[{"taxonomy":"category","embeddable":true,"href":"https:\/\/syri.tv\/index.php?rest_route=%2Fwp%2Fv2%2Fcategories&post=3775"},{"taxonomy":"post_tag","embeddable":true,"href":"https:\/\/syri.tv\/index.php?rest_route=%2Fwp%2Fv2%2Ftags&post=3775"}],"curies":[{"name":"wp","href":"https:\/\/api.w.org\/{rel}","templated":true}]}}